{"id":11189,"date":"2025-03-18T19:51:55","date_gmt":"2025-03-18T22:51:55","guid":{"rendered":"https:\/\/balancotocantins.com.br\/deputado-alexandre-guimaraes-reforca-importancia-da-cop30-em-encontro-com-parlamentares-sobre-o-evento\/"},"modified":"2025-03-23T19:57:32","modified_gmt":"2025-03-23T22:57:32","slug":"deputado-alexandre-guimaraes-reforca-importancia-da-cop30-em-encontro-com-parlamentares-sobre-o-evento","status":"publish","type":"post","link":"https:\/\/balancotocantins.com.br\/?p=11189","title":{"rendered":"Deputado Alexandre Guimar\u00e3es refor\u00e7a import\u00e2ncia da COP30 em encontro com parlamentares sobre o evento"},"content":{"rendered":"<p><\/p>\n<p>Em um esfor\u00e7o para fortalecer o apoio ao projeto da COP30, o deputado federal Alexandre Guimar\u00e3es, vice-presidente da Frente Parlamentar da COP30, participou nesta ter\u00e7a-feira, 18, de um encontro com diversos parlamentares, que teve como objetivo destacar a import\u00e2ncia da Confer\u00eancia das Partes (COP30), o maior evento mundial voltado \u00e0s mudan\u00e7as clim\u00e1ticas, que ser\u00e1 sediado em Bel\u00e9m, Par\u00e1, em novembro de 2025.<\/p>\n<p>Durante a reuni\u00e3o, Alexandre Guimar\u00e3es enfatizou a necessidade de engajamento dos parlamentares na promo\u00e7\u00e3o e prepara\u00e7\u00e3o para a COP30. Ele ressaltou que o evento representa uma oportunidade \u00fanica para o Brasil demonstrar seu compromisso com as quest\u00f5es ambientais globais e fortalecer pol\u00edticas p\u00fablicas voltadas \u00e0 sustentabilidade.<\/p>\n<p>&#8220;Este di\u00e1logo com os colegas parlamentares \u00e9 fundamental para refor\u00e7armos a relev\u00e2ncia da COP30. Precisamos unir esfor\u00e7os para garantir que o Brasil esteja preparado para receber este evento de magnitude internacional e para que possamos avan\u00e7ar em nossas agendas ambientais&#8221;, afirmou o deputado.<\/p>\n<\/p>\n<p><strong>Sobre a COP30<\/strong><\/p>\n<p>A 30\u00aa Confer\u00eancia das Partes (COP30) \u00e9 uma reuni\u00e3o anual organizada pela Conven\u00e7\u00e3o-Quadro das Na\u00e7\u00f5es Unidas sobre Mudan\u00e7a do Clima (UNFCCC), que re\u00fane l\u00edderes globais, especialistas e representantes da sociedade civil para discutir e negociar a\u00e7\u00f5es relacionadas \u00e0s mudan\u00e7as clim\u00e1ticas.<\/p>\n<p>A COP30 est\u00e1 programada para ocorrer de 10 a 21 de novembro de 2025, na cidade de Bel\u00e9m, capital do estado do Par\u00e1, Brasil.<\/p>\n<p><strong>Temas Principais:<\/strong><\/p>\n<p>Redu\u00e7\u00e3o de emiss\u00f5es de gases de efeito estufa.<\/p>\n<p>Adapta\u00e7\u00e3o \u00e0s mudan\u00e7as clim\u00e1ticas.<\/p>\n<p>Financiamento clim\u00e1tico para pa\u00edses em desenvolvimento.<\/p>\n<p>Tecnologias de energia renov\u00e1vel e solu\u00e7\u00f5es de baixo carbono.<\/p>\n<p>Preserva\u00e7\u00e3o de florestas e biodiversidade.<\/p>\n<p>Justi\u00e7a clim\u00e1tica e os impactos sociais das mudan\u00e7as clim\u00e1ticas.<\/p>\n<p><strong>Objetivos:<\/strong> Discutir a atual conjuntura clim\u00e1tica, buscar solu\u00e7\u00f5es para combat\u00ea-la, revisar planos e metas e estabelecer novos compromissos globais para a mitiga\u00e7\u00e3o e adapta\u00e7\u00e3o \u00e0s mudan\u00e7as clim\u00e1ticas.<\/p>\n<p>A escolha de Bel\u00e9m como sede da COP30 destaca a import\u00e2ncia da Amaz\u00f4nia no contexto das mudan\u00e7as clim\u00e1ticas globais e oferece uma oportunidade para o Brasil mostrar seus esfor\u00e7os na preserva\u00e7\u00e3o ambiental e no desenvolvimento sustent\u00e1vel da regi\u00e3o.<\/p>\n<p>&nbsp;<\/p>\n<p>O post Deputado Alexandre Guimar\u00e3es refor\u00e7a import\u00e2ncia da COP30 em encontro com parlamentares sobre o evento apareceu primeiro em RR10 Not\u00edcias.<\/p>\n<p><a href=\"https:\/\/rr10noticias.com.br\/deputado-alexandre-guimaraes-reforca-importancia-da-cop30-em-encontro-com-parlamentares-sobre-o-evento\/\">Fonte: RR10 Not\u00edcias<\/a><\/p>\n","protected":false},"excerpt":{"rendered":"<p>Em um esfor\u00e7o para fortalecer o apoio ao projeto da COP30, o deputado federal Alexandre Guimar\u00e3es, vice-presidente da Frente Parlamentar da COP30, participou nesta ter\u00e7a-feira, 18, de um encontro com diversos parlamentares, que teve como objetivo destacar a import\u00e2ncia da Confer\u00eancia das Partes (COP30), o maior evento mundial voltado \u00e0s mudan\u00e7as clim\u00e1ticas, que ser\u00e1 sediado [&hellip;]<\/p>\n","protected":false},"author":1,"featured_media":11190,"comment_status":"open","ping_status":"open","sticky":false,"template":"","format":"standard","meta":{"fifu_image_url":"https:\/\/i0.wp.com\/rr10noticias.com.br\/wp-content\/uploads\/2025\/03\/IMG-20250318-WA0210.jpg?fit=970%2C678&ssl=1","fifu_image_alt":"","footnotes":""},"categories":[593],"tags":[1428,8537,1035,1902,2133,8536,225,38,1026,7500,66],"class_list":{"0":"post-11189","1":"post","2":"type-post","3":"status-publish","4":"format-standard","5":"has-post-thumbnail","7":"category-policia","8":"tag-alexandre","9":"tag-cop30","10":"tag-deputado","11":"tag-encontro","12":"tag-evento","13":"tag-guimaraes","14":"tag-importancia","15":"tag-parlamentares","16":"tag-reforca","17":"tag-rr10-noticias","18":"tag-sobre"},"_links":{"self":[{"href":"https:\/\/balancotocantins.com.br\/index.php?rest_route=\/wp\/v2\/posts\/11189","targetHints":{"allow":["GET"]}}],"collection":[{"href":"https:\/\/balancotocantins.com.br\/index.php?rest_route=\/wp\/v2\/posts"}],"about":[{"href":"https:\/\/balancotocantins.com.br\/index.php?rest_route=\/wp\/v2\/types\/post"}],"author":[{"embeddable":true,"href":"https:\/\/balancotocantins.com.br\/index.php?rest_route=\/wp\/v2\/users\/1"}],"replies":[{"embeddable":true,"href":"https:\/\/balancotocantins.com.br\/index.php?rest_route=%2Fwp%2Fv2%2Fcomments&post=11189"}],"version-history":[{"count":1,"href":"https:\/\/balancotocantins.com.br\/index.php?rest_route=\/wp\/v2\/posts\/11189\/revisions"}],"predecessor-version":[{"id":11191,"href":"https:\/\/balancotocantins.com.br\/index.php?rest_route=\/wp\/v2\/posts\/11189\/revisions\/11191"}],"wp:featuredmedia":[{"embeddable":true,"href":"https:\/\/balancotocantins.com.br\/index.php?rest_route=\/wp\/v2\/media\/11190"}],"wp:attachment":[{"href":"https:\/\/balancotocantins.com.br\/index.php?rest_route=%2Fwp%2Fv2%2Fmedia&parent=11189"}],"wp:term":[{"taxonomy":"category","embeddable":true,"href":"https:\/\/balancotocantins.com.br\/index.php?rest_route=%2Fwp%2Fv2%2Fcategories&post=11189"},{"taxonomy":"post_tag","embeddable":true,"href":"https:\/\/balancotocantins.com.br\/index.php?rest_route=%2Fwp%2Fv2%2Ftags&post=11189"}],"curies":[{"name":"wp","href":"https:\/\/api.w.org\/{rel}","templated":true}]}}