{"id":11577,"date":"2025-04-24T10:12:23","date_gmt":"2025-04-24T13:12:23","guid":{"rendered":"https:\/\/balancotocantins.com.br\/?p=11577"},"modified":"2025-04-24T10:12:27","modified_gmt":"2025-04-24T13:12:27","slug":"prefeitura-de-palmas-propoe-ser-cidade-piloto-em-nova-politica-industrial-do-governo-federal","status":"publish","type":"post","link":"https:\/\/balancotocantins.com.br\/?p=11577","title":{"rendered":"Prefeitura de Palmas prop\u00f5e ser cidade-piloto em nova pol\u00edtica industrial do governo federal"},"content":{"rendered":"<p>Em alinhamento com o plano de gest\u00e3o do prefeito Eduardo Siqueira Campos, o secret\u00e1rio municipal de Desenvolvimento Econ\u00f4mico e Empreendedorismo (Sedeem), Henrique Nesello, acompanhado pelo executivo da pasta, Fredson Rocha, realizou uma s\u00e9rie de visitas institucionais em Bras\u00edlia desde a \u00faltima ter\u00e7a-feira, 22. A principal pauta foi a entrega, nesta quarta-feira, 23, de um conjunto de propostas ao vice-presidente da Rep\u00fablica e ministro do Desenvolvimento, Ind\u00fastria, Com\u00e9rcio e Servi\u00e7os (MDIC), Geraldo Alckmin. O objetivo \u00e9 transformar Palmas em cidade-piloto do programa Nova Ind\u00fastria Brasil (NIB), pol\u00edtica industrial lan\u00e7ada pelo governo federal com foco em inova\u00e7\u00e3o, sustentabilidade e inclus\u00e3o produtiva.<\/p>\n<p>Com vistas a consolidar Palmas como um polo de desenvolvimento econ\u00f4mico sustent\u00e1vel no Norte do Pa\u00eds, a comitiva da Prefeitura esteve em di\u00e1logo com os senadores Professora Dorinha, Iraj\u00e1 Silvestre e Eduardo Gomes. Tamb\u00e9m houve audi\u00eancia com o deputado federal Vicentinho J\u00fanior para o alinhamento de projetos priorit\u00e1rios \u00e0 capital tocantinense.<\/p>\n<p>Entre as propostas apresentadas ao vice-presidente, destacam-se a cria\u00e7\u00e3o do Polo Farmac\u00eautico e de Sa\u00fade Industrial da Amaz\u00f4nia Legal; o reconhecimento de Palmas como a Capital da Liberdade Econ\u00f4mica; a implementa\u00e7\u00e3o do Programa Municipal de Qualifica\u00e7\u00e3o Profissional voltado \u00e0 Nova Ind\u00fastria; o projeto Construa Palmas \u2014 voltado \u00e0 moderniza\u00e7\u00e3o do licenciamento urbano e ambiental; e a reestrutura\u00e7\u00e3o da pr\u00f3pria Secretaria Municipal de Desenvolvimento Econ\u00f4mico.<\/p>\n<p>Segundo o secret\u00e1rio Henrique Nesello, as propostas entregues marcam uma nova etapa no fortalecimento da economia da capital. \u201cNossa cidade vive um novo ciclo de planejamento e transforma\u00e7\u00e3o urbana e econ\u00f4mica gra\u00e7as ao plano de governo da gest\u00e3o Eduardo Siqueira Campos. Estamos preparados para liderar um modelo de desenvolvimento produtivo e sustent\u00e1vel na regi\u00e3o Norte do Pa\u00eds\u201d, afirmou.<\/p>\n<p>A expectativa \u00e9 que, com o suporte t\u00e9cnico e institucional do governo federal, Palmas consolide-se como refer\u00eancia nacional em pol\u00edticas p\u00fablicas voltadas ao desenvolvimento regional. As articula\u00e7\u00f5es na capital federal contaram ainda com o respaldo do secret\u00e1rio de Representa\u00e7\u00e3o em Bras\u00edlia, Vicentinho Alves, do executivo Rafael Drumond e do vereador Carlos Amastha, que acompanharam a agenda.<\/p>\n<p>&nbsp;<\/p>\n","protected":false},"excerpt":{"rendered":"<p>Prefeitura de Palmas apresenta proposta ao vice-presidente da Rep\u00fablica e busca se tornar cidade-piloto da Nova Ind\u00fastria Brasil. |Foto:\u00a0Reprodu\u00e7\u00e3o<\/p>\n","protected":false},"author":1,"featured_media":11579,"comment_status":"open","ping_status":"closed","sticky":false,"template":"","format":"standard","meta":{"fifu_image_url":"","fifu_image_alt":"","footnotes":""},"categories":[1300],"tags":[8692,2562,837,53,8693,86,215],"class_list":{"0":"post-11577","1":"post","2":"type-post","3":"status-publish","4":"format-standard","5":"has-post-thumbnail","7":"category-economia","8":"tag-cidade-piloto","9":"tag-governo-federal","10":"tag-nova","11":"tag-palmas","12":"tag-politica-industrial","13":"tag-prefeitura","14":"tag-propoe"},"_links":{"self":[{"href":"https:\/\/balancotocantins.com.br\/index.php?rest_route=\/wp\/v2\/posts\/11577","targetHints":{"allow":["GET"]}}],"collection":[{"href":"https:\/\/balancotocantins.com.br\/index.php?rest_route=\/wp\/v2\/posts"}],"about":[{"href":"https:\/\/balancotocantins.com.br\/index.php?rest_route=\/wp\/v2\/types\/post"}],"author":[{"embeddable":true,"href":"https:\/\/balancotocantins.com.br\/index.php?rest_route=\/wp\/v2\/users\/1"}],"replies":[{"embeddable":true,"href":"https:\/\/balancotocantins.com.br\/index.php?rest_route=%2Fwp%2Fv2%2Fcomments&post=11577"}],"version-history":[{"count":1,"href":"https:\/\/balancotocantins.com.br\/index.php?rest_route=\/wp\/v2\/posts\/11577\/revisions"}],"predecessor-version":[{"id":11578,"href":"https:\/\/balancotocantins.com.br\/index.php?rest_route=\/wp\/v2\/posts\/11577\/revisions\/11578"}],"wp:featuredmedia":[{"embeddable":true,"href":"https:\/\/balancotocantins.com.br\/index.php?rest_route=\/wp\/v2\/media\/11579"}],"wp:attachment":[{"href":"https:\/\/balancotocantins.com.br\/index.php?rest_route=%2Fwp%2Fv2%2Fmedia&parent=11577"}],"wp:term":[{"taxonomy":"category","embeddable":true,"href":"https:\/\/balancotocantins.com.br\/index.php?rest_route=%2Fwp%2Fv2%2Fcategories&post=11577"},{"taxonomy":"post_tag","embeddable":true,"href":"https:\/\/balancotocantins.com.br\/index.php?rest_route=%2Fwp%2Fv2%2Ftags&post=11577"}],"curies":[{"name":"wp","href":"https:\/\/api.w.org\/{rel}","templated":true}]}}