{"id":11693,"date":"2025-05-05T09:38:13","date_gmt":"2025-05-05T12:38:13","guid":{"rendered":"https:\/\/balancotocantins.com.br\/?p=11693"},"modified":"2025-05-05T09:38:18","modified_gmt":"2025-05-05T12:38:18","slug":"palmas-e-a-terceira-capital-mais-arborizada-do-brasil-aponta-ibge","status":"publish","type":"post","link":"https:\/\/balancotocantins.com.br\/?p=11693","title":{"rendered":"Palmas \u00e9 a terceira capital mais arborizada do Brasil, aponta IBGE"},"content":{"rendered":"<p class=\"\" data-start=\"178\" data-end=\"605\">Palmas conquistou o posto de terceira capital mais arborizada do Brasil, de acordo com dados divulgados no dia 17 pela pesquisa <em data-start=\"306\" data-end=\"362\">Caracter\u00edsticas Urban\u00edsticas do Entorno dos Domic\u00edlios<\/em>, realizada pelo Instituto Brasileiro de Geografia e Estat\u00edstica (IBGE). O levantamento integra o Censo Demogr\u00e1fico 2022 e revela que a capital do Tocantins apresenta 88,7% de seus habitantes vivendo em \u00e1reas com presen\u00e7a de \u00e1rvores plantadas.<\/p>\n<p class=\"\" data-start=\"607\" data-end=\"744\">No ranking nacional, Palmas \u00e9 precedida apenas por Campo Grande (MS), que lidera com 91,4%, e Goi\u00e2nia (GO), em segundo lugar, com 89,6%.<\/p>\n<p class=\"\" data-start=\"746\" data-end=\"1015\">O estudo ainda aponta que, no cen\u00e1rio nacional, 114,9 milh\u00f5es de brasileiros \u2014 o equivalente a 66% da popula\u00e7\u00e3o entrevistada \u2014 residem em locais onde h\u00e1 arboriza\u00e7\u00e3o. Em contrapartida, 58,7 milh\u00f5es de pessoas (33,7%) vivem em ruas sem qualquer tipo de cobertura arb\u00f3rea.<\/p>\n<p class=\"\" data-start=\"1017\" data-end=\"1195\">Os dados refor\u00e7am a import\u00e2ncia da arboriza\u00e7\u00e3o urbana para a qualidade de vida, especialmente em tempos de aumento das temperaturas e desafios ambientais nas cidades brasileiras.<\/p>\n","protected":false},"excerpt":{"rendered":"<p>Os dados refor\u00e7am a import\u00e2ncia da arboriza\u00e7\u00e3o urbana para a qualidade de vida. |Foto: Reprodu\u00e7\u00e3o <\/p>\n","protected":false},"author":1,"featured_media":11695,"comment_status":"open","ping_status":"closed","sticky":false,"template":"","format":"standard","meta":{"fifu_image_url":"","fifu_image_alt":"","footnotes":""},"categories":[7545],"tags":[8750,303,1043,2795,2000,53,955,5145],"class_list":["post-11693","post","type-post","status-publish","format-standard","has-post-thumbnail","category-meio-ambiente","tag-arborizada","tag-brasil","tag-capa","tag-capital","tag-ibge","tag-palmas","tag-ranking","tag-terceira"],"_links":{"self":[{"href":"https:\/\/balancotocantins.com.br\/index.php?rest_route=\/wp\/v2\/posts\/11693","targetHints":{"allow":["GET"]}}],"collection":[{"href":"https:\/\/balancotocantins.com.br\/index.php?rest_route=\/wp\/v2\/posts"}],"about":[{"href":"https:\/\/balancotocantins.com.br\/index.php?rest_route=\/wp\/v2\/types\/post"}],"author":[{"embeddable":true,"href":"https:\/\/balancotocantins.com.br\/index.php?rest_route=\/wp\/v2\/users\/1"}],"replies":[{"embeddable":true,"href":"https:\/\/balancotocantins.com.br\/index.php?rest_route=%2Fwp%2Fv2%2Fcomments&post=11693"}],"version-history":[{"count":1,"href":"https:\/\/balancotocantins.com.br\/index.php?rest_route=\/wp\/v2\/posts\/11693\/revisions"}],"predecessor-version":[{"id":11694,"href":"https:\/\/balancotocantins.com.br\/index.php?rest_route=\/wp\/v2\/posts\/11693\/revisions\/11694"}],"wp:featuredmedia":[{"embeddable":true,"href":"https:\/\/balancotocantins.com.br\/index.php?rest_route=\/wp\/v2\/media\/11695"}],"wp:attachment":[{"href":"https:\/\/balancotocantins.com.br\/index.php?rest_route=%2Fwp%2Fv2%2Fmedia&parent=11693"}],"wp:term":[{"taxonomy":"category","embeddable":true,"href":"https:\/\/balancotocantins.com.br\/index.php?rest_route=%2Fwp%2Fv2%2Fcategories&post=11693"},{"taxonomy":"post_tag","embeddable":true,"href":"https:\/\/balancotocantins.com.br\/index.php?rest_route=%2Fwp%2Fv2%2Ftags&post=11693"}],"curies":[{"name":"wp","href":"https:\/\/api.w.org\/{rel}","templated":true}]}}