{"id":11730,"date":"2025-05-05T19:10:13","date_gmt":"2025-05-05T22:10:13","guid":{"rendered":"https:\/\/balancotocantins.com.br\/?p=11730"},"modified":"2025-05-05T19:10:18","modified_gmt":"2025-05-05T22:10:18","slug":"culto-alcance-almas-reune-fieis-em-noite-memoravel-e-leva-52-pessoas-a-decisao-por-cristo-em-gurupi","status":"publish","type":"post","link":"https:\/\/balancotocantins.com.br\/?p=11730","title":{"rendered":"Culto \u201cAlcance Almas\u201d re\u00fane fi\u00e9is em noite memor\u00e1vel e leva 52 pessoas \u00e0 decis\u00e3o por Cristo em Gurupi"},"content":{"rendered":"<p>Em uma noite marcada por profunda como\u00e7\u00e3o espiritual e alegria comunit\u00e1ria, a Catedral das Assembleias de Deus \u2013 Minist\u00e9rio de Madureira, em Gurupi, foi palco de um dos momentos mais impactantes do ano: o culto evangel\u00edstico \u201cAlcance Almas\u201d. Realizado no domingo, 27 de abril, o evento reuniu centenas de pessoas sob a lideran\u00e7a do Pastor Antonio Baltazar Cardoso de Oliveira, presidente do Campo, e teve como foco central a proclama\u00e7\u00e3o do evangelho e o acolhimento de visitantes n\u00e3o evang\u00e9licos.<\/p>\n<p>F\u00e9 em movimento: louvor, palavra e transforma\u00e7\u00e3o<\/p>\n<p>Sob a condu\u00e7\u00e3o do pastor Jos\u00e9 Wanderson, 1\u00ba vice-presidente do Campo, a ministra\u00e7\u00e3o da noite reverberou nos cora\u00e7\u00f5es com intensidade e clareza. O ambiente de louvor e entrega espiritual preparou o terreno para uma colheita significativa: 52 pessoas decidiram entregar suas vidas a Cristo. Em meio a l\u00e1grimas e c\u00e2nticos, a igreja celebrou cada nova vida com j\u00fabilo, evidenciando o mover de Deus de forma vis\u00edvel e poderosa.<\/p>\n<p><img loading=\"lazy\" loading=\"lazy\" decoding=\"async\" class=\"alignnone size-medium wp-image-2977\" src=\"https:\/\/balancotocantins.com.br\/wp-content\/uploads\/2025\/05\/Catedral-IAD-3-1200x675-1.jpg\" alt=\"\" width=\"300\" height=\"169\" \/><\/p>\n<p>Grupos Familiares: o motor da mobiliza\u00e7\u00e3o evangel\u00edstica<\/p>\n<p>O sucesso do culto foi resultado direto da articula\u00e7\u00e3o dos Grupos Familiares \u2013 os Territ\u00f3rios \u2013 coordenados pelo Pastor Hartaxerxes Rocha, 2\u00ba vice-presidente do Campo. A estrat\u00e9gia de evangelismo relacional, pautada no convite pessoal e no acolhimento fraterno, mobilizou toda a igreja. Aproximadamente 400 convidados n\u00e3o evang\u00e9licos foram recebidos com hospitalidade e participaram de um momento especial de comunh\u00e3o ao final do culto.<\/p>\n<p>\u201cFoi uma noite marcante. A igreja se envolveu de forma extraordin\u00e1ria. Cada mesa foi um ponto de contato, um espa\u00e7o de cuidado e evangelismo. O pastor Baltazar fez quest\u00e3o de ir de mesa em mesa, conversando, ouvindo e aben\u00e7oando cada visitante. E o mais importante: 52 pessoas se renderam ao Senhor. J\u00e1 iniciamos o processo de acompanhamento e discipulado dessas vidas rumo ao batismo. Foi uma b\u00ean\u00e7\u00e3o completa\u201d, destacou o Pastor Hartaxerxes.<\/p>\n<p>Projetos em expans\u00e3o e um horizonte promissor<\/p>\n<p>Embora esta tenha sido a primeira edi\u00e7\u00e3o do \u201cAlcance Almas\u201d realizada na Catedral, outras iniciativas semelhantes j\u00e1 haviam ocorrido no Templo Matriz, todas com resultados igualmente expressivos. Segundo Hartaxerxes, a continuidade e a expans\u00e3o do projeto s\u00e3o inevit\u00e1veis. \u201cDeus tem nos surpreendido a cada encontro. Os Grupos Familiares s\u00e3o uma ferramenta viva de evangeliza\u00e7\u00e3o. E novos projetos j\u00e1 est\u00e3o sendo desenhados para alcan\u00e7ar ainda mais vidas em Gurupi e regi\u00e3o\u201d, afirmou.<\/p>\n<p>Uma vis\u00e3o que se concretiza: \u201cDeus superou nossas expectativas\u201d<\/p>\n<p>Para o Pastor Antonio Baltazar, a realiza\u00e7\u00e3o do culto foi o cumprimento de uma vis\u00e3o cultivada em ora\u00e7\u00e3o. \u201cVer a igreja mobilizada, os visitantes acolhidos com tanto carinho e vidas se rendendo ao Senhor foi a materializa\u00e7\u00e3o de tudo o que oramos e planejamos. Superamos as expectativas humanas e glorificamos ao Senhor por tudo\u201d, declarou com gratid\u00e3o.<\/p>\n<p><img loading=\"lazy\" loading=\"lazy\" decoding=\"async\" class=\"alignnone size-medium wp-image-2978\" src=\"https:\/\/balancotocantins.com.br\/wp-content\/uploads\/2025\/05\/b3ddec28-f047-4ae5-a008-85f074793ca8-300x212.jpeg\" alt=\"\" width=\"300\" height=\"212\" \/><\/p>\n<p>O l\u00edder ainda deixou um convite aberto \u00e0 comunidade: \u201cSe voc\u00ea n\u00e3o p\u00f4de estar presente, n\u00e3o perca as pr\u00f3ximas oportunidades. Traga algu\u00e9m que voc\u00ea ama. O culto \u2018Alcance Almas\u2019 \u00e9 uma experi\u00eancia de f\u00e9, comunh\u00e3o e renovo. E, como nesta \u00faltima edi\u00e7\u00e3o, sempre encerramos com um momento de confraterniza\u00e7\u00e3o \u00e0 mesa, fortalecendo os la\u00e7os e o prop\u00f3sito do evangelho\u201d.<\/p>\n","protected":false},"excerpt":{"rendered":"<p>Em uma noite marcada por profunda como\u00e7\u00e3o espiritual e alegria comunit\u00e1ria, a Catedral das Assembleias de Deus \u2013 Minist\u00e9rio de Madureira, em Gurupi, foi palco de um dos momentos mais impactantes do ano: o culto evangel\u00edstico \u201cAlcance Almas\u201d. Realizado no domingo, 27 de abril, o evento reuniu centenas de pessoas sob a lideran\u00e7a do Pastor [&hellip;]<\/p>\n","protected":false},"author":1,"featured_media":11732,"comment_status":"open","ping_status":"closed","sticky":false,"template":"","format":"standard","meta":{"fifu_image_url":"","fifu_image_alt":"","footnotes":""},"categories":[4200],"tags":[8768,8770,8769],"class_list":{"0":"post-11730","1":"post","2":"type-post","3":"status-publish","4":"format-standard","5":"has-post-thumbnail","7":"category-noticias","8":"tag-alcance-almas","9":"tag-gurupi-to","10":"tag-mobilizacao-evangelistica"},"_links":{"self":[{"href":"https:\/\/balancotocantins.com.br\/index.php?rest_route=\/wp\/v2\/posts\/11730","targetHints":{"allow":["GET"]}}],"collection":[{"href":"https:\/\/balancotocantins.com.br\/index.php?rest_route=\/wp\/v2\/posts"}],"about":[{"href":"https:\/\/balancotocantins.com.br\/index.php?rest_route=\/wp\/v2\/types\/post"}],"author":[{"embeddable":true,"href":"https:\/\/balancotocantins.com.br\/index.php?rest_route=\/wp\/v2\/users\/1"}],"replies":[{"embeddable":true,"href":"https:\/\/balancotocantins.com.br\/index.php?rest_route=%2Fwp%2Fv2%2Fcomments&post=11730"}],"version-history":[{"count":1,"href":"https:\/\/balancotocantins.com.br\/index.php?rest_route=\/wp\/v2\/posts\/11730\/revisions"}],"predecessor-version":[{"id":11731,"href":"https:\/\/balancotocantins.com.br\/index.php?rest_route=\/wp\/v2\/posts\/11730\/revisions\/11731"}],"wp:featuredmedia":[{"embeddable":true,"href":"https:\/\/balancotocantins.com.br\/index.php?rest_route=\/wp\/v2\/media\/11732"}],"wp:attachment":[{"href":"https:\/\/balancotocantins.com.br\/index.php?rest_route=%2Fwp%2Fv2%2Fmedia&parent=11730"}],"wp:term":[{"taxonomy":"category","embeddable":true,"href":"https:\/\/balancotocantins.com.br\/index.php?rest_route=%2Fwp%2Fv2%2Fcategories&post=11730"},{"taxonomy":"post_tag","embeddable":true,"href":"https:\/\/balancotocantins.com.br\/index.php?rest_route=%2Fwp%2Fv2%2Ftags&post=11730"}],"curies":[{"name":"wp","href":"https:\/\/api.w.org\/{rel}","templated":true}]}}