{"id":11736,"date":"2025-05-05T12:20:54","date_gmt":"2025-05-05T15:20:54","guid":{"rendered":"https:\/\/balancotocantins.com.br\/amelio-cayres-visita-municipios-das-serras-gerais-e-destaca-forca-do-turismo-no-sudeste-do-tocantins\/"},"modified":"2025-05-05T21:17:06","modified_gmt":"2025-05-06T00:17:06","slug":"amelio-cayres-visita-municipios-das-serras-gerais-e-destaca-forca-do-turismo-no-sudeste-do-tocantins","status":"publish","type":"post","link":"https:\/\/balancotocantins.com.br\/?p=11736","title":{"rendered":"Am\u00e9lio Cayres visita munic\u00edpios das Serras Gerais e destaca for\u00e7a do turismo no sudeste do Tocantins"},"content":{"rendered":"<p><\/p>\n<div>\n<p>Durante o feriado prolongado, o presidente da Assembleia Legislativa do Tocantins, deputado Am\u00e9lio Cayres (Republicanos), esteve em visita aos munic\u00edpios da regi\u00e3o das Serras Gerais, no sudeste do Estado, refor\u00e7ando o compromisso com o fortalecimento do turismo como motor de desenvolvimento econ\u00f4mico e cultural.<\/p>\n<p>Acompanhado do governador Wanderlei Barbosa e de uma comitiva de autoridades, Am\u00e9lio percorreu cidades como Aurora do Tocantins, Novo Jardim, Taguatinga e Ponte Alta do Bom Jesus. Em cada parada, o parlamentar se reuniu com prefeitos e lideran\u00e7as locais, participando de programa\u00e7\u00f5es voltadas \u00e0 valoriza\u00e7\u00e3o dos atrativos naturais e ao incentivo ao turismo regional.<\/p>\n<p>\u201c\u00c9 fundamental conhecermos de perto as riquezas de cada munic\u00edpio e dialogarmos com os gestores locais. As Serras Gerais representam um verdadeiro patrim\u00f4nio tocantinense e v\u00eam impulsionando o desenvolvimento com suas rotas tur\u00edsticas e expedi\u00e7\u00f5es\u201d, ressaltou Cayres.<\/p>\n<p>Em Aurora, ao lado do prefeito Edson Neiva e do governador, o deputado visitou pontos tur\u00edsticos como o Rio Azuis, Balne\u00e1rio Douradas e as praias do Pequizeiro e do Pu\u00e7a. Em Novo Jardim, encontrou-se com a prefeita Susley Cerqueira, e em Dian\u00f3polis, com o prefeito Jos\u00e9 Salom\u00e3o. A agenda seguiu com visitas ao prefeito Paulo Roberto, em Taguatinga, e a Jos\u00e9 Luciano, de Ponte Alta do Bom Jesus, onde Am\u00e9lio tamb\u00e9m acompanhou a final da Copa Serras Gerais de Futebol Amador, evento solid\u00e1rio promovido pela FUNEBCE.<\/p>\n<p>A comitiva contou ainda com a presen\u00e7a da primeira-dama do Estado, Karyne Sotero, da esposa do presidente da Aleto, Geneci Almeida, da deputada estadual Claudia Lelis e do secret\u00e1rio estadual de Meio Ambiente, Marcello Lelis.<\/p>\n<\/p><\/div>\n<p><script type=\"text\/javascript\">!function(e,n,t){var o,c=e.getElementsByTagName(n)[0];e.getElementById(t)||(o=e.createElement(n),o.id=t,o.src=\"<\/script><br \/>\n<br \/><a href=\"https:\/\/geronimocardoso.com.br\/2025\/05\/05\/amelio-cayres-visita-municipios-das-serras-gerais-e-destaca-forca-do-turismo-no-sudeste-do-tocantins\/\">Fonte: Ger\u00f4nimo Cardoso<\/a><\/p>\n","protected":false},"excerpt":{"rendered":"<p>Durante o feriado prolongado, o presidente da Assembleia Legislativa do Tocantins, deputado Am\u00e9lio Cayres (Republicanos), esteve em visita aos munic\u00edpios da regi\u00e3o das Serras Gerais, no sudeste do Estado, refor\u00e7ando o compromisso com o fortalecimento do turismo como motor de desenvolvimento econ\u00f4mico e cultural. Acompanhado do governador Wanderlei Barbosa e de uma comitiva de autoridades, [&hellip;]<\/p>\n","protected":false},"author":1,"featured_media":11737,"comment_status":"open","ping_status":"open","sticky":false,"template":"","format":"standard","meta":{"fifu_image_url":"https:\/\/geronimocardoso.com.br\/wp-content\/uploads\/2025\/05\/IMG_1404-scaled.jpeg","fifu_image_alt":"","footnotes":""},"categories":[4200],"tags":[6833,6834,185,571,362,633,1992,632,3383,49,1938,1916],"class_list":{"0":"post-11736","1":"post","2":"type-post","3":"status-publish","4":"format-standard","5":"has-post-thumbnail","7":"category-noticias","8":"tag-amelio","9":"tag-cayres","10":"tag-das","11":"tag-destaca","12":"tag-forca","13":"tag-gerais","14":"tag-municipios","15":"tag-serras","16":"tag-sudeste","17":"tag-tocantins","18":"tag-turismo","19":"tag-visita"},"_links":{"self":[{"href":"https:\/\/balancotocantins.com.br\/index.php?rest_route=\/wp\/v2\/posts\/11736","targetHints":{"allow":["GET"]}}],"collection":[{"href":"https:\/\/balancotocantins.com.br\/index.php?rest_route=\/wp\/v2\/posts"}],"about":[{"href":"https:\/\/balancotocantins.com.br\/index.php?rest_route=\/wp\/v2\/types\/post"}],"author":[{"embeddable":true,"href":"https:\/\/balancotocantins.com.br\/index.php?rest_route=\/wp\/v2\/users\/1"}],"replies":[{"embeddable":true,"href":"https:\/\/balancotocantins.com.br\/index.php?rest_route=%2Fwp%2Fv2%2Fcomments&post=11736"}],"version-history":[{"count":1,"href":"https:\/\/balancotocantins.com.br\/index.php?rest_route=\/wp\/v2\/posts\/11736\/revisions"}],"predecessor-version":[{"id":11738,"href":"https:\/\/balancotocantins.com.br\/index.php?rest_route=\/wp\/v2\/posts\/11736\/revisions\/11738"}],"wp:featuredmedia":[{"embeddable":true,"href":"https:\/\/balancotocantins.com.br\/index.php?rest_route=\/wp\/v2\/media\/11737"}],"wp:attachment":[{"href":"https:\/\/balancotocantins.com.br\/index.php?rest_route=%2Fwp%2Fv2%2Fmedia&parent=11736"}],"wp:term":[{"taxonomy":"category","embeddable":true,"href":"https:\/\/balancotocantins.com.br\/index.php?rest_route=%2Fwp%2Fv2%2Fcategories&post=11736"},{"taxonomy":"post_tag","embeddable":true,"href":"https:\/\/balancotocantins.com.br\/index.php?rest_route=%2Fwp%2Fv2%2Ftags&post=11736"}],"curies":[{"name":"wp","href":"https:\/\/api.w.org\/{rel}","templated":true}]}}