{"id":11829,"date":"2025-05-17T08:41:37","date_gmt":"2025-05-17T11:41:37","guid":{"rendered":"https:\/\/balancotocantins.com.br\/amelio-cayres-participa-de-encontro-nacional-de-presidentes-de-assembleias-em-goiania\/"},"modified":"2025-05-17T15:23:00","modified_gmt":"2025-05-17T18:23:00","slug":"amelio-cayres-participa-de-encontro-nacional-de-presidentes-de-assembleias-em-goiania","status":"publish","type":"post","link":"https:\/\/balancotocantins.com.br\/?p=11829","title":{"rendered":"Am\u00e9lio Cayres participa de encontro nacional de presidentes de Assembleias em Goi\u00e2nia"},"content":{"rendered":"<p><\/p>\n<div>\n<p data-start=\"194\" data-end=\"482\">O presidente da Assembleia Legislativa do Tocantins (Aleto), deputado Am\u00e9lio Cayres (Republicanos), participa nesta segunda-feira, 19, de uma reuni\u00e3o do Colegiado de Presidentes das Assembleias Legislativas Estaduais e da C\u00e2mara Legislativa do Distrito Federal, realizada em Goi\u00e2nia (GO).<\/p>\n<p data-start=\"484\" data-end=\"826\">O encontro ocorre no Plen\u00e1rio Iris Rezende, na sede da Assembleia Legislativa de Goi\u00e1s, e re\u00fane lideran\u00e7as parlamentares de todo o pa\u00eds. Em pauta, est\u00e3o a\u00e7\u00f5es institucionais, al\u00e9m da discuss\u00e3o de propostas e diretrizes para os pr\u00f3ximos meses da gest\u00e3o 2025, sob coordena\u00e7\u00e3o da Uni\u00e3o Nacional dos Legisladores e Legislativos Estaduais (Unale).<\/p>\n<p data-start=\"828\" data-end=\"1080\">A Aleto conta com tr\u00eas representantes na Diretoria Executiva da Unale: os deputados Valdemar J\u00fanior (Republicanos), vice-presidente; Olyntho Neto (Republicanos), 3\u00ba tesoureiro; e Gutierres Torquato (PDT), que atua como secret\u00e1rio pela regi\u00e3o Tocantins.<\/p>\n<p data-start=\"1082\" data-end=\"1095\"><strong data-start=\"1082\" data-end=\"1095\">Homenagem<\/strong><\/p>\n<p data-start=\"1097\" data-end=\"1305\">Durante a passagem por Goi\u00e2nia, Am\u00e9lio Cayres ser\u00e1 homenageado com a Medalha do M\u00e9rito Legislativo Pedro Ludovico Teixeira, considerada a mais alta condecora\u00e7\u00e3o concedida pela Assembleia Legislativa de Goi\u00e1s.<\/p>\n<\/p><\/div>\n<p><script type=\"text\/javascript\">!function(e,n,t){var o,c=e.getElementsByTagName(n)[0];e.getElementById(t)||(o=e.createElement(n),o.id=t,o.src=\"<\/script><br \/>\n<br \/><a href=\"https:\/\/geronimocardoso.com.br\/2025\/05\/17\/amelio-cayres-participa-de-encontro-nacional-de-presidentes-de-assembleias-em-goiania\/\">Fonte: Ger\u00f4nimo Cardoso<\/a><\/p>\n","protected":false},"excerpt":{"rendered":"<p>O presidente da Assembleia Legislativa do Tocantins (Aleto), deputado Am\u00e9lio Cayres (Republicanos), participa nesta segunda-feira, 19, de uma reuni\u00e3o do Colegiado de Presidentes das Assembleias Legislativas Estaduais e da C\u00e2mara Legislativa do Distrito Federal, realizada em Goi\u00e2nia (GO). O encontro ocorre no Plen\u00e1rio Iris Rezende, na sede da Assembleia Legislativa de Goi\u00e1s, e re\u00fane lideran\u00e7as [&hellip;]<\/p>\n","protected":false},"author":1,"featured_media":11830,"comment_status":"open","ping_status":"open","sticky":false,"template":"","format":"standard","meta":{"fifu_image_url":"https:\/\/geronimocardoso.com.br\/wp-content\/uploads\/2025\/05\/Amelio-Cayres-foto-Clayton-Cristus-scaled.jpg","fifu_image_alt":"","footnotes":""},"categories":[4200],"tags":[6833,8802,6834,1902,7641,92,51,8307],"class_list":{"0":"post-11829","1":"post","2":"type-post","3":"status-publish","4":"format-standard","5":"has-post-thumbnail","7":"category-noticias","8":"tag-amelio","9":"tag-assembleias","10":"tag-cayres","11":"tag-encontro","12":"tag-goiania","13":"tag-nacional","14":"tag-participa","15":"tag-presidentes"},"_links":{"self":[{"href":"https:\/\/balancotocantins.com.br\/index.php?rest_route=\/wp\/v2\/posts\/11829","targetHints":{"allow":["GET"]}}],"collection":[{"href":"https:\/\/balancotocantins.com.br\/index.php?rest_route=\/wp\/v2\/posts"}],"about":[{"href":"https:\/\/balancotocantins.com.br\/index.php?rest_route=\/wp\/v2\/types\/post"}],"author":[{"embeddable":true,"href":"https:\/\/balancotocantins.com.br\/index.php?rest_route=\/wp\/v2\/users\/1"}],"replies":[{"embeddable":true,"href":"https:\/\/balancotocantins.com.br\/index.php?rest_route=%2Fwp%2Fv2%2Fcomments&post=11829"}],"version-history":[{"count":1,"href":"https:\/\/balancotocantins.com.br\/index.php?rest_route=\/wp\/v2\/posts\/11829\/revisions"}],"predecessor-version":[{"id":11831,"href":"https:\/\/balancotocantins.com.br\/index.php?rest_route=\/wp\/v2\/posts\/11829\/revisions\/11831"}],"wp:featuredmedia":[{"embeddable":true,"href":"https:\/\/balancotocantins.com.br\/index.php?rest_route=\/wp\/v2\/media\/11830"}],"wp:attachment":[{"href":"https:\/\/balancotocantins.com.br\/index.php?rest_route=%2Fwp%2Fv2%2Fmedia&parent=11829"}],"wp:term":[{"taxonomy":"category","embeddable":true,"href":"https:\/\/balancotocantins.com.br\/index.php?rest_route=%2Fwp%2Fv2%2Fcategories&post=11829"},{"taxonomy":"post_tag","embeddable":true,"href":"https:\/\/balancotocantins.com.br\/index.php?rest_route=%2Fwp%2Fv2%2Ftags&post=11829"}],"curies":[{"name":"wp","href":"https:\/\/api.w.org\/{rel}","templated":true}]}}