{"id":11924,"date":"2025-05-26T18:15:32","date_gmt":"2025-05-26T21:15:32","guid":{"rendered":"https:\/\/balancotocantins.com.br\/?p=11924"},"modified":"2025-05-26T18:16:05","modified_gmt":"2025-05-26T21:16:05","slug":"gurupi-e-sede-da-27a-ebadetins-e-30-enoadetins-com-o-tema-saude-ministerial-cuidando-do-corpo-alma-e-espirito","status":"publish","type":"post","link":"https:\/\/balancotocantins.com.br\/?p=11924","title":{"rendered":"Gurupi \u00e9 Sede da 27\u00aa EBADETINS e 30\u00b0 ENOADETINS com o Tema: \u201cSa\u00fade Ministerial \u2013 Cuidando do Corpo, Alma e Esp\u00edrito\u201d"},"content":{"rendered":"<p>A cidade de Gurupi se tornou o epicentro da edifica\u00e7\u00e3o ministerial no estado durante os dias 23 a 25 de maio, ao sediar dois dos mais importantes encontros da lideran\u00e7a evang\u00e9lica tocantinense: a 27\u00aa EBADETINS (Escola B\u00edblica de Obreiros do Estado do Tocantins) e o 30\u00b0 ENOADETINS (Encontro de Obreiros do Estado do Tocantins). Os eventos aconteceram na Catedral das Assembleias de Deus \u2013 Minist\u00e9rio de Madureira \u2013 Campo de Gurupi, reunindo obreiros de diversas regi\u00f5es para tr\u00eas dias de profundo aprendizado, avivamento e comunh\u00e3o.<\/p>\n<p>Com o tema \u201cSA\u00daDE MINISTERIAL: Cuidando do Corpo, Alma e Esp\u00edrito\u201d, a programa\u00e7\u00e3o teve como foco principal o equil\u00edbrio e a integridade do l\u00edder crist\u00e3o diante dos desafios contempor\u00e2neos do minist\u00e9rio pastoral. A proposta foi tratar n\u00e3o apenas do preparo teol\u00f3gico, mas tamb\u00e9m da sa\u00fade emocional, f\u00edsica e espiritual daqueles que servem no altar.<\/p>\n<p><img loading=\"lazy\" loading=\"lazy\" decoding=\"async\" class=\"alignnone size-medium wp-image-3122\" src=\"https:\/\/balancotocantins.com.br\/wp-content\/uploads\/2025\/05\/6d976480-a181-4fc2-b7a8-37b9047bc60a.jpg\" alt=\"\" width=\"300\" height=\"225\" \/><\/p>\n<p>&nbsp;<\/p>\n<p>\ud83d\udcd6 Forma\u00e7\u00e3o, Cuidado e Excel\u00eancia no Servi\u00e7o Crist\u00e3o<\/p>\n<p>Os encontros reuniram centenas de obreiros das Assembleias de Deus do Estado, proporcionando momentos marcantes de ensino, reflex\u00e3o e adora\u00e7\u00e3o. A abordagem inovadora do tema refor\u00e7ou a necessidade de obreiros saud\u00e1veis para uma igreja igualmente saud\u00e1vel, promovendo uma vis\u00e3o integral do minist\u00e9rio.<\/p>\n<p>\ud83d\ude4c Destaques e Agradecimentos<\/p>\n<p>A realiza\u00e7\u00e3o da 27\u00aa EBADETINS e do 30\u00b0 ENOADETINS contou com o apoio e lideran\u00e7a do presidente da CONVEN\u00c7\u00c3O DO ESTADO DO TOCANTINS, Pastor Amarildo Martins da Silva, a quem os organizadores expressaram sincero agradecimento pelo respaldo e vis\u00e3o ministerial.<\/p>\n<p>O anfitri\u00e3o do evento, Pastor Baltazar, l\u00edder da Catedral das Assembleias de Deus em Gurupi, recebeu com excel\u00eancia os participantes, contribuindo para o sucesso da programa\u00e7\u00e3o e para o ambiente de unidade entre os campos.<\/p>\n<p><img loading=\"lazy\" loading=\"lazy\" decoding=\"async\" class=\"alignnone size-medium wp-image-3125\" src=\"https:\/\/balancotocantins.com.br\/wp-content\/uploads\/2025\/05\/4edb99c2-4bcc-4907-963a-27995cd54131-300x169.jpg\" alt=\"\" width=\"300\" height=\"169\" \/><\/p>\n<p>Entre os preletores convidados, destacaram-se os pastores Alex Cardoso e Nerillo Accioly, ambos do estado de S\u00e3o Paulo, que trouxeram mensagens impactantes e profundamente edificantes, abordando temas como \u00e9tica pastoral, cuidado pessoal, equil\u00edbrio emocional e autoridade espiritual.<\/p>\n<p>Tamb\u00e9m foi registrada a gratid\u00e3o ao Pastor Irisvan Batista, coordenador geral do evento, pela organiza\u00e7\u00e3o eficiente, sensibilidade espiritual e dedica\u00e7\u00e3o na condu\u00e7\u00e3o de todas as etapas do encontro.<\/p>\n<p><img loading=\"lazy\" loading=\"lazy\" decoding=\"async\" class=\"alignnone size-medium wp-image-3124\" src=\"https:\/\/balancotocantins.com.br\/wp-content\/uploads\/2025\/05\/07ab6b60-8621-4491-9916-61611dc2f5ca-300x169.jpg\" alt=\"\" width=\"300\" height=\"169\" \/><\/p>\n<p>\ud83d\udd1a Unidade, Hierarquia e Disciplina<\/p>\n<p>O encerramento do evento foi marcado por um forte apelo \u00e0 unidade, hierarquia e disciplina, valores essenciais para a continuidade de uma obra s\u00f3lida, b\u00edblica e eficaz no estado do Tocantins. A 27\u00aa EBADETINS e o 30\u00b0 ENOADETINS deixaram um legado de fortalecimento para os obreiros e de renova\u00e7\u00e3o para o minist\u00e9rio pastoral em todo o estado.<\/p>\n<p>&nbsp;<\/p>\n<p>Mat\u00e9ria Equipe Comunica\u00e7\u00e3o Catedral IAD Gurupi<\/p>\n","protected":false},"excerpt":{"rendered":"<p>Os encontros reuniram centenas de obreiros das Assembleias de Deus do Estado, proporcionando momentos marcantes de ensino, reflex\u00e3o e adora\u00e7\u00e3o. | Foto: Divulga\u00e7\u00e3o<\/p>\n","protected":false},"author":1,"featured_media":11926,"comment_status":"open","ping_status":"closed","sticky":false,"template":"","format":"standard","meta":{"fifu_image_url":"","fifu_image_alt":"","footnotes":""},"categories":[4200],"tags":[8834,1043,8835,8836],"class_list":{"0":"post-11924","1":"post","2":"type-post","3":"status-publish","4":"format-standard","5":"has-post-thumbnail","7":"category-noticias","8":"tag-27a-ebadetins-e-o-30-enoadetins","9":"tag-capa","10":"tag-catedral-das-assembleias-de-deus-em-gurupi","11":"tag-pastor-antonio-baltazar-cardoso-de-oliveira"},"_links":{"self":[{"href":"https:\/\/balancotocantins.com.br\/index.php?rest_route=\/wp\/v2\/posts\/11924","targetHints":{"allow":["GET"]}}],"collection":[{"href":"https:\/\/balancotocantins.com.br\/index.php?rest_route=\/wp\/v2\/posts"}],"about":[{"href":"https:\/\/balancotocantins.com.br\/index.php?rest_route=\/wp\/v2\/types\/post"}],"author":[{"embeddable":true,"href":"https:\/\/balancotocantins.com.br\/index.php?rest_route=\/wp\/v2\/users\/1"}],"replies":[{"embeddable":true,"href":"https:\/\/balancotocantins.com.br\/index.php?rest_route=%2Fwp%2Fv2%2Fcomments&post=11924"}],"version-history":[{"count":1,"href":"https:\/\/balancotocantins.com.br\/index.php?rest_route=\/wp\/v2\/posts\/11924\/revisions"}],"predecessor-version":[{"id":11925,"href":"https:\/\/balancotocantins.com.br\/index.php?rest_route=\/wp\/v2\/posts\/11924\/revisions\/11925"}],"wp:featuredmedia":[{"embeddable":true,"href":"https:\/\/balancotocantins.com.br\/index.php?rest_route=\/wp\/v2\/media\/11926"}],"wp:attachment":[{"href":"https:\/\/balancotocantins.com.br\/index.php?rest_route=%2Fwp%2Fv2%2Fmedia&parent=11924"}],"wp:term":[{"taxonomy":"category","embeddable":true,"href":"https:\/\/balancotocantins.com.br\/index.php?rest_route=%2Fwp%2Fv2%2Fcategories&post=11924"},{"taxonomy":"post_tag","embeddable":true,"href":"https:\/\/balancotocantins.com.br\/index.php?rest_route=%2Fwp%2Fv2%2Ftags&post=11924"}],"curies":[{"name":"wp","href":"https:\/\/api.w.org\/{rel}","templated":true}]}}