{"id":12008,"date":"2025-06-03T17:05:16","date_gmt":"2025-06-03T20:05:16","guid":{"rendered":"https:\/\/balancotocantins.com.br\/deputado-amelio-cayres-solicita-instalacao-de-nucleo-do-instituto-de-identificacao-em-nazare\/"},"modified":"2025-06-03T23:34:28","modified_gmt":"2025-06-04T02:34:28","slug":"deputado-amelio-cayres-solicita-instalacao-de-nucleo-do-instituto-de-identificacao-em-nazare","status":"publish","type":"post","link":"https:\/\/balancotocantins.com.br\/?p=12008","title":{"rendered":"Deputado Am\u00e9lio Cayres solicita instala\u00e7\u00e3o de N\u00facleo do Instituto de Identifica\u00e7\u00e3o em Nazar\u00e9"},"content":{"rendered":"<p><\/p>\n<div>\n<p data-start=\"223\" data-end=\"426\">O deputado estadual Am\u00e9lio Cayres (Republicanos) apresentou um requerimento na Assembleia Legislativa do Tocantins solicitando a cria\u00e7\u00e3o de um N\u00facleo do Instituto de Identifica\u00e7\u00e3o no munic\u00edpio de Nazar\u00e9.<\/p>\n<p data-start=\"428\" data-end=\"744\">A medida busca ampliar o acesso da popula\u00e7\u00e3o a servi\u00e7os essenciais, como emiss\u00e3o de documentos civis, atrav\u00e9s da coleta de dados biom\u00e9tricos e biogr\u00e1ficos. A solicita\u00e7\u00e3o atende a uma demanda encaminhada pelo presidente da C\u00e2mara Municipal de Nazar\u00e9, vereador M\u00e1rcio Torres, com apoio dos demais parlamentares locais.<\/p>\n<p data-start=\"746\" data-end=\"1066\">Segundo Am\u00e9lio Cayres, a instala\u00e7\u00e3o do n\u00facleo facilitar\u00e1 a vida dos moradores, que atualmente precisam se deslocar at\u00e9 Luzin\u00f3polis ou Tocantin\u00f3polis para obter documentos oficiais. Ele defende que o servi\u00e7o na cidade vai garantir mais cidadania, seguran\u00e7a e praticidade para a popula\u00e7\u00e3o de Nazar\u00e9 e comunidades vizinhas.<\/p>\n<p data-start=\"1068\" data-end=\"1217\">\u201cO n\u00facleo vai descentralizar o atendimento e torn\u00e1-lo mais acess\u00edvel, promovendo dignidade e inclus\u00e3o para a popula\u00e7\u00e3o local\u201d, afirmou o parlamentar.<\/p>\n<p data-start=\"1219\" data-end=\"1400\">O requerimento segue agora para vota\u00e7\u00e3o em Plen\u00e1rio. Ap\u00f3s aprova\u00e7\u00e3o, ser\u00e1 encaminhado ao Governo do Estado, por meio da Secretaria da Seguran\u00e7a P\u00fablica, para an\u00e1lise e provid\u00eancias.<\/p>\n<\/p><\/div>\n<p><script type=\"text\/javascript\">!function(e,n,t){var o,c=e.getElementsByTagName(n)[0];e.getElementById(t)||(o=e.createElement(n),o.id=t,o.src=\"<\/script><br \/>\n<br \/><a href=\"https:\/\/geronimocardoso.com.br\/2025\/06\/03\/deputado-amelio-cayres-solicita-instalacao-de-nucleo-do-instituto-de-identificacao-em-nazare\/\">Fonte: Ger\u00f4nimo Cardoso<\/a><\/p>\n","protected":false},"excerpt":{"rendered":"<p>O deputado estadual Am\u00e9lio Cayres (Republicanos) apresentou um requerimento na Assembleia Legislativa do Tocantins solicitando a cria\u00e7\u00e3o de um N\u00facleo do Instituto de Identifica\u00e7\u00e3o no munic\u00edpio de Nazar\u00e9. A medida busca ampliar o acesso da popula\u00e7\u00e3o a servi\u00e7os essenciais, como emiss\u00e3o de documentos civis, atrav\u00e9s da coleta de dados biom\u00e9tricos e biogr\u00e1ficos. A solicita\u00e7\u00e3o atende [&hellip;]<\/p>\n","protected":false},"author":1,"featured_media":12009,"comment_status":"open","ping_status":"open","sticky":false,"template":"","format":"standard","meta":{"fifu_image_url":"https:\/\/geronimocardoso.com.br\/wp-content\/uploads\/2025\/06\/Sessao-Ordinaria-deputado-Amelio-Cayres-foto-Koro-Rocha-scaled.jpeg","fifu_image_alt":"","footnotes":""},"categories":[4200],"tags":[6833,6834,1035,5057,4442,8860,7652,8859,1849],"class_list":{"0":"post-12008","1":"post","2":"type-post","3":"status-publish","4":"format-standard","5":"has-post-thumbnail","7":"category-noticias","8":"tag-amelio","9":"tag-cayres","10":"tag-deputado","11":"tag-identificacao","12":"tag-instalacao","13":"tag-instituto","14":"tag-nazare","15":"tag-nucleo","16":"tag-solicita"},"_links":{"self":[{"href":"https:\/\/balancotocantins.com.br\/index.php?rest_route=\/wp\/v2\/posts\/12008","targetHints":{"allow":["GET"]}}],"collection":[{"href":"https:\/\/balancotocantins.com.br\/index.php?rest_route=\/wp\/v2\/posts"}],"about":[{"href":"https:\/\/balancotocantins.com.br\/index.php?rest_route=\/wp\/v2\/types\/post"}],"author":[{"embeddable":true,"href":"https:\/\/balancotocantins.com.br\/index.php?rest_route=\/wp\/v2\/users\/1"}],"replies":[{"embeddable":true,"href":"https:\/\/balancotocantins.com.br\/index.php?rest_route=%2Fwp%2Fv2%2Fcomments&post=12008"}],"version-history":[{"count":1,"href":"https:\/\/balancotocantins.com.br\/index.php?rest_route=\/wp\/v2\/posts\/12008\/revisions"}],"predecessor-version":[{"id":12010,"href":"https:\/\/balancotocantins.com.br\/index.php?rest_route=\/wp\/v2\/posts\/12008\/revisions\/12010"}],"wp:featuredmedia":[{"embeddable":true,"href":"https:\/\/balancotocantins.com.br\/index.php?rest_route=\/wp\/v2\/media\/12009"}],"wp:attachment":[{"href":"https:\/\/balancotocantins.com.br\/index.php?rest_route=%2Fwp%2Fv2%2Fmedia&parent=12008"}],"wp:term":[{"taxonomy":"category","embeddable":true,"href":"https:\/\/balancotocantins.com.br\/index.php?rest_route=%2Fwp%2Fv2%2Fcategories&post=12008"},{"taxonomy":"post_tag","embeddable":true,"href":"https:\/\/balancotocantins.com.br\/index.php?rest_route=%2Fwp%2Fv2%2Ftags&post=12008"}],"curies":[{"name":"wp","href":"https:\/\/api.w.org\/{rel}","templated":true}]}}