{"id":12020,"date":"2025-06-04T17:26:06","date_gmt":"2025-06-04T20:26:06","guid":{"rendered":"https:\/\/balancotocantins.com.br\/deputado-amelio-cayres-solicita-instalacao-de-sinal-de-telefonia-e-internet-no-povoado-centro-dos-ferreiras\/"},"modified":"2025-06-04T23:49:17","modified_gmt":"2025-06-05T02:49:17","slug":"deputado-amelio-cayres-solicita-instalacao-de-sinal-de-telefonia-e-internet-no-povoado-centro-dos-ferreiras","status":"publish","type":"post","link":"https:\/\/balancotocantins.com.br\/?p=12020","title":{"rendered":"Deputado Am\u00e9lio Cayres solicita instala\u00e7\u00e3o de sinal de telefonia e internet no povoado Centro dos Ferreiras"},"content":{"rendered":"<p><\/p>\n<div>\n<p data-start=\"113\" data-end=\"370\">O deputado estadual Am\u00e9lio Cayres (Republicanos) apresentou um requerimento solicitando ao Governo do Tocantins e \u00e0 operadora TIM a implanta\u00e7\u00e3o de sinal de telefonia e internet no povoado Centro dos Ferreiras, localizado no munic\u00edpio de Buriti do Tocantins.<\/p>\n<p data-start=\"372\" data-end=\"853\">A iniciativa busca atender uma demanda urgente da popula\u00e7\u00e3o local, que atualmente enfrenta dificuldades na comunica\u00e7\u00e3o por falta de cobertura m\u00f3vel e acesso \u00e0 internet. Segundo o parlamentar, a aus\u00eancia de conectividade compromete atividades essenciais como educa\u00e7\u00e3o, trabalho e at\u00e9 o conv\u00edvio social. \u201cEssa solicita\u00e7\u00e3o tamb\u00e9m partiu da prefeita Lucilene, que tem sido voz ativa em prol da comunidade. A internet precisa chegar a todos, n\u00e3o s\u00f3 \u00e0s cidades maiores\u201d, destacou Am\u00e9lio.<\/p>\n<p data-start=\"855\" data-end=\"1201\">O requerimento prev\u00ea a instala\u00e7\u00e3o de uma torre de transmiss\u00e3o, que possibilitar\u00e1 a cobertura do sinal n\u00e3o s\u00f3 para o Centro dos Ferreiras, mas tamb\u00e9m para o povoado vizinho Centro dos Firminos, em Carrasco Bonito. A expectativa \u00e9 de que a medida contribua para maior integra\u00e7\u00e3o regional e melhoria na qualidade de vida dos moradores da zona rural.<\/p>\n<p data-start=\"1203\" data-end=\"1347\" data-is-last-node=\"\" data-is-only-node=\"\">Ap\u00f3s tramita\u00e7\u00e3o e aprova\u00e7\u00e3o em Plen\u00e1rio, o pedido ser\u00e1 formalmente encaminhado ao Executivo estadual e \u00e0 operadora para as devidas provid\u00eancias.<\/p>\n<\/p><\/div>\n<p><script type=\"text\/javascript\">!function(e,n,t){var o,c=e.getElementsByTagName(n)[0];e.getElementById(t)||(o=e.createElement(n),o.id=t,o.src=\"<\/script><br \/>\n<br \/><a href=\"https:\/\/geronimocardoso.com.br\/2025\/06\/04\/deputado-amelio-cayres-solicita-instalacao-de-sinal-de-telefonia-e-internet-no-povoado-centro-dos-ferreiras\/\">Fonte: Ger\u00f4nimo Cardoso<\/a><\/p>\n","protected":false},"excerpt":{"rendered":"<p>O deputado estadual Am\u00e9lio Cayres (Republicanos) apresentou um requerimento solicitando ao Governo do Tocantins e \u00e0 operadora TIM a implanta\u00e7\u00e3o de sinal de telefonia e internet no povoado Centro dos Ferreiras, localizado no munic\u00edpio de Buriti do Tocantins. A iniciativa busca atender uma demanda urgente da popula\u00e7\u00e3o local, que atualmente enfrenta dificuldades na comunica\u00e7\u00e3o por [&hellip;]<\/p>\n","protected":false},"author":1,"featured_media":12021,"comment_status":"open","ping_status":"open","sticky":false,"template":"","format":"standard","meta":{"fifu_image_url":"https:\/\/geronimocardoso.com.br\/wp-content\/uploads\/2025\/06\/Amelio-Cayres-creditos-Koro-Rocha-2-scaled.jpg","fifu_image_alt":"","footnotes":""},"categories":[4200],"tags":[6833,6834,1078,1035,181,8865,4442,876,8864,6878,1849,8863],"class_list":{"0":"post-12020","1":"post","2":"type-post","3":"status-publish","4":"format-standard","5":"has-post-thumbnail","7":"category-noticias","8":"tag-amelio","9":"tag-cayres","10":"tag-centro","11":"tag-deputado","12":"tag-dos","13":"tag-ferreiras","14":"tag-instalacao","15":"tag-internet","16":"tag-povoado","17":"tag-sinal","18":"tag-solicita","19":"tag-telefonia"},"_links":{"self":[{"href":"https:\/\/balancotocantins.com.br\/index.php?rest_route=\/wp\/v2\/posts\/12020","targetHints":{"allow":["GET"]}}],"collection":[{"href":"https:\/\/balancotocantins.com.br\/index.php?rest_route=\/wp\/v2\/posts"}],"about":[{"href":"https:\/\/balancotocantins.com.br\/index.php?rest_route=\/wp\/v2\/types\/post"}],"author":[{"embeddable":true,"href":"https:\/\/balancotocantins.com.br\/index.php?rest_route=\/wp\/v2\/users\/1"}],"replies":[{"embeddable":true,"href":"https:\/\/balancotocantins.com.br\/index.php?rest_route=%2Fwp%2Fv2%2Fcomments&post=12020"}],"version-history":[{"count":1,"href":"https:\/\/balancotocantins.com.br\/index.php?rest_route=\/wp\/v2\/posts\/12020\/revisions"}],"predecessor-version":[{"id":12022,"href":"https:\/\/balancotocantins.com.br\/index.php?rest_route=\/wp\/v2\/posts\/12020\/revisions\/12022"}],"wp:featuredmedia":[{"embeddable":true,"href":"https:\/\/balancotocantins.com.br\/index.php?rest_route=\/wp\/v2\/media\/12021"}],"wp:attachment":[{"href":"https:\/\/balancotocantins.com.br\/index.php?rest_route=%2Fwp%2Fv2%2Fmedia&parent=12020"}],"wp:term":[{"taxonomy":"category","embeddable":true,"href":"https:\/\/balancotocantins.com.br\/index.php?rest_route=%2Fwp%2Fv2%2Fcategories&post=12020"},{"taxonomy":"post_tag","embeddable":true,"href":"https:\/\/balancotocantins.com.br\/index.php?rest_route=%2Fwp%2Fv2%2Ftags&post=12020"}],"curies":[{"name":"wp","href":"https:\/\/api.w.org\/{rel}","templated":true}]}}