{"id":12607,"date":"2025-07-16T16:19:11","date_gmt":"2025-07-16T19:19:11","guid":{"rendered":"https:\/\/balancotocantins.com.br\/?p=12607"},"modified":"2025-07-16T16:19:14","modified_gmt":"2025-07-16T19:19:14","slug":"tragedia-na-br%e2%80%91153-acidente-com-estudantes-rumo-ao-congresso-da-une-deixa-75-feridos-e-cinco-mortos","status":"publish","type":"post","link":"https:\/\/balancotocantins.com.br\/?p=12607","title":{"rendered":"Trag\u00e9dia na BR\u2011153: acidente com estudantes rumo ao congresso da UNE deixa 75 feridos e cinco mortos"},"content":{"rendered":"<p>Um grave acidente ocorrido na madrugada desta quarta-feira (16\/7), no km\u202f4 da BR\u2011153 em Porangatu (GO), resultou na morte de cinco pessoas e deixou 75 feridos. O incidente envolveu um comboio de quatro \u00f4nibus da Universidade Federal do Par\u00e1 (UFPA) que seguiam para o Congresso Nacional da Uni\u00e3o Nacional dos Estudantes (UNE), em Goi\u00e2nia, al\u00e9m de um micro\u2011\u00f4nibus e uma carreta.<\/p>\n<p>Din\u00e2mica do acidente e v\u00edtimas<\/p>\n<p>A Pol\u00edcia Rodovi\u00e1ria Federal (PRF) aponta que a carreta trafegava no sentido oposto quando invadiu a contram\u00e3o e colidiu frontalmente com o primeiro \u00f4nibus do comboio, transportando 25 alunos, dois motoristas e um orientador. A segunda unidade de transporte foi atingida, mas sem feridos, enquanto os demais ve\u00edculos seguiram sem participa\u00e7\u00e3o no incidente.<\/p>\n<p>Das cinco v\u00edtimas fatais, tr\u00eas eram estudantes da UFPA, al\u00e9m do motorista do \u00f4nibus e do condutor da carreta. O passageiro da carreta sobreviveu, foi retirado das ferragens e est\u00e1 em estado grave.<\/p>\n<p>Equipes do Corpo de Bombeiros, SAMU, concession\u00e1ria Ecovias Araguaia e prefeitura de Talism\u00e3 (TO) foram acionadas imediatamente. No total, cinco pessoas foram resgatadas pela concession\u00e1ria quatro em estado grave e uma em estado leve. As v\u00edtimas foram encaminhadas para hospitais em Porangatu, Urua\u00e7u (GO) e Alvorada (TO).<\/p>\n<p>A rodovia ficou totalmente interditada entre 4h10 e 9h20, provocando congestionamentos de aproximadamente 10\u202fkm em ambos os sentidos. Ap\u00f3s esse per\u00edodo, o trecho foi liberado com sistema de \u201cpare e siga\u201d, at\u00e9 a normaliza\u00e7\u00e3o do tr\u00e1fego.<\/p>\n<p>Repercuss\u00e3o institucional<\/p>\n<p>A UFPA declarou luto oficial de tr\u00eas dias e formou uma for\u00e7a-tarefa para apoio \u00e0s fam\u00edlias das v\u00edtimas. A UNE tamb\u00e9m se colocou \u00e0 disposi\u00e7\u00e3o para colaborar, em contato com os governos do Par\u00e1 e de Goi\u00e1s e com a UFG.<\/p>\n<p>Em n\u00edvel federal, o presidente Lula manifestou solidariedade \u201c\u00e0 comunidade universit\u00e1ria\u201d, lembrando que os jovens seguiam para o evento em Goi\u00e2nia. O governador do Par\u00e1, Helder Barbalho, e o governador em exerc\u00edcio de Goi\u00e1s, Daniel Vilela (MDB), tamb\u00e9m prestaram condol\u00eancias e declararam apoio \u00e0s fam\u00edlias e v\u00edtimas, com a oferta de suporte pelos dois estados.<\/p>\n<p>Contexto do congresso<\/p>\n<p>O 60\u00ba Congresso da UNE poder\u00e1 reunir at\u00e9 10 mil estudantes na UFG, com in\u00edcio ainda nesta quarta-feira e previs\u00e3o de t\u00e9rmino no domingo (20\/7), incluindo a presen\u00e7a do presidente Lula. Parte dos participantes viajava em comboio organizado pela UFPA, partindo do Par\u00e1.<\/p>\n<p>A PRF informou que as causas exatas do acidente est\u00e3o sob investiga\u00e7\u00e3o, com ind\u00edcios de que a carreta trafegava em sentido contr\u00e1rio. A per\u00edcia t\u00e9cnico-policial dever\u00e1 apontar fatores contribuintes, como velocidade, condi\u00e7\u00f5es da via e poss\u00edvel falha mec\u00e2nica ou humana.<\/p>\n<p>Em nota, a Secretaria de Sa\u00fade de Goi\u00e1s informou que mant\u00e9m uma for\u00e7a-tarefa para assistir os feridos, encaminhando pacientes a leitos de UTI, inclusive utilizando a Funda\u00e7\u00e3o Banco de Olhos de Goi\u00e1s para casos espec\u00edficos.<\/p>\n<p>Impacto e pr\u00f3ximos passos<\/p>\n<ul>\n<li>Mobiliza\u00e7\u00e3o institucional: apoio a fam\u00edlias e acompanhamento dos feridos pelos governos, universidades, UNE e setor de sa\u00fade.<\/li>\n<li>Log\u00edstica rodovi\u00e1ria: an\u00e1lise de poss\u00edveis melhorias na seguran\u00e7a da BR\u2011153, incluindo pontos cr\u00edticos de travessia de \u00f4nibus interestaduais.<\/li>\n<li>Investiga\u00e7\u00e3o em curso: per\u00edcia da PRF e demais \u00f3rg\u00e3os definir\u00e1 causas e eventuais responsabilidades, com abertura de inqu\u00e9rito.<\/li>\n<\/ul>\n<p>Este tr\u00e1gico epis\u00f3dio interrompeu sonhos de jovens universit\u00e1rios que se dirigiam a um importante espa\u00e7o de debate nacional. Agora, inicia-se uma nova etapa, marcada pelo acolhimento aos atingidos e pela busca de solu\u00e7\u00f5es para prevenir futuros acidentes.<\/p>\n","protected":false},"excerpt":{"rendered":"<p>Foto: Divulga\u00e7\u00e3o<\/p>\n","protected":false},"author":1,"featured_media":12609,"comment_status":"open","ping_status":"closed","sticky":false,"template":"","format":"standard","meta":{"fifu_image_url":"","fifu_image_alt":"","footnotes":""},"categories":[4200],"tags":[9063,4820,8935,9062],"class_list":{"0":"post-12607","1":"post","2":"type-post","3":"status-publish","4":"format-standard","5":"has-post-thumbnail","7":"category-noticias","8":"tag-60o-congresso-da-une","9":"tag-acidente-fatal","10":"tag-capa1","11":"tag-tragedia-na-br153"},"_links":{"self":[{"href":"https:\/\/balancotocantins.com.br\/index.php?rest_route=\/wp\/v2\/posts\/12607","targetHints":{"allow":["GET"]}}],"collection":[{"href":"https:\/\/balancotocantins.com.br\/index.php?rest_route=\/wp\/v2\/posts"}],"about":[{"href":"https:\/\/balancotocantins.com.br\/index.php?rest_route=\/wp\/v2\/types\/post"}],"author":[{"embeddable":true,"href":"https:\/\/balancotocantins.com.br\/index.php?rest_route=\/wp\/v2\/users\/1"}],"replies":[{"embeddable":true,"href":"https:\/\/balancotocantins.com.br\/index.php?rest_route=%2Fwp%2Fv2%2Fcomments&post=12607"}],"version-history":[{"count":1,"href":"https:\/\/balancotocantins.com.br\/index.php?rest_route=\/wp\/v2\/posts\/12607\/revisions"}],"predecessor-version":[{"id":12608,"href":"https:\/\/balancotocantins.com.br\/index.php?rest_route=\/wp\/v2\/posts\/12607\/revisions\/12608"}],"wp:featuredmedia":[{"embeddable":true,"href":"https:\/\/balancotocantins.com.br\/index.php?rest_route=\/wp\/v2\/media\/12609"}],"wp:attachment":[{"href":"https:\/\/balancotocantins.com.br\/index.php?rest_route=%2Fwp%2Fv2%2Fmedia&parent=12607"}],"wp:term":[{"taxonomy":"category","embeddable":true,"href":"https:\/\/balancotocantins.com.br\/index.php?rest_route=%2Fwp%2Fv2%2Fcategories&post=12607"},{"taxonomy":"post_tag","embeddable":true,"href":"https:\/\/balancotocantins.com.br\/index.php?rest_route=%2Fwp%2Fv2%2Ftags&post=12607"}],"curies":[{"name":"wp","href":"https:\/\/api.w.org\/{rel}","templated":true}]}}