{"id":12755,"date":"2025-07-21T21:47:00","date_gmt":"2025-07-22T00:47:00","guid":{"rendered":"https:\/\/balancotocantins.com.br\/selecao-brasileira-de-basquete-e-convocada-para-a-copa-america\/"},"modified":"2025-07-22T05:12:29","modified_gmt":"2025-07-22T08:12:29","slug":"selecao-brasileira-de-basquete-e-convocada-para-a-copa-america","status":"publish","type":"post","link":"https:\/\/balancotocantins.com.br\/?p=12755","title":{"rendered":"Sele\u00e7\u00e3o brasileira de basquete \u00e9 convocada para a Copa Am\u00e9rica"},"content":{"rendered":"<p><\/p>\n<div>\n<p><strong>O t\u00e9cnico Aleksandar Petrovic realizou nesta segunda-feira (21) a convoca\u00e7\u00e3o da sele\u00e7\u00e3o masculina de basquete para a AmeriCup, a Copa Am\u00e9rica da modalidade, que ser\u00e1 disputada entre 22 e 31 de agosto em Man\u00e1gua, na Nicar\u00e1gua<\/strong>.<img decoding=\"async\" src=\"https:\/\/agenciabrasil.ebc.com.br\/ebc.gif?id=1651517&amp;o=node\" style=\"width:1px; height:1px; display:inline;\"\/><\/p>\n<p>Foram chamados 16 atletas para treinamentos em Guarapari (ES). Doze seguir\u00e3o para a competi\u00e7\u00e3o.<\/p>\n<p>A <strong>lista divulgada pelo treinador croata tem sete jogadores que representaram o Brasil na Olimp\u00edada de Paris<\/strong>, na Fran\u00e7a, em 2024: os armadores V\u00edtor Benite e Georginho, os alas Yago Matheus, Bruno Caboclo, L\u00e9o Meindl e Lucas Dias; e o ala-piv\u00f4 M\u00e3ozinha.<\/p>\n<p>Os demais convocados foram os armadores Caio Pacheco e Alexey, os alas-armadores Reynan e Kevin Crescenzi, os alas Gui Deodato e Mathias, o ala-piv\u00f4 Tim Soares e os piv\u00f4s M\u00e1rcio e Ruan.<\/p>\n<p>Sete dos 16 convocados atuam no Brasil. O Flamengo \u00e9 o time com mais jogadores: tr\u00eas (Alexey, Gui Deodato e Ruan). Tamb\u00e9m aparecem Sesi Franca (Lucas Dias e Georginho), Bras\u00edlia (Kevin Crescenzi) e Pinheiros (Reynan). J\u00e1 a Espanha \u00e9 a liga estrangeira mais representada, com tr\u00eas atletas na liga do pa\u00eds: Caio Pacheco (Coru\u00f1a), V\u00edtor Benite (Baloncesto Sevilla) e L\u00e9o Mendl (San Pablo Burgos).<\/p>\n<p>O ala-armador Didi Louzada, recentemente contratado pelo Sunrockers Shibuya, do Jap\u00e3o; e o ala-piv\u00f4 Gui Santos, que atua no Golden State Warriors, da NBA (liga norte-americana, considerada a principal do mundo), s\u00e3o as aus\u00eancias de mais destaque.<\/p>\n<p>Segundo a Confedera\u00e7\u00e3o Brasileira de Basquete (CBB), eles contataram a comiss\u00e3o t\u00e9cnica e pediram dispensa dos treinos e da AmeriCup por motivos pessoais.<\/p>\n<p>A <strong>sele\u00e7\u00e3o se re\u00fane em Guarapari a partir do pr\u00f3ximo dia 3 de agosto<\/strong> e permanece na estrutura do Sesc Guarapari at\u00e9 dia 15.<\/p>\n<p>Antes de ir \u00e0 Nicar\u00e1gua, a delega\u00e7\u00e3o disputa um torneio amistoso na Cidade do Panam\u00e1, entre os dias 17 e 19. A competi\u00e7\u00e3o, de nome Copa Latina, consiste em um quadrangular que re\u00fane, al\u00e9m dos anfitri\u00f5es, as equipes de Brasil, Argentina e Uruguai. A <strong>ida para Man\u00e1gua ser\u00e1 no dia 20<\/strong>.<\/p>\n<p>A AmeriCup masculina re\u00fane 12 sele\u00e7\u00f5es, divididas em tr\u00eas chaves de quatro equipes. Os dois melhores se classificam para as quartas de final.<\/p>\n<p>O Brasil est\u00e1 no Grupo A, com Estados Unidos, Uruguai e Bahamas. No Grupo B, est\u00e3o Canad\u00e1, Porto Rico, Panam\u00e1 e Por fim, no Grupo C, figuram Nicar\u00e1gua, Argentina, Rep\u00fablica Dominicana e Col\u00f4mbia.<\/p>\n<p>A estreia brasileira na AmeriCup ser\u00e1 no dia 23 de agosto, \u00e0s 16h10 (hor\u00e1rio de Bras\u00edlia), contra o Uruguai. No dia seguinte, \u00e0s 18h40, o confronto ser\u00e1 com Bahamas. A participa\u00e7\u00e3o na fase de grupos termina no dia 26, \u00e0s 22h10, diante dos EUA.<\/p>\n<p>O Brasil venceu quatro vezes a Copa Am\u00e9rica: 1984, 1988, 2005 e 2009. A sele\u00e7\u00e3o foi finalista na edi\u00e7\u00e3o passada, realizada em Recife, mas perdeu a final para a Argentina.<\/p>\n<p>      <!-- Relacionada --><\/p>\n<p>            <!-- Relacionada -->\n    <\/div>\n<p><a href=\"https:\/\/agenciabrasil.ebc.com.br\/esportes\/noticia\/2025-07\/selecao-brasileira-de-basquete-e-convocada-para-copa-america\">Fonte: Ag\u00eancia Brasil<\/a><\/p>\n","protected":false},"excerpt":{"rendered":"<p>O t\u00e9cnico Aleksandar Petrovic realizou nesta segunda-feira (21) a convoca\u00e7\u00e3o da sele\u00e7\u00e3o masculina de basquete para a AmeriCup, a Copa Am\u00e9rica da modalidade, que ser\u00e1 disputada entre 22 e 31 de agosto em Man\u00e1gua, na Nicar\u00e1gua. Foram chamados 16 atletas para treinamentos em Guarapari (ES). Doze seguir\u00e3o para a competi\u00e7\u00e3o. A lista divulgada pelo treinador [&hellip;]<\/p>\n","protected":false},"author":1,"featured_media":12756,"comment_status":"open","ping_status":"open","sticky":false,"template":"","format":"standard","meta":{"fifu_image_url":"https:\/\/imagens.ebc.com.br\/xclqQ3cWikUfp7etS-6AB-fSy3g=\/1600x800\/https:\/\/agenciabrasil.ebc.com.br\/sites\/default\/files\/thumbnails\/image\/2025\/07\/21\/selecao_de_basquete_-_divulgacao_-fiba_americas.jpg?itok=fNuFMNje","fifu_image_alt":"","footnotes":""},"categories":[594],"tags":[1699,9114,737,9118,3748,100,3085],"class_list":{"0":"post-12755","1":"post","2":"type-post","3":"status-publish","4":"format-standard","5":"has-post-thumbnail","7":"category-esportes","8":"tag-america","9":"tag-basquete","10":"tag-brasileira","11":"tag-convocada","12":"tag-copa","13":"tag-para","14":"tag-selecao"},"_links":{"self":[{"href":"https:\/\/balancotocantins.com.br\/index.php?rest_route=\/wp\/v2\/posts\/12755","targetHints":{"allow":["GET"]}}],"collection":[{"href":"https:\/\/balancotocantins.com.br\/index.php?rest_route=\/wp\/v2\/posts"}],"about":[{"href":"https:\/\/balancotocantins.com.br\/index.php?rest_route=\/wp\/v2\/types\/post"}],"author":[{"embeddable":true,"href":"https:\/\/balancotocantins.com.br\/index.php?rest_route=\/wp\/v2\/users\/1"}],"replies":[{"embeddable":true,"href":"https:\/\/balancotocantins.com.br\/index.php?rest_route=%2Fwp%2Fv2%2Fcomments&post=12755"}],"version-history":[{"count":1,"href":"https:\/\/balancotocantins.com.br\/index.php?rest_route=\/wp\/v2\/posts\/12755\/revisions"}],"predecessor-version":[{"id":12757,"href":"https:\/\/balancotocantins.com.br\/index.php?rest_route=\/wp\/v2\/posts\/12755\/revisions\/12757"}],"wp:featuredmedia":[{"embeddable":true,"href":"https:\/\/balancotocantins.com.br\/index.php?rest_route=\/wp\/v2\/media\/12756"}],"wp:attachment":[{"href":"https:\/\/balancotocantins.com.br\/index.php?rest_route=%2Fwp%2Fv2%2Fmedia&parent=12755"}],"wp:term":[{"taxonomy":"category","embeddable":true,"href":"https:\/\/balancotocantins.com.br\/index.php?rest_route=%2Fwp%2Fv2%2Fcategories&post=12755"},{"taxonomy":"post_tag","embeddable":true,"href":"https:\/\/balancotocantins.com.br\/index.php?rest_route=%2Fwp%2Fv2%2Ftags&post=12755"}],"curies":[{"name":"wp","href":"https:\/\/api.w.org\/{rel}","templated":true}]}}