{"id":13119,"date":"2025-08-07T16:45:44","date_gmt":"2025-08-07T19:45:44","guid":{"rendered":"https:\/\/balancotocantins.com.br\/?p=13119"},"modified":"2025-08-07T16:45:47","modified_gmt":"2025-08-07T19:45:47","slug":"conselho-de-inovacao-de-gurupi-realiza-primeiro-encontro-e-da-passos-estrategicos-para-estruturacao-institucional","status":"publish","type":"post","link":"https:\/\/balancotocantins.com.br\/?p=13119","title":{"rendered":"Conselho de Inova\u00e7\u00e3o de Gurupi realiza primeiro encontro e d\u00e1 passos estrat\u00e9gicos para estrutura\u00e7\u00e3o institucional"},"content":{"rendered":"<p>Apresenta\u00e7\u00e3o do regimento interno, defini\u00e7\u00e3o de atribui\u00e7\u00f5es e planejamento de a\u00e7\u00f5es marcaram reuni\u00e3o inaugural com participa\u00e7\u00e3o de representantes p\u00fablicos e da sociedade civil.<\/p>\n<p>O Conselho de Inova\u00e7\u00e3o e Desenvolvimento Econ\u00f4mico de Gurupi realizou, na noite desta quarta-feira (06), sua primeira reuni\u00e3o oficial com foco na estrutura\u00e7\u00e3o interna e defini\u00e7\u00e3o de diretrizes operacionais. O encontro, considerado um marco no fortalecimento da governan\u00e7a local, teve como pauta central a apresenta\u00e7\u00e3o da minuta do regimento interno, documento que ir\u00e1 nortear o funcionamento do colegiado.<\/p>\n<p>Durante a reuni\u00e3o, os participantes discutiram pontos estrat\u00e9gicos, como a cria\u00e7\u00e3o das C\u00e2maras T\u00e9cnicas, respons\u00e1veis por temas espec\u00edficos de atua\u00e7\u00e3o; a defini\u00e7\u00e3o clara das atribui\u00e7\u00f5es da presid\u00eancia; e a organiza\u00e7\u00e3o do Fundo Municipal de Investimentos. Tamb\u00e9m foi debatido o calend\u00e1rio de atividades para o exerc\u00edcio de 2025, com o objetivo de estabelecer uma agenda propositiva e alinhada ao desenvolvimento sustent\u00e1vel do munic\u00edpio.<\/p>\n<p>Estiveram presentes o presidente do Conselho, Wilson de Sousa; o vice-prefeito de Gurupi, Adailton Fonseca; Lucas Lemes, representante da Secretaria Municipal de Planejamento e Finan\u00e7as; Ana Lucia Gon\u00e7alves, da Secretaria de Ci\u00eancia, Tecnologia e Inova\u00e7\u00e3o; al\u00e9m de representantes de entidades de classe como Abelino Boa da Silva (CDL Gurupi), Jo\u00e3o Victor Stival e Tarc\u00edsio Goiabeira (Sindicato Rural de Gurupi).<\/p>\n<p>O presidente Wilson de Sousa avaliou o encontro como extremamente positivo. \u201cFoi um momento importante para alinharmos expectativas, compartilharmos ideias e estabelecermos uma base s\u00f3lida para o funcionamento do Conselho. A presen\u00e7a ativa dos setores representados demonstra o compromisso coletivo com a constru\u00e7\u00e3o de uma Gurupi mais inovadora, moderna e economicamente forte\u201d, destacou.<\/p>\n<p>A expectativa, segundo o presidente, \u00e9 de que o Conselho mantenha uma agenda cont\u00ednua de reuni\u00f5es at\u00e9 a consolida\u00e7\u00e3o final do regimento interno. Ap\u00f3s essa etapa, o grupo deve iniciar a\u00e7\u00f5es pr\u00e1ticas voltadas \u00e0 promo\u00e7\u00e3o da inova\u00e7\u00e3o, incentivo a investimentos e articula\u00e7\u00e3o de pol\u00edticas p\u00fablicas voltadas ao desenvolvimento econ\u00f4mico local.<\/p>\n<p>A cria\u00e7\u00e3o do Conselho integra uma s\u00e9rie de iniciativas da Prefeitura de Gurupi para fomentar o ambiente de neg\u00f3cios, estimular o empreendedorismo e fortalecer a interlocu\u00e7\u00e3o entre poder p\u00fablico, setor produtivo e academia. A proposta \u00e9 transformar o colegiado em um espa\u00e7o permanente de di\u00e1logo estrat\u00e9gico e planejamento colaborativo para o crescimento sustent\u00e1vel da cidade.<\/p>\n<p>&nbsp;<\/p>\n<p>&nbsp;<\/p>\n<p>&nbsp;<\/p>\n<p>&nbsp;<\/p>\n","protected":false},"excerpt":{"rendered":"<p>Foto: Lino Vargas<\/p>\n","protected":false},"author":1,"featured_media":13121,"comment_status":"open","ping_status":"closed","sticky":false,"template":"","format":"standard","meta":{"fifu_image_url":"","fifu_image_alt":"","footnotes":""},"categories":[1300],"tags":[9266,1996,9267],"class_list":{"0":"post-13119","1":"post","2":"type-post","3":"status-publish","4":"format-standard","5":"has-post-thumbnail","7":"category-economia","8":"tag-conselho-de-inovacao","9":"tag-desenvolvimento-economico","10":"tag-estruturacao-institucional"},"_links":{"self":[{"href":"https:\/\/balancotocantins.com.br\/index.php?rest_route=\/wp\/v2\/posts\/13119","targetHints":{"allow":["GET"]}}],"collection":[{"href":"https:\/\/balancotocantins.com.br\/index.php?rest_route=\/wp\/v2\/posts"}],"about":[{"href":"https:\/\/balancotocantins.com.br\/index.php?rest_route=\/wp\/v2\/types\/post"}],"author":[{"embeddable":true,"href":"https:\/\/balancotocantins.com.br\/index.php?rest_route=\/wp\/v2\/users\/1"}],"replies":[{"embeddable":true,"href":"https:\/\/balancotocantins.com.br\/index.php?rest_route=%2Fwp%2Fv2%2Fcomments&post=13119"}],"version-history":[{"count":1,"href":"https:\/\/balancotocantins.com.br\/index.php?rest_route=\/wp\/v2\/posts\/13119\/revisions"}],"predecessor-version":[{"id":13120,"href":"https:\/\/balancotocantins.com.br\/index.php?rest_route=\/wp\/v2\/posts\/13119\/revisions\/13120"}],"wp:featuredmedia":[{"embeddable":true,"href":"https:\/\/balancotocantins.com.br\/index.php?rest_route=\/wp\/v2\/media\/13121"}],"wp:attachment":[{"href":"https:\/\/balancotocantins.com.br\/index.php?rest_route=%2Fwp%2Fv2%2Fmedia&parent=13119"}],"wp:term":[{"taxonomy":"category","embeddable":true,"href":"https:\/\/balancotocantins.com.br\/index.php?rest_route=%2Fwp%2Fv2%2Fcategories&post=13119"},{"taxonomy":"post_tag","embeddable":true,"href":"https:\/\/balancotocantins.com.br\/index.php?rest_route=%2Fwp%2Fv2%2Ftags&post=13119"}],"curies":[{"name":"wp","href":"https:\/\/api.w.org\/{rel}","templated":true}]}}