{"id":13246,"date":"2025-08-13T07:30:00","date_gmt":"2025-08-13T10:30:00","guid":{"rendered":"https:\/\/balancotocantins.com.br\/fla-e-inter-iniciam-disputa-por-vaga-nas-quartas-da-libertadores\/"},"modified":"2025-08-13T10:20:46","modified_gmt":"2025-08-13T13:20:46","slug":"fla-e-inter-iniciam-disputa-por-vaga-nas-quartas-da-libertadores","status":"publish","type":"post","link":"https:\/\/balancotocantins.com.br\/?p=13246","title":{"rendered":"Fla e Inter iniciam disputa por vaga nas quartas da Libertadores"},"content":{"rendered":"<p><\/p>\n<div>\n<p>Flamengo e Internacional iniciam, nesta quarta-feira (13) a partir das 21h30 (hor\u00e1rio de Bras\u00edlia), uma verdadeira trilogia, com tr\u00eas partidas consecutivas no espa\u00e7o de sete dias por duas competi\u00e7\u00f5es diferentes. O primeiro cap\u00edtulo, v\u00e1lido pelas oitavas de final da Copa Libertadores da Am\u00e9rica e que contar\u00e1 com transmiss\u00e3o ao vivo da <strong>R\u00e1dio Nacional<\/strong>, ter\u00e1 como palco o est\u00e1dio do Maracan\u00e3, no Rio de Janeiro.<img decoding=\"async\" src=\"https:\/\/agenciabrasil.ebc.com.br\/ebc.gif?id=1654165&amp;o=node\" style=\"width:1px; height:1px; display:inline;\"\/><\/p>\n<blockquote class=\"twitter-tweet\">\n<p dir=\"ltr\" lang=\"pt\" xml:lang=\"pt\">\ud83c\udfc6 Oitavas de Final da <a rel=\"nofollow\" target=\"_blank\" href=\"https:\/\/twitter.com\/Libertadores?ref_src=twsrc%5Etfw\">@Libertadores<\/a><br \/>\ud83c\udd9a Internacional<br \/>\ud83c\udfdf\ufe0f Maracan\u00e3<a rel=\"nofollow\" target=\"_blank\" href=\"https:\/\/twitter.com\/hashtag\/Pr%C3%B3ximaPartida?src=hash&amp;ref_src=twsrc%5Etfw\">#Pr\u00f3ximaPartida<\/a> <a rel=\"nofollow\" target=\"_blank\" href=\"https:\/\/t.co\/5j2hqtTn0f\">pic.twitter.com\/5j2hqtTn0f<\/a><\/p>\n<p>\u2014 Flamengo (@Flamengo) <a rel=\"nofollow\" target=\"_blank\" href=\"https:\/\/twitter.com\/Flamengo\/status\/1955268771364397407?ref_src=twsrc%5Etfw\">August 12, 2025<\/a><\/p><\/blockquote>\n<p>O Flamengo chega a esta etapa\u00a0do torneio continental\u00a0ap\u00f3s terminar a fase de grupos na segunda posi\u00e7\u00e3o do Grupo C. Apesar de ter feito os mesmos 11 pontos que a LDU (Equador) acabou atr\u00e1s pelo crit\u00e9rio do saldo de gols.<\/p>\n<p>O Rubro-Negro n\u00e3o poder\u00e1 contar com o meia uruguaio De Arrascaeta, que est\u00e1 suspenso por ac\u00famulo de cart\u00f5es amarelos. Nico de La Cruz e Danilo tamb\u00e9m seguem fora, mas por causa de les\u00f5es.<\/p>\n<p>Desta forma, a prov\u00e1vel forma\u00e7\u00e3o do Flamego para a partida \u00e9: Rossi; Alex Sandro, L\u00e9o Pereira, L\u00e9o Ortiz e Emerson Royal; Allan, Jorginho e Luiz Ara\u00fajo; Samuel Lino, Plata e Pedro.<\/p>\n<blockquote class=\"twitter-tweet\">\n<p dir=\"ltr\" lang=\"pt\" xml:lang=\"pt\">In\u00edcio de prepara\u00e7\u00e3o para a DECIS\u00c3O de quarta, pela <a rel=\"nofollow\" target=\"_blank\" href=\"https:\/\/twitter.com\/Libertadores?ref_src=twsrc%5Etfw\">@Libertadores<\/a>, diante do Internacional! \ud83d\udd34\u26ab\ufe0f <a rel=\"nofollow\" target=\"_blank\" href=\"https:\/\/twitter.com\/hashtag\/Treino?src=hash&amp;ref_src=twsrc%5Etfw\">#Treino<\/a> <a rel=\"nofollow\" target=\"_blank\" href=\"https:\/\/t.co\/G2FBc3uZOL\">pic.twitter.com\/G2FBc3uZOL<\/a><\/p>\n<p>\u2014 Flamengo (@Flamengo) <a rel=\"nofollow\" target=\"_blank\" href=\"https:\/\/twitter.com\/Flamengo\/status\/1954955461670969626?ref_src=twsrc%5Etfw\">August 11, 2025<\/a><\/p><\/blockquote>\n<p>O Rubro-Negro da G\u00e1vea chega de vit\u00f3ria, por 2 a 1, sobre o Mirassol. Este resultado garantiu ao Flamengo o simb\u00f3lico t\u00edtulo de campe\u00e3o do primeiro turno do Brasileiro e amenizou a elimina\u00e7\u00e3o pela Copa do Brasil. Logo ap\u00f3s o jogo, no \u00faltimo s\u00e1bado (10), o t\u00e9cnico Filipe Lu\u00eds falou das cobran\u00e7as da torcida.<\/p>\n<p>\u201cA torcida tem total direito de expressar suas opini\u00f5es e expectativas. Desde que cheguei ao Rio de Janeiro, em 2019, testemunhei protestos contra a equipe ap\u00f3s uma derrota na Libertadores. Conhe\u00e7o a hist\u00f3ria do Flamengo e sei da exig\u00eancia da torcida. A cobran\u00e7a sempre existir\u00e1 e essa \u00e9 a ess\u00eancia do torcedor flamenguista, que busca sempre o melhor para o clube\u201d.<\/p>\n<p>O Inter tamb\u00e9m inicia esta trilogia ap\u00f3s ser eliminado da Copa do Brasil. Por\u00e9m, seu \u00faltimo compromisso terminou com uma vit\u00f3ria, de 3 a 1 sobre o Bragantino pelo Brasileir\u00e3o. Al\u00e9m de confian\u00e7a para o confronto na Liberta, o triunfo do time ga\u00facho amenizou as press\u00f5es sobre o t\u00e9cnico Roger Machado.<\/p>\n<blockquote class=\"twitter-tweet\">\n<p dir=\"ltr\" lang=\"pt\" xml:lang=\"pt\">\ud83d\udcf8 \u00daltimos detalhes da prepara\u00e7\u00e3o para encarar o Flamengo \ud83d\udcaa\ud83c\udffd\ud83c\udde6\ud83c\uddf9 <a rel=\"nofollow\" target=\"_blank\" href=\"https:\/\/t.co\/jO39JYJ8HW\">pic.twitter.com\/jO39JYJ8HW<\/a><\/p>\n<p>\u2014 Sport Club Internacional (@SCInternacional) <a rel=\"nofollow\" target=\"_blank\" href=\"https:\/\/twitter.com\/SCInternacional\/status\/1955288914576445792?ref_src=twsrc%5Etfw\">August 12, 2025<\/a><\/p><\/blockquote>\n<p>\u201cCom o tempo, desenvolvemos uma carca\u00e7a. \u00c9 claro que n\u00e3o \u00e9 agrad\u00e1vel ser alvo de cr\u00edticas, mas me adaptei a essa situa\u00e7\u00e3o. N\u00e3o me acostumarei, pois sinto as cobran\u00e7as. Mas me adaptei e consigo gerenciar melhor esses momentos. Se a torcida cobra, \u00e9 porque espera uma resposta\u201d.<\/p>\n<p>Diante do Flamengo, o Colorado deve iniciar com a seguinte forma\u00e7\u00e3o: Rochet; Aguirre, Vit\u00e3o, Juninho e Bernabei; Thiago Maia, Alan Rodr\u00edguez, Tabata e Alan Patrick; Wesley e Ricardo Mathias.<\/p>\n<h2>Transmiss\u00e3o da R\u00e1dio Nacional<\/h2>\n<p>A <strong>R\u00e1dio Nacional<\/strong> transmite Flamengo e Internacional com a narra\u00e7\u00e3o de Andr\u00e9 Luiz Mendes, coment\u00e1rios de Rodrigo Ricardo e reportagem de Bruno Mendes. Voc\u00ea acompanha o Show de Bola Nacional aqui:<\/p>\n<p><iframe loading=\"lazy\" allowfullscreen=\"\" frameborder=\"0\" height=\"115\" src=\"https:\/\/aovivo.ebc.com.br\/embed-audio.html?emissora=radio-nacional-do-rio-de-janeiro\" width=\"340\"><\/iframe><\/p>\n<p>      <!-- Relacionada --><\/p>\n<p>            <!-- Relacionada -->\n    <\/div>\n<p><script async src=\"\/\/platform.twitter.com\/widgets.js\" charset=\"utf-8\"><\/script><br \/>\n<br \/><a href=\"https:\/\/agenciabrasil.ebc.com.br\/esportes\/noticia\/2025-08\/fla-e-inter-iniciam-disputa-por-vaga-nas-quartas-da-libertadores\">Fonte: Ag\u00eancia Brasil<\/a><\/p>\n","protected":false},"excerpt":{"rendered":"<p>Flamengo e Internacional iniciam, nesta quarta-feira (13) a partir das 21h30 (hor\u00e1rio de Bras\u00edlia), uma verdadeira trilogia, com tr\u00eas partidas consecutivas no espa\u00e7o de sete dias por duas competi\u00e7\u00f5es diferentes. O primeiro cap\u00edtulo, v\u00e1lido pelas oitavas de final da Copa Libertadores da Am\u00e9rica e que contar\u00e1 com transmiss\u00e3o ao vivo da R\u00e1dio Nacional, ter\u00e1 como [&hellip;]<\/p>\n","protected":false},"author":1,"featured_media":13247,"comment_status":"open","ping_status":"open","sticky":false,"template":"","format":"standard","meta":{"fifu_image_url":"https:\/\/imagens.ebc.com.br\/Se-U7rMt_1sjLTG6vlpd1xU1AA4=\/1600x800\/https:\/\/agenciabrasil.ebc.com.br\/sites\/default\/files\/thumbnails\/image\/2025\/08\/12\/53144369939_42114fe249_o.jpg?itok=r-kfRCNo","fifu_image_alt":"","footnotes":""},"categories":[594],"tags":[4667,9323,9324,5214,9309,211,73,9127,5206],"class_list":{"0":"post-13246","1":"post","2":"type-post","3":"status-publish","4":"format-standard","5":"has-post-thumbnail","7":"category-esportes","8":"tag-disputa","9":"tag-fla","10":"tag-iniciam","11":"tag-inter","12":"tag-libertadores","13":"tag-nas","14":"tag-por","15":"tag-quartas","16":"tag-vaga"},"_links":{"self":[{"href":"https:\/\/balancotocantins.com.br\/index.php?rest_route=\/wp\/v2\/posts\/13246","targetHints":{"allow":["GET"]}}],"collection":[{"href":"https:\/\/balancotocantins.com.br\/index.php?rest_route=\/wp\/v2\/posts"}],"about":[{"href":"https:\/\/balancotocantins.com.br\/index.php?rest_route=\/wp\/v2\/types\/post"}],"author":[{"embeddable":true,"href":"https:\/\/balancotocantins.com.br\/index.php?rest_route=\/wp\/v2\/users\/1"}],"replies":[{"embeddable":true,"href":"https:\/\/balancotocantins.com.br\/index.php?rest_route=%2Fwp%2Fv2%2Fcomments&post=13246"}],"version-history":[{"count":1,"href":"https:\/\/balancotocantins.com.br\/index.php?rest_route=\/wp\/v2\/posts\/13246\/revisions"}],"predecessor-version":[{"id":13248,"href":"https:\/\/balancotocantins.com.br\/index.php?rest_route=\/wp\/v2\/posts\/13246\/revisions\/13248"}],"wp:featuredmedia":[{"embeddable":true,"href":"https:\/\/balancotocantins.com.br\/index.php?rest_route=\/wp\/v2\/media\/13247"}],"wp:attachment":[{"href":"https:\/\/balancotocantins.com.br\/index.php?rest_route=%2Fwp%2Fv2%2Fmedia&parent=13246"}],"wp:term":[{"taxonomy":"category","embeddable":true,"href":"https:\/\/balancotocantins.com.br\/index.php?rest_route=%2Fwp%2Fv2%2Fcategories&post=13246"},{"taxonomy":"post_tag","embeddable":true,"href":"https:\/\/balancotocantins.com.br\/index.php?rest_route=%2Fwp%2Fv2%2Ftags&post=13246"}],"curies":[{"name":"wp","href":"https:\/\/api.w.org\/{rel}","templated":true}]}}