{"id":13427,"date":"2025-08-20T00:04:00","date_gmt":"2025-08-20T03:04:00","guid":{"rendered":"https:\/\/balancotocantins.com.br\/libertadores-sao-paulo-vence-atletico-nos-penaltis-e-esta-nas-quartas\/"},"modified":"2025-08-21T23:50:30","modified_gmt":"2025-08-22T02:50:30","slug":"libertadores-sao-paulo-vence-atletico-nos-penaltis-e-esta-nas-quartas","status":"publish","type":"post","link":"https:\/\/balancotocantins.com.br\/?p=13427","title":{"rendered":"Libertadores: S\u00e3o Paulo vence Atl\u00e9tico nos p\u00eanaltis e est\u00e1 nas quartas"},"content":{"rendered":"<p><\/p>\n<div>\n<p>O S\u00e3o Paulo fez valer o fato de jogar em casa, no est\u00e1dio do Morumbis, e superou o Atl\u00e9tico Nacional (Col\u00f4mbia) por 4 a 3 na disputa de p\u00eanaltis (ap\u00f3s empate de 1 a 1 no tempo regulamentar), na noite desta ter\u00e7a-feira (19), para alcan\u00e7ar as quartas de final da Copa Libertadores da Am\u00e9rica. A vaga ficou com o Tricolor porque, na ida, as equipes n\u00e3o passaram de um empate sem gols.<img decoding=\"async\" src=\"https:\/\/agenciabrasil.ebc.com.br\/ebc.gif?id=1655050&amp;o=node\" style=\"width:1px; height:1px; display:inline;\"\/><\/p>\n<blockquote class=\"twitter-tweet\">\n<p dir=\"ltr\" lang=\"pt\" xml:lang=\"pt\">\ud83c\uddfe\ud83c\uddea Nas Quartas de Final!<\/p>\n<p>\ud83d\udc4f Nos p\u00eanaltis, o <a rel=\"nofollow\" target=\"_blank\" href=\"https:\/\/twitter.com\/SaoPauloFC?ref_src=twsrc%5Etfw\">@SaoPauloFC<\/a> cravou a classifica\u00e7\u00e3o para a pr\u00f3xima fase da CONMEBOL <a rel=\"nofollow\" target=\"_blank\" href=\"https:\/\/twitter.com\/hashtag\/Libertadores?src=hash&amp;ref_src=twsrc%5Etfw\">#Libertadores<\/a>! \ud83c\udfc6\u26bd <a rel=\"nofollow\" target=\"_blank\" href=\"https:\/\/t.co\/WNh5Jlg4qn\">pic.twitter.com\/WNh5Jlg4qn<\/a><\/p>\n<p>\u2014 CONMEBOL Libertadores (@LibertadoresBR) <a rel=\"nofollow\" target=\"_blank\" href=\"https:\/\/twitter.com\/LibertadoresBR\/status\/1957998100854738978?ref_src=twsrc%5Etfw\">August 20, 2025<\/a><\/p><\/blockquote>\n<p>A equipe comandada pelo t\u00e9cnico argentino Hern\u00e1n Crespo deu a impress\u00e3o de que garantiria a classifica\u00e7\u00e3o com tranquilidade ao abrir o placar aos dois minutos do primeiro tempo com o atacante Andr\u00e9 Silva de cabe\u00e7a. Por\u00e9m, aos 24 minutos da etapa final o Atl\u00e9tico Nacional chegou \u00e0 igualdade gra\u00e7as a gol em cobran\u00e7a de p\u00eanalti de Morelos.<\/p>\n<p>Como o empate de 1 a 1 perdurou at\u00e9 o final dos 90 minutos, a vaga teve que ser definida na disputa de p\u00eanaltis. Nas penalidades m\u00e1ximas o S\u00e3o Paulo foi mais eficiente e triunfou por 4 a 3 para chegar \u00e0s quartas de final.<\/p>\n<h2>Fortaleza desclassificado<\/h2>\n<p>Quem se despediu da Copa Libertadores foi o Fortaleza, que, jogando no Est\u00e1dio Jos\u00e9 Amalfitani, em Buenos Aires, foi derrotado por 2 a 0 pelo V\u00e9lez Sarsfield (Argentina) na partida de volta das oitavas da competi\u00e7\u00e3o. O Le\u00e3o acabou dando adeus \u00e0 competi\u00e7\u00e3o continental porque, no confronto de ida, ficou no 0 a 0 com os argentinos.<\/p>\n<blockquote class=\"twitter-tweet\">\n<p dir=\"ltr\" lang=\"pt\" xml:lang=\"pt\">\ud83d\udcde Al\u00f4, Quartas de Final?! \ud83c\udfc6<\/p>\n<p>\ud83c\udde6\ud83c\uddf7 O <a rel=\"nofollow\" target=\"_blank\" href=\"https:\/\/twitter.com\/Velez?ref_src=twsrc%5Etfw\">@Velez<\/a> est\u00e1 chegando e continua na CONMEBOL <a rel=\"nofollow\" target=\"_blank\" href=\"https:\/\/twitter.com\/hashtag\/Libertadores?src=hash&amp;ref_src=twsrc%5Etfw\">#Libertadores<\/a> 2025! \ud83d\udc4f\u26bd <a rel=\"nofollow\" target=\"_blank\" href=\"https:\/\/t.co\/9nm9yeirAb\">pic.twitter.com\/9nm9yeirAb<\/a><\/p>\n<p>\u2014 CONMEBOL Libertadores (@LibertadoresBR) <a rel=\"nofollow\" target=\"_blank\" href=\"https:\/\/twitter.com\/LibertadoresBR\/status\/1957953852822499427?ref_src=twsrc%5Etfw\">August 19, 2025<\/a><\/p><\/blockquote>\n<p>      <!-- Relacionada --><\/p>\n<p>            <!-- Relacionada -->\n    <\/div>\n<p><script async src=\"\/\/platform.twitter.com\/widgets.js\" charset=\"utf-8\"><\/script><br \/>\n<br \/><a href=\"https:\/\/agenciabrasil.ebc.com.br\/esportes\/noticia\/2025-08\/libertadores-sao-paulo-vence-atletico-nos-penaltis-e-esta-nas-quartas\">Fonte: Ag\u00eancia Brasil<\/a><\/p>\n","protected":false},"excerpt":{"rendered":"<p>O S\u00e3o Paulo fez valer o fato de jogar em casa, no est\u00e1dio do Morumbis, e superou o Atl\u00e9tico Nacional (Col\u00f4mbia) por 4 a 3 na disputa de p\u00eanaltis (ap\u00f3s empate de 1 a 1 no tempo regulamentar), na noite desta ter\u00e7a-feira (19), para alcan\u00e7ar as quartas de final da Copa Libertadores da Am\u00e9rica. A [&hellip;]<\/p>\n","protected":false},"author":1,"featured_media":13428,"comment_status":"open","ping_status":"open","sticky":false,"template":"","format":"standard","meta":{"fifu_image_url":"https:\/\/imagens.ebc.com.br\/C2_skLc95-_CgTMbcnvaLJ1pmeo=\/1600x800\/https:\/\/agenciabrasil.ebc.com.br\/sites\/default\/files\/thumbnails\/image\/2025\/08\/19\/2025-08-20t004903z_1717847574_up1el8k029p9y_rtrmadp_3_soccer-libertadores-sao-atn-report.jpg?itok=P80ip4Ee","fifu_image_alt":"","footnotes":""},"categories":[594],"tags":[9311,305,9309,211,228,914,9381,9127,491,3616],"class_list":{"0":"post-13427","1":"post","2":"type-post","3":"status-publish","4":"format-standard","5":"has-post-thumbnail","7":"category-esportes","8":"tag-atletico","9":"tag-esta","10":"tag-libertadores","11":"tag-nas","12":"tag-nos","13":"tag-paulo","14":"tag-penaltis","15":"tag-quartas","16":"tag-sao","17":"tag-vence"},"_links":{"self":[{"href":"https:\/\/balancotocantins.com.br\/index.php?rest_route=\/wp\/v2\/posts\/13427","targetHints":{"allow":["GET"]}}],"collection":[{"href":"https:\/\/balancotocantins.com.br\/index.php?rest_route=\/wp\/v2\/posts"}],"about":[{"href":"https:\/\/balancotocantins.com.br\/index.php?rest_route=\/wp\/v2\/types\/post"}],"author":[{"embeddable":true,"href":"https:\/\/balancotocantins.com.br\/index.php?rest_route=\/wp\/v2\/users\/1"}],"replies":[{"embeddable":true,"href":"https:\/\/balancotocantins.com.br\/index.php?rest_route=%2Fwp%2Fv2%2Fcomments&post=13427"}],"version-history":[{"count":1,"href":"https:\/\/balancotocantins.com.br\/index.php?rest_route=\/wp\/v2\/posts\/13427\/revisions"}],"predecessor-version":[{"id":13429,"href":"https:\/\/balancotocantins.com.br\/index.php?rest_route=\/wp\/v2\/posts\/13427\/revisions\/13429"}],"wp:featuredmedia":[{"embeddable":true,"href":"https:\/\/balancotocantins.com.br\/index.php?rest_route=\/wp\/v2\/media\/13428"}],"wp:attachment":[{"href":"https:\/\/balancotocantins.com.br\/index.php?rest_route=%2Fwp%2Fv2%2Fmedia&parent=13427"}],"wp:term":[{"taxonomy":"category","embeddable":true,"href":"https:\/\/balancotocantins.com.br\/index.php?rest_route=%2Fwp%2Fv2%2Fcategories&post=13427"},{"taxonomy":"post_tag","embeddable":true,"href":"https:\/\/balancotocantins.com.br\/index.php?rest_route=%2Fwp%2Fv2%2Ftags&post=13427"}],"curies":[{"name":"wp","href":"https:\/\/api.w.org\/{rel}","templated":true}]}}