{"id":13716,"date":"2025-09-04T07:48:00","date_gmt":"2025-09-04T10:48:00","guid":{"rendered":"https:\/\/balancotocantins.com.br\/selecao-encara-chile-e-se-despede-da-torcida-brasileira-no-maracana\/"},"modified":"2025-09-04T16:46:03","modified_gmt":"2025-09-04T19:46:03","slug":"selecao-encara-chile-e-se-despede-da-torcida-brasileira-no-maracana","status":"publish","type":"post","link":"https:\/\/balancotocantins.com.br\/?p=13716","title":{"rendered":"Sele\u00e7\u00e3o encara Chile e se despede da torcida brasileira no Maracan\u00e3"},"content":{"rendered":"<p><\/p>\n<div>\n<p>O Maracan\u00e3 recebe nesta quinta (4) \u00e0 noite o \u00faltimo jogo do ano da sele\u00e7\u00e3o brasileira de futebol masculina no pa\u00eds. Depois do duelo de hoje contra o Chile pela pen\u00faltima rodada das Eliminat\u00f3rias da Copa do Mundo, o escrete canarinho joga contra a Bol\u00edvia fora de casa na pr\u00f3xima ter\u00e7a (9). J\u00e1 classificados, os brasileiros encaram os chilenos, \u00faltimos colocados e fora do Mundial de 2026. A partida ter\u00e1 in\u00edcio \u00e0s\u00a021h30 (hor\u00e1rio de Bras\u00edlia) e ter\u00e1 transmiss\u00e3o ao vivo da <strong>R\u00e1dio Nacional <\/strong>com narra\u00e7\u00e3o de Andr\u00e9 Marques,\u00a0coment\u00e1rios de Rodrigo Ricardo e a reportagem de Carlos Molinari.\u00a0<img decoding=\"async\" src=\"https:\/\/agenciabrasil.ebc.com.br\/ebc.gif?id=1657007&amp;o=node\" style=\"width:1px; height:1px; display:inline;\"\/><\/p>\n<p>Setenta mil ingressos foram colocados \u00e0 venda para o jogo de despedida da sele\u00e7\u00e3o, que ter\u00e1 show de abertura com a cantora baiana Ivete Sangalo. Durante o intervalo, est\u00e1 prevista uma\u00a0homenagem aos jogadores que foram campe\u00f5es mundiais vestindo a amarelinha. Aos 90 anos, Jos\u00e9 Macia, o Pepe, campe\u00e3o em 1958 e 1962 pelo Brasil j\u00e1 confirmou presen\u00e7a. H\u00e1 100 dias no comando da Sele\u00e7\u00e3o, o italiano Carlo Ancelotti tamb\u00e9m vai estrear \u00e0 beira do gramado do est\u00e1dio Jornalista M\u00e1rio Filho.<\/p>\n<blockquote>\n<p>\u201cUma experi\u00eancia nova, muito bonita, minha primeira vez no templo do futebol mundial\u201d, disse Ancelotti, esperando o m\u00e1ximo da equipe, e que atue com confian\u00e7a e equil\u00edbrio. \u201c\u00c9 o caminho que queremos correr at\u00e9 o Mundial.\u201d \u00a0<\/p>\n<\/blockquote>\n<p>Em terceiro lugar nas Eliminat\u00f3rias, com 25 pontos, o Brasil j\u00e1 garantiu a vaga para a Copa de 2026. Situa\u00e7\u00e3o diferente dos chilenos, que amargam a lanterna da disputa,\u00a0com 10 pontos,\u00a0 e est\u00e3o fora pela terceira vez consecutiva da maior competi\u00e7\u00e3o de sele\u00e7\u00f5es do mundo. A La Roja vai ser guiada por um treinador interino, Nicol\u00e1s C\u00f3rdova, t\u00e9cnico do Sub-20, no lugar de Ricardo Gareca, demitido na \u00faltima rodada.<\/p>\n<p>As estat\u00edsticas tamb\u00e9m apontam um amplo favoritismo da sele\u00e7\u00e3o.\u00a0Os chilenos s\u00e3o os maiores \u201cfregueses\u201d da hist\u00f3ria do futebol brasileiro. Em 74 partidas, foram 52 vit\u00f3rias da amarelinha, 14\u00a0empates e oito derrotas. \u00a0<\/p>\n<p>Ap\u00f3s tr\u00eas treinos na Granja Comary, em Teres\u00f3polis (RJ), Ancelotti deve escalar o time brasileiro com Alisson, Wesley, Marquinhos, Gabriel Magalh\u00e3es e Douglas Santos; Casemiro e Bruno Guimar\u00e3es; Raphinha, Gabriel Martinelli, Estev\u00e3o e Jo\u00e3o Pedro.<\/p>\n<p>A arbitragem de duelo Brasil x Chile ser\u00e1 venezuelana. Alexis Herrera (\u00e1rbitro); Lubin Torrealba e Albeto Ponte (assistentes);\u00a0Alejandro Vel\u00e1zquez (quarto \u00e1rbitro) e\u00a0\u00c1ngel Arteaga (VAR).<\/p>\n<p>      <!-- Relacionada --><\/p>\n<p>            <!-- Relacionada -->\n    <\/div>\n<p><a href=\"https:\/\/agenciabrasil.ebc.com.br\/esportes\/noticia\/2025-09\/selecao-encara-chile-e-se-despede-da-torcida-brasileira-no-maracana\">Fonte: Ag\u00eancia Brasil<\/a><\/p>\n","protected":false},"excerpt":{"rendered":"<p>O Maracan\u00e3 recebe nesta quinta (4) \u00e0 noite o \u00faltimo jogo do ano da sele\u00e7\u00e3o brasileira de futebol masculina no pa\u00eds. Depois do duelo de hoje contra o Chile pela pen\u00faltima rodada das Eliminat\u00f3rias da Copa do Mundo, o escrete canarinho joga contra a Bol\u00edvia fora de casa na pr\u00f3xima ter\u00e7a (9). J\u00e1 classificados, os [&hellip;]<\/p>\n","protected":false},"author":1,"featured_media":13717,"comment_status":"open","ping_status":"open","sticky":false,"template":"","format":"standard","meta":{"fifu_image_url":"https:\/\/imagens.ebc.com.br\/Vc9VV5cuXvNLLRq_SKf5GI_0nzU=\/1600x800\/https:\/\/agenciabrasil.ebc.com.br\/sites\/default\/files\/thumbnails\/image\/raphinha_selecao_brasileira_0.jpg?itok=9Y69FFE7","fifu_image_alt":"","footnotes":""},"categories":[594],"tags":[737,279,6527,9137,9437,3085,9459],"class_list":{"0":"post-13716","1":"post","2":"type-post","3":"status-publish","4":"format-standard","5":"has-post-thumbnail","7":"category-esportes","8":"tag-brasileira","9":"tag-chile","10":"tag-despede","11":"tag-encara","12":"tag-maracana","13":"tag-selecao","14":"tag-torcida"},"_links":{"self":[{"href":"https:\/\/balancotocantins.com.br\/index.php?rest_route=\/wp\/v2\/posts\/13716","targetHints":{"allow":["GET"]}}],"collection":[{"href":"https:\/\/balancotocantins.com.br\/index.php?rest_route=\/wp\/v2\/posts"}],"about":[{"href":"https:\/\/balancotocantins.com.br\/index.php?rest_route=\/wp\/v2\/types\/post"}],"author":[{"embeddable":true,"href":"https:\/\/balancotocantins.com.br\/index.php?rest_route=\/wp\/v2\/users\/1"}],"replies":[{"embeddable":true,"href":"https:\/\/balancotocantins.com.br\/index.php?rest_route=%2Fwp%2Fv2%2Fcomments&post=13716"}],"version-history":[{"count":1,"href":"https:\/\/balancotocantins.com.br\/index.php?rest_route=\/wp\/v2\/posts\/13716\/revisions"}],"predecessor-version":[{"id":13718,"href":"https:\/\/balancotocantins.com.br\/index.php?rest_route=\/wp\/v2\/posts\/13716\/revisions\/13718"}],"wp:featuredmedia":[{"embeddable":true,"href":"https:\/\/balancotocantins.com.br\/index.php?rest_route=\/wp\/v2\/media\/13717"}],"wp:attachment":[{"href":"https:\/\/balancotocantins.com.br\/index.php?rest_route=%2Fwp%2Fv2%2Fmedia&parent=13716"}],"wp:term":[{"taxonomy":"category","embeddable":true,"href":"https:\/\/balancotocantins.com.br\/index.php?rest_route=%2Fwp%2Fv2%2Fcategories&post=13716"},{"taxonomy":"post_tag","embeddable":true,"href":"https:\/\/balancotocantins.com.br\/index.php?rest_route=%2Fwp%2Fv2%2Ftags&post=13716"}],"curies":[{"name":"wp","href":"https:\/\/api.w.org\/{rel}","templated":true}]}}