{"id":13867,"date":"2025-09-10T23:34:00","date_gmt":"2025-09-11T02:34:00","guid":{"rendered":"https:\/\/balancotocantins.com.br\/fluminense-derrota-bahia-por-2-a-0-e-avanca-na-copa-do-brasil\/"},"modified":"2025-09-11T06:31:03","modified_gmt":"2025-09-11T09:31:03","slug":"fluminense-derrota-bahia-por-2-a-0-e-avanca-na-copa-do-brasil","status":"publish","type":"post","link":"https:\/\/balancotocantins.com.br\/?p=13867","title":{"rendered":"Fluminense derrota Bahia por 2 a 0 e avan\u00e7a na Copa do Brasil"},"content":{"rendered":"<p><\/p>\n<div>\n<p>O Fluminense garantiu presen\u00e7a na semifinal da Copa do Brasil ap\u00f3s derrotar o Bahia pelo placar de 2 a 0, nesta quarta-feira (10) no est\u00e1dio do Maracan\u00e3, no Rio de Janeiro, na partida de volta das quartas de final da Copa do Brasil. Agora o Tricolor aguarda a partida entre Botafogo e Vasco para conhecer seu pr\u00f3ximo advers\u00e1rio na competi\u00e7\u00e3o.<img decoding=\"async\" src=\"https:\/\/agenciabrasil.ebc.com.br\/ebc.gif?id=1658225&amp;o=node\" style=\"width:1px; height:1px; display:inline;\"\/><\/p>\n<blockquote class=\"twitter-tweet\">\n<p dir=\"ltr\" lang=\"pt\" xml:lang=\"pt\">VEEEEEEEEEEEEEEENNNNNNCEEEE O FLUMINEEEEENNNSEEEEEEE!<\/p>\n<p>CANOBBIO ABRE O PLACAR, THIAGO SILVA VIRA O PLACAR DA ELIMINAT\u00d3RIA E O FLU SEGUE VIVO NA COPA DO BRASIL! NEEEEENNNNSEEEEEEEEEE! <a rel=\"nofollow\" target=\"_blank\" href=\"https:\/\/t.co\/GXm6bIHBUU\">pic.twitter.com\/GXm6bIHBUU<\/a><\/p>\n<p>\u2014 Fluminense F.C. (@FluminenseFC) <a rel=\"nofollow\" target=\"_blank\" href=\"https:\/\/twitter.com\/FluminenseFC\/status\/1965928544204370140?ref_src=twsrc%5Etfw\">September 11, 2025<\/a><\/p><\/blockquote>\n<p>Ap\u00f3s perder de 1 a 0 no confronto de ida em Salvador, a equipe comandada pelo t\u00e9cnico Renato Ga\u00facho contou com o apoio dos mais de 48 mil torcedores que compareceram ao est\u00e1dio do Maracan\u00e3 para construir o placar necess\u00e1rio para garantir a classifica\u00e7\u00e3o no tempo regulamentar.<\/p>\n<p>Tendo a vantagem de avan\u00e7ar com o empate, a equipe do t\u00e9cnico Rog\u00e9rio Ceni se fechou na defesa\u00a0e permitiu que o Tricolor das Laranjeiras comandasse as a\u00e7\u00f5es desde o primeiro minuto de partida. Por\u00e9m, apesar das in\u00fameras oportunidades criadas, o Fluminense s\u00f3 conseguiu abrir o placar no in\u00edcio da etapa final, com o uruguaio Canobbio em cobran\u00e7a de p\u00eanalti aos nove minutos.<\/p>\n<p>Mas o 1 a 0 ainda n\u00e3o garantia a presen\u00e7a do time de Renato Ga\u00facho nas semifinais. E a classifica\u00e7\u00e3o veio ap\u00f3s novo gol que teve como origem uma jogada de bola parada. Aos 38 minutos, Canobbio levantou a bola na \u00e1rea em cobran\u00e7a de falta e Thiago Silva testou com for\u00e7a para superar o goleiro Ronaldo e marcar o gol da classifica\u00e7\u00e3o.<\/p>\n<h2>Tim\u00e3o avan\u00e7a<\/h2>\n<p>Outra equipe a confirmar a presen\u00e7a nas semifinais da Copa do Brasil foi o Corinthians, que, jogando em Itaquera, bateu o Athletico-PR por 2 a 0 gra\u00e7as a gols de Gui Neg\u00e3o e Garro.<\/p>\n<blockquote class=\"twitter-tweet\">\n<p dir=\"ltr\" lang=\"pt\" xml:lang=\"pt\">&#8230;O TIM\u00c3O PARA A SEMIFINAL DA COPA DO BRASIL!!!!! \ud83c\udff4\ud83c\udff3\ufe0f<\/p>\n<p>Na <a rel=\"nofollow\" target=\"_blank\" href=\"https:\/\/twitter.com\/hashtag\/CasaDoPovo?src=hash&amp;ref_src=twsrc%5Etfw\">#CasaDoPovo<\/a>, o Tim\u00e3o venceu novamente o Athletico e avan\u00e7ou de fase!! \ud83d\udc4f\ud83c\udffd\ud83d\ude4f\ud83c\udffd<\/p>\n<p>Corinthians 2 \ud83c\udd9a 0 Athletico<\/p>\n<p>\u26bd Rodrigo Garro<br \/>\u26bd Gui Neg\u00e3o<a rel=\"nofollow\" target=\"_blank\" href=\"https:\/\/twitter.com\/hashtag\/VaiCorinthians?src=hash&amp;ref_src=twsrc%5Etfw\">#VaiCorinthians<\/a> <a rel=\"nofollow\" target=\"_blank\" href=\"https:\/\/t.co\/uSNC5tVVrp\">pic.twitter.com\/uSNC5tVVrp<\/a><\/p>\n<p>\u2014 Corinthians (@Corinthians) <a rel=\"nofollow\" target=\"_blank\" href=\"https:\/\/twitter.com\/Corinthians\/status\/1965964613737992403?ref_src=twsrc%5Etfw\">September 11, 2025<\/a><\/p><\/blockquote>\n<p>      <!-- Relacionada --><\/p>\n<p>            <!-- Relacionada -->\n    <\/div>\n<p><script async src=\"\/\/platform.twitter.com\/widgets.js\" charset=\"utf-8\"><\/script><br \/>\n<br \/><a href=\"https:\/\/agenciabrasil.ebc.com.br\/esportes\/noticia\/2025-09\/fluminense-derrota-bahia-por-2-0-e-avanca-na-copa-do-brasil\">Fonte: Ag\u00eancia Brasil<\/a><\/p>\n","protected":false},"excerpt":{"rendered":"<p>O Fluminense garantiu presen\u00e7a na semifinal da Copa do Brasil ap\u00f3s derrotar o Bahia pelo placar de 2 a 0, nesta quarta-feira (10) no est\u00e1dio do Maracan\u00e3, no Rio de Janeiro, na partida de volta das quartas de final da Copa do Brasil. Agora o Tricolor aguarda a partida entre Botafogo e Vasco para conhecer [&hellip;]<\/p>\n","protected":false},"author":1,"featured_media":13868,"comment_status":"open","ping_status":"open","sticky":false,"template":"","format":"standard","meta":{"fifu_image_url":"https:\/\/imagens.ebc.com.br\/hcuwRS_1VMuiqe62gmUZZkdKfa4=\/1600x800\/https:\/\/agenciabrasil.ebc.com.br\/sites\/default\/files\/thumbnails\/image\/2025\/09\/10\/54779110411_25d688ff56_k.jpg?itok=mqa9h__k","fifu_image_alt":"","footnotes":""},"categories":[594],"tags":[2062,1551,303,3748,2414,2970,73],"class_list":{"0":"post-13867","1":"post","2":"type-post","3":"status-publish","4":"format-standard","5":"has-post-thumbnail","7":"category-esportes","8":"tag-avanca","9":"tag-bahia","10":"tag-brasil","11":"tag-copa","12":"tag-derrota","13":"tag-fluminense","14":"tag-por"},"_links":{"self":[{"href":"https:\/\/balancotocantins.com.br\/index.php?rest_route=\/wp\/v2\/posts\/13867","targetHints":{"allow":["GET"]}}],"collection":[{"href":"https:\/\/balancotocantins.com.br\/index.php?rest_route=\/wp\/v2\/posts"}],"about":[{"href":"https:\/\/balancotocantins.com.br\/index.php?rest_route=\/wp\/v2\/types\/post"}],"author":[{"embeddable":true,"href":"https:\/\/balancotocantins.com.br\/index.php?rest_route=\/wp\/v2\/users\/1"}],"replies":[{"embeddable":true,"href":"https:\/\/balancotocantins.com.br\/index.php?rest_route=%2Fwp%2Fv2%2Fcomments&post=13867"}],"version-history":[{"count":1,"href":"https:\/\/balancotocantins.com.br\/index.php?rest_route=\/wp\/v2\/posts\/13867\/revisions"}],"predecessor-version":[{"id":13869,"href":"https:\/\/balancotocantins.com.br\/index.php?rest_route=\/wp\/v2\/posts\/13867\/revisions\/13869"}],"wp:featuredmedia":[{"embeddable":true,"href":"https:\/\/balancotocantins.com.br\/index.php?rest_route=\/wp\/v2\/media\/13868"}],"wp:attachment":[{"href":"https:\/\/balancotocantins.com.br\/index.php?rest_route=%2Fwp%2Fv2%2Fmedia&parent=13867"}],"wp:term":[{"taxonomy":"category","embeddable":true,"href":"https:\/\/balancotocantins.com.br\/index.php?rest_route=%2Fwp%2Fv2%2Fcategories&post=13867"},{"taxonomy":"post_tag","embeddable":true,"href":"https:\/\/balancotocantins.com.br\/index.php?rest_route=%2Fwp%2Fv2%2Ftags&post=13867"}],"curies":[{"name":"wp","href":"https:\/\/api.w.org\/{rel}","templated":true}]}}