{"id":14414,"date":"2025-10-06T18:28:00","date_gmt":"2025-10-06T21:28:00","guid":{"rendered":"https:\/\/balancotocantins.com.br\/everton-ribeiro-passa-por-cirurgia-de-tireoide-devido-a-um-cancer\/"},"modified":"2025-10-07T11:39:56","modified_gmt":"2025-10-07T14:39:56","slug":"everton-ribeiro-passa-por-cirurgia-de-tireoide-devido-a-um-cancer","status":"publish","type":"post","link":"https:\/\/balancotocantins.com.br\/?p=14414","title":{"rendered":"Everton Ribeiro passa por cirurgia de tireoide devido a um c\u00e2ncer"},"content":{"rendered":"<p><\/p>\n<div>\n<p>Um dia ap\u00f3s se destacar em campo na vit\u00f3ria do Bahia sobre o Flamengo em Salvador, o meio-campista Everton Ribeiro revelou que passou por cirurgia nesta segunda-feira (6) para tratar de um c\u00e2ncer de tireoide diagnosticado h\u00e1 quase um m\u00eas. Ex-jogador do Flamengo, o atleta de 36 anos, camisa 10 do Esquadr\u00e3o de A\u00e7o, usou as redes sociais para falar do assunto com os f\u00e3s.<img decoding=\"async\" src=\"https:\/\/agenciabrasil.ebc.com.br\/ebc.gif?id=1661598&amp;o=node\" style=\"width:1px; height:1px; display:inline;\"\/><\/p>\n<p>\u201cHoje fiz a cirurgia e tudo correu bem, gra\u00e7as a Deus. Sigo em recupera\u00e7\u00e3o, com f\u00e9 e com o apoio da minha fam\u00edlia e de voc\u00eas. Obrigado por cada ora\u00e7\u00e3o e carinho. Ter voc\u00eas ao meu lado faz toda a diferen\u00e7a. <em>Tenho certeza de que vamos vencer mais essa batalha juntos&#8221;<\/em>, afirmou o jogador e capit\u00e3o do time baiano.<\/p>\n<p>A tireoide \u00e9 uma gl\u00e2ndula que tem o formato parecido com o de uma borboleta, localizada na parte superior e frontal do pesco\u00e7o, abra\u00e7ando a traqueia. Ela produz os horm\u00f4nios\u00a0T3 e T4 (triodotironina e tiroxina, respectivamente), que agem no corpo, desde a forma\u00e7\u00e3o fetal at\u00e9 a velhice.<\/p>\n<blockquote class=\"instagram-media\" data-instgrm-captioned=\"\" data-instgrm-permalink=\"https:\/\/www.instagram.com\/p\/DPeaqLxjt6E\/?utm_source=ig_embed&amp;utm_campaign=loading\" data-instgrm-version=\"14\" style=\" background:#FFF; border:0; border-radius:3px; box-shadow:0 0 1px 0 rgba(0,0,0,0.5),0 1px 10px 0 rgba(0,0,0,0.15); margin: 1px; max-width:540px; min-width:326px; padding:0; width:99.375%; width:-webkit-calc(100% - 2px); width:calc(100% - 2px);\">\n<\/blockquote>\n<p>Na noite de domingo (5), v\u00e9spera da cirurgia, Everton brilhou na cria\u00e7\u00e3o de jogadas do Bahia, que derrotou o Rubro-Negro carioca por 1 a 0, na Arena Fonte Nova, em Salvador. O triunfo p\u00f4s fim a\u00a0uma sequ\u00eancia de 12 derrotas seguidas do Esquadr\u00e3o de A\u00e7o para o time carioca.<\/p>\n<p>O procedimento cir\u00fargico de Everton coincide com o in\u00edcio da Data Fifa &#8211;\u00a0intervalo para realiza\u00e7\u00e3o de amistosos de sele\u00e7\u00f5es,\u00a0quando h\u00e1 interrup\u00e7\u00e3o do calend\u00e1rio do\u00a0Campeonato Brasileiro. O pr\u00f3ximo jogo do Bahia pelo Brasileir\u00e3o ser\u00e1 contra o arquirrival Vit\u00f3ria em 16 de outubro.<\/p>\n<p><a rel=\"nofollow\" target=\"_blank\" href=\"https:\/\/www.whatsapp.com\/channel\/0029VaoRTgrInlqYLSk59B2M\" target=\"_blank\">&gt;&gt; Siga o canal da <strong>Ag\u00eancia Brasil <\/strong>no WhatsApp<\/a><\/p>\n<p>Everton Ribeiro foi contratado pelo Bahia no in\u00edcio do ano passado, ap\u00f3s sete temporadas no Flamengo, onde conquistou 11 t\u00edtulos. Ele tamb\u00e9m passou por\u00a0Corinthians, S\u00e3o Caetano, Coritiba, Cruzeiro e Al-Ahli (Emirados \u00c1rabes).<\/p>\n<p>      <!-- Relacionada --><\/p>\n<p>            <!-- Relacionada -->\n    <\/div>\n<p><script async src=\"\/\/www.instagram.com\/embed.js\"><\/script><br \/>\n<br \/><a href=\"https:\/\/agenciabrasil.ebc.com.br\/esportes\/noticia\/2025-10\/everton-ribeiro-passa-por-cirurgia-de-tireoide-devido-um-cancer\">Fonte: Ag\u00eancia Brasil<\/a><\/p>\n","protected":false},"excerpt":{"rendered":"<p>Um dia ap\u00f3s se destacar em campo na vit\u00f3ria do Bahia sobre o Flamengo em Salvador, o meio-campista Everton Ribeiro revelou que passou por cirurgia nesta segunda-feira (6) para tratar de um c\u00e2ncer de tireoide diagnosticado h\u00e1 quase um m\u00eas. Ex-jogador do Flamengo, o atleta de 36 anos, camisa 10 do Esquadr\u00e3o de A\u00e7o, usou [&hellip;]<\/p>\n","protected":false},"author":1,"featured_media":14415,"comment_status":"open","ping_status":"open","sticky":false,"template":"","format":"standard","meta":{"fifu_image_url":"https:\/\/imagens.ebc.com.br\/wCeDkjGrNiJ8n2LjY-wOP-82GB8=\/1600x800\/https:\/\/agenciabrasil.ebc.com.br\/sites\/default\/files\/thumbnails\/image\/2025\/10\/06\/everton_ribeiro_bahia_2025.jpg?itok=AtqKkvfW","fifu_image_alt":"","footnotes":""},"categories":[594],"tags":[205,1865,235,9706,1462,73,1049,8829],"class_list":{"0":"post-14414","1":"post","2":"type-post","3":"status-publish","4":"format-standard","5":"has-post-thumbnail","7":"category-esportes","8":"tag-cancer","9":"tag-cirurgia","10":"tag-devido","11":"tag-everton","12":"tag-passa","13":"tag-por","14":"tag-ribeiro","15":"tag-tireoide"},"_links":{"self":[{"href":"https:\/\/balancotocantins.com.br\/index.php?rest_route=\/wp\/v2\/posts\/14414","targetHints":{"allow":["GET"]}}],"collection":[{"href":"https:\/\/balancotocantins.com.br\/index.php?rest_route=\/wp\/v2\/posts"}],"about":[{"href":"https:\/\/balancotocantins.com.br\/index.php?rest_route=\/wp\/v2\/types\/post"}],"author":[{"embeddable":true,"href":"https:\/\/balancotocantins.com.br\/index.php?rest_route=\/wp\/v2\/users\/1"}],"replies":[{"embeddable":true,"href":"https:\/\/balancotocantins.com.br\/index.php?rest_route=%2Fwp%2Fv2%2Fcomments&post=14414"}],"version-history":[{"count":1,"href":"https:\/\/balancotocantins.com.br\/index.php?rest_route=\/wp\/v2\/posts\/14414\/revisions"}],"predecessor-version":[{"id":14416,"href":"https:\/\/balancotocantins.com.br\/index.php?rest_route=\/wp\/v2\/posts\/14414\/revisions\/14416"}],"wp:featuredmedia":[{"embeddable":true,"href":"https:\/\/balancotocantins.com.br\/index.php?rest_route=\/wp\/v2\/media\/14415"}],"wp:attachment":[{"href":"https:\/\/balancotocantins.com.br\/index.php?rest_route=%2Fwp%2Fv2%2Fmedia&parent=14414"}],"wp:term":[{"taxonomy":"category","embeddable":true,"href":"https:\/\/balancotocantins.com.br\/index.php?rest_route=%2Fwp%2Fv2%2Fcategories&post=14414"},{"taxonomy":"post_tag","embeddable":true,"href":"https:\/\/balancotocantins.com.br\/index.php?rest_route=%2Fwp%2Fv2%2Ftags&post=14414"}],"curies":[{"name":"wp","href":"https:\/\/api.w.org\/{rel}","templated":true}]}}