{"id":14585,"date":"2025-10-14T22:08:00","date_gmt":"2025-10-15T01:08:00","guid":{"rendered":"https:\/\/balancotocantins.com.br\/nova-temporada-do-nbb-e-lancada-oficialmente-em-sao-paulo\/"},"modified":"2025-10-15T01:26:02","modified_gmt":"2025-10-15T04:26:02","slug":"nova-temporada-do-nbb-e-lancada-oficialmente-em-sao-paulo","status":"publish","type":"post","link":"https:\/\/balancotocantins.com.br\/?p=14585","title":{"rendered":"Nova temporada do NBB \u00e9 lan\u00e7ada oficialmente em S\u00e3o Paulo"},"content":{"rendered":"<p><\/p>\n<div>\n<p>A nova temporada do Novo Basquete Brasil (NBB) foi lan\u00e7ada oficialmente nesta ter\u00e7a-feira (14) no Sal\u00e3o Nobre do Corinthians, em S\u00e3o Paulo. A competi\u00e7\u00e3o, que ter\u00e1 suas primeiras partidas disputadas no pr\u00f3ximo s\u00e1bado (18), ter\u00e1 um slogan: \u201cNossa Terra tem Basquete\u201d. A ideia, segundo os organizadores da competi\u00e7\u00e3o, \u00e9\u00a0\u201cfortalecer a identidade do basquete brasileiro\u201d.<img decoding=\"async\" src=\"https:\/\/agenciabrasil.ebc.com.br\/ebc.gif?id=1662912&amp;o=node\" style=\"width:1px; height:1px; display:inline;\"\/><\/p>\n<p>Outra novidade ficar\u00e1 fora das quatro linhas, a primeira mulher a comandar uma equipe da competi\u00e7\u00e3o. E a tarefa caber\u00e1 \u00e0 s\u00e9rvia Jelena Todorovic. A t\u00e9cnica de 31 anos estar\u00e1 no comando do Fortaleza Basquete Cearense, que estreia diante do Vasco da Gama no s\u00e1bado.<\/p>\n<blockquote class=\"twitter-tweet\">\n<p dir=\"ltr\" lang=\"pt\" xml:lang=\"pt\">Aqui \u00e9 o meu lugar! \ud83d\udccd\ud83c\udfc0<\/p>\n<p>O NBB CAIXA 2025\/26 foi lan\u00e7ado oficialmente nesta ter\u00e7a (14), no Sal\u00e3o Nobre do Corinthians, em S\u00e3o Paulo, com a campanha \u201cNossa Terra tem Basquete\u201d, que exalta a identidade, a cultura e a paix\u00e3o que unem o pa\u00eds em torno do esporte. \ud83c\udde7\ud83c\uddf7<\/p>\n<p>\ud83d\udcf8 Fabr\u00edcio\u2026 <a rel=\"nofollow\" target=\"_blank\" href=\"https:\/\/t.co\/slNifPrpBT\">pic.twitter.com\/slNifPrpBT<\/a><\/p>\n<p>\u2014 NBB CAIXA (@NBB) <a rel=\"nofollow\" target=\"_blank\" href=\"https:\/\/twitter.com\/NBB\/status\/1978183570913984521?ref_src=twsrc%5Etfw\">October 14, 2025<\/a><\/p><\/blockquote>\n<p>\u201cEstou muito honrada com esse privil\u00e9gio. Comandar \u00e9 dif\u00edcil, \u00e9 um desafio. Procuro ser a melhor pessoa para liderar os meus atletas. N\u00e3o importa se voc\u00ea \u00e9 mulher ou n\u00e3o, importa que voc\u00ea \u00e9 a melhor pessoa para o cargo. Voc\u00ea tem habilidades de lideran\u00e7a, tem conhecimento e conseguiu o emprego. Agrade\u00e7o ao basquete brasileiro por me dar essa grande oportunidade\u201d, declarou a t\u00e9cnica.<\/p>\n<p>Quem tamb\u00e9m chega motivado \u00e0 uma nova\u00a0temporada do NBB \u00e9 L\u00e9o Costa, comandante do Minas, atual vice-campe\u00e3o da competi\u00e7\u00e3o e que busca a conquista in\u00e9dita: \u201cO clube quer muito esse t\u00edtulo. N\u00f3s sabemos da dificuldade e do alto n\u00edvel da competi\u00e7\u00e3o. Nos \u00faltimos anos, o Minas tem sido considerado um dos grandes favoritos a levar a competi\u00e7\u00e3o, e isso me deixa muito feliz. N\u00e3o ser\u00e1 um processo f\u00e1cil e queremos nos colocar nessa posi\u00e7\u00e3o de grandes favoritos para o t\u00edtulo novamente\u201d.<\/p>\n<blockquote class=\"twitter-tweet\">\n<p dir=\"ltr\" lang=\"pt\" xml:lang=\"pt\">\ud835\udc68 \ud835\udc8f\ud835\udc90\ud835\udc94\ud835\udc94\ud835\udc82 \ud835\udc95\ud835\udc86\ud835\udc93\ud835\udc93\ud835\udc82 \ud835\udc95\ud835\udc86\ud835\udc8e \ud835\udc83\ud835\udc82\ud835\udc94\ud835\udc92\ud835\udc96\ud835\udc86\ud835\udc95\ud835\udc86 \ud835\udc86 \ud835\udc82\ud835\udc92\ud835\udc96\ud835\udc8a \u00e9 \ud835\udc8e\ud835\udc86\ud835\udc96 \ud835\udc8d\ud835\udc96\ud835\udc88\ud835\udc82\ud835\udc93.<\/p>\n<p>Est\u00e1 aberta a temporada 2025\/26 do NBB CAIXA. \ud83c\udfc0<\/p>\n<p>Esperamos todos voc\u00eas na rodada de abertura: 18 de outubro. Saiba mais em <a rel=\"nofollow\" target=\"_blank\" href=\"\"><\/a> \ud83d\udcf2<a rel=\"nofollow\" target=\"_blank\" href=\"https:\/\/twitter.com\/hashtag\/NossaTerraTemBasquete?src=hash&amp;ref_src=twsrc%5Etfw\">#NossaTerraTemBasquete<\/a> <a rel=\"nofollow\" target=\"_blank\" href=\"https:\/\/t.co\/hGKJLtUFap\">pic.twitter.com\/hGKJLtUFap<\/a><\/p>\n<p>\u2014 NBB CAIXA (@NBB) <a rel=\"nofollow\" target=\"_blank\" href=\"https:\/\/twitter.com\/NBB\/status\/1978128375697797587?ref_src=twsrc%5Etfw\">October 14, 2025<\/a><\/p><\/blockquote>\n<p>Por\u00e9m, para o atual campe\u00e3o, permanecer no topo tamb\u00e9m \u00e9 um grande desafio, como deixou claro o ala\/armador Georginho de Paula, do Sesi Franca: \u201cN\u00f3s, de Franca, sabemos dessa press\u00e3o, sabemos da responsabilidade que \u00e9 e trabalhamos todos os dias para corresponder muito bem. Nosso objetivo \u00e9 conquistar mais um caneco e fazer hist\u00f3ria, mas sabemos que n\u00e3o ser\u00e1 uma miss\u00e3o f\u00e1cil\u201d.<\/p>\n<p>      <!-- Relacionada --><\/p>\n<p>            <!-- Relacionada -->\n    <\/div>\n<p><script async src=\"\/\/platform.twitter.com\/widgets.js\" charset=\"utf-8\"><\/script><br \/>\n<br \/><a href=\"https:\/\/agenciabrasil.ebc.com.br\/esportes\/noticia\/2025-10\/nova-temporada-do-nbb-e-lancada-oficialmente-em-sao-paulo\">Fonte: Ag\u00eancia Brasil<\/a><\/p>\n","protected":false},"excerpt":{"rendered":"<p>A nova temporada do Novo Basquete Brasil (NBB) foi lan\u00e7ada oficialmente nesta ter\u00e7a-feira (14) no Sal\u00e3o Nobre do Corinthians, em S\u00e3o Paulo. A competi\u00e7\u00e3o, que ter\u00e1 suas primeiras partidas disputadas no pr\u00f3ximo s\u00e1bado (18), ter\u00e1 um slogan: \u201cNossa Terra tem Basquete\u201d. A ideia, segundo os organizadores da competi\u00e7\u00e3o, \u00e9\u00a0\u201cfortalecer a identidade do basquete brasileiro\u201d. Outra [&hellip;]<\/p>\n","protected":false},"author":1,"featured_media":14586,"comment_status":"open","ping_status":"open","sticky":false,"template":"","format":"standard","meta":{"fifu_image_url":"https:\/\/imagens.ebc.com.br\/r4Bexqg9cA0VOkILp7E9pSTTPMY=\/1600x800\/https:\/\/agenciabrasil.ebc.com.br\/sites\/default\/files\/thumbnails\/image\/2025\/10\/14\/_fabriciomiguel-74-768x512.jpg?itok=c7FvSIi1","fifu_image_alt":"","footnotes":""},"categories":[594],"tags":[5359,9759,837,5581,914,491,5894],"class_list":{"0":"post-14585","1":"post","2":"type-post","3":"status-publish","4":"format-standard","5":"has-post-thumbnail","7":"category-esportes","8":"tag-lancada","9":"tag-nbb","10":"tag-nova","11":"tag-oficialmente","12":"tag-paulo","13":"tag-sao","14":"tag-temporada"},"_links":{"self":[{"href":"https:\/\/balancotocantins.com.br\/index.php?rest_route=\/wp\/v2\/posts\/14585","targetHints":{"allow":["GET"]}}],"collection":[{"href":"https:\/\/balancotocantins.com.br\/index.php?rest_route=\/wp\/v2\/posts"}],"about":[{"href":"https:\/\/balancotocantins.com.br\/index.php?rest_route=\/wp\/v2\/types\/post"}],"author":[{"embeddable":true,"href":"https:\/\/balancotocantins.com.br\/index.php?rest_route=\/wp\/v2\/users\/1"}],"replies":[{"embeddable":true,"href":"https:\/\/balancotocantins.com.br\/index.php?rest_route=%2Fwp%2Fv2%2Fcomments&post=14585"}],"version-history":[{"count":1,"href":"https:\/\/balancotocantins.com.br\/index.php?rest_route=\/wp\/v2\/posts\/14585\/revisions"}],"predecessor-version":[{"id":14587,"href":"https:\/\/balancotocantins.com.br\/index.php?rest_route=\/wp\/v2\/posts\/14585\/revisions\/14587"}],"wp:featuredmedia":[{"embeddable":true,"href":"https:\/\/balancotocantins.com.br\/index.php?rest_route=\/wp\/v2\/media\/14586"}],"wp:attachment":[{"href":"https:\/\/balancotocantins.com.br\/index.php?rest_route=%2Fwp%2Fv2%2Fmedia&parent=14585"}],"wp:term":[{"taxonomy":"category","embeddable":true,"href":"https:\/\/balancotocantins.com.br\/index.php?rest_route=%2Fwp%2Fv2%2Fcategories&post=14585"},{"taxonomy":"post_tag","embeddable":true,"href":"https:\/\/balancotocantins.com.br\/index.php?rest_route=%2Fwp%2Fv2%2Ftags&post=14585"}],"curies":[{"name":"wp","href":"https:\/\/api.w.org\/{rel}","templated":true}]}}