{"id":14869,"date":"2025-10-27T17:38:13","date_gmt":"2025-10-27T20:38:13","guid":{"rendered":"https:\/\/balancotocantins.com.br\/?p=14869"},"modified":"2025-10-27T17:38:28","modified_gmt":"2025-10-27T20:38:28","slug":"gurupi-acelera-o-progresso-pavimentacao-em-cbuq-marca-avanco-da-2a-etapa-da-via-da-integracao","status":"publish","type":"post","link":"https:\/\/balancotocantins.com.br\/?p=14869","title":{"rendered":"Gurupi acelera o progresso: pavimenta\u00e7\u00e3o em CBUQ marca avan\u00e7o da 2\u00aa etapa da Via da Integra\u00e7\u00e3o"},"content":{"rendered":"<p>A Prefeitura de Gurupi segue imprimindo ritmo intenso \u00e0s obras que est\u00e3o transformando a mobilidade e a infraestrutura urbana da cidade. Nesta quinta-feira (23), teve in\u00edcio a aplica\u00e7\u00e3o da pavimenta\u00e7\u00e3o asf\u00e1ltica em CBUQ (Concreto Betuminoso Usinado a Quente) na 2\u00aa etapa da Via da Integra\u00e7\u00e3o Governador Siqueira Campos, uma das obras estruturantes mais aguardadas pela popula\u00e7\u00e3o.<\/p>\n<p>O trecho em execu\u00e7\u00e3o est\u00e1 localizado nas proximidades do viaduto central da BR-153, conectando a rotat\u00f3ria sob a rodovia ao cruzamento da Avenida Beira Rio com a Rua M, \u00e0s margens do C\u00f3rrego Mutuca. A aplica\u00e7\u00e3o do asfalto, que prossegue nesta sexta-feira (24), antecede as pr\u00f3ximas fases de urbaniza\u00e7\u00e3o, que incluem cal\u00e7amento, sinaliza\u00e7\u00e3o vi\u00e1ria e nova ilumina\u00e7\u00e3o p\u00fablica.<\/p>\n<p><img loading=\"lazy\" loading=\"lazy\" decoding=\"async\" class=\"alignnone size-medium wp-image-3745\" src=\"https:\/\/balancotocantins.com.br\/wp-content\/uploads\/2025\/10\/Foto-Joao-Santos-Aplicacao-CBUQ-2-etapa-Via-da-Integracao-3.jpg\" alt=\"\" width=\"300\" height=\"169\" \/><\/p>\n<p>A prefeita Josi Nunes acompanhou de perto o andamento dos trabalhos e destacou a import\u00e2ncia da obra para o desenvolvimento urbano de Gurupi.<\/p>\n<p>\u201c\u00c9 uma alegria muito grande ver o avan\u00e7o das obras da Via da Integra\u00e7\u00e3o. Seguimos trabalhando intensamente, e em breve vamos entregar mais uma bela obra estruturante para Gurupi, que vai beneficiar a mobilidade no tr\u00e2nsito e garantir mais fluidez e seguran\u00e7a para motoristas e pedestres\u201d, afirmou a gestora.<\/p>\n<p>A secret\u00e1ria municipal de Infraestrutura, Juliana Passarin, ressaltou o compromisso da administra\u00e7\u00e3o com obras de qualidade e planejamento respons\u00e1vel.<\/p>\n<p>\u201cEssa \u00e9 uma obra de grande import\u00e2ncia para Gurupi. Estamos avan\u00e7ando com responsabilidade e qualidade, oferecendo uma infraestrutura cada vez melhor para nossa popula\u00e7\u00e3o. A Via da Integra\u00e7\u00e3o representa progresso e vai impactar de forma positiva o dia a dia dos gurupienses\u201d, enfatizou.<\/p>\n<p>Mais do que um corredor vi\u00e1rio, a Via da Integra\u00e7\u00e3o Governador Siqueira Campos simboliza um marco no crescimento urbano de Gurupi. Considerada o principal eixo de liga\u00e7\u00e3o entre as regi\u00f5es Leste e Oeste da cidade, a obra promove integra\u00e7\u00e3o, amplia o fluxo vi\u00e1rio e valoriza as \u00e1reas do entorno.<\/p>\n<p>O projeto faz parte de um amplo pacote de investimentos em infraestrutura executado pela Prefeitura, que busca modernizar a malha urbana, fortalecer a mobilidade e oferecer mais qualidade de vida \u00e0 popula\u00e7\u00e3o da Capital da Amizade e do Futuro.<\/p>\n<p>&nbsp;<\/p>\n","protected":false},"excerpt":{"rendered":"<p>A Prefeitura de Gurupi segue imprimindo ritmo intenso \u00e0s obras que est\u00e3o transformando a mobilidade e a infraestrutura urbana da cidade. Nesta quinta-feira (23), teve in\u00edcio a aplica\u00e7\u00e3o da pavimenta\u00e7\u00e3o asf\u00e1ltica em CBUQ (Concreto Betuminoso Usinado a Quente) na 2\u00aa etapa da Via da Integra\u00e7\u00e3o Governador Siqueira Campos, uma das obras estruturantes mais aguardadas pela [&hellip;]<\/p>\n","protected":false},"author":1,"featured_media":14871,"comment_status":"open","ping_status":"closed","sticky":false,"template":"","format":"standard","meta":{"fifu_image_url":"","fifu_image_alt":"","footnotes":""},"categories":[4200],"tags":[1043,9870,9868,9869],"class_list":{"0":"post-14869","1":"post","2":"type-post","3":"status-publish","4":"format-standard","5":"has-post-thumbnail","7":"category-noticias","8":"tag-capa","9":"tag-capital-da-amizade-e-do-futuro","10":"tag-infraestrutura-urbana","11":"tag-via-da-integracao-governador-siqueira-campos"},"_links":{"self":[{"href":"https:\/\/balancotocantins.com.br\/index.php?rest_route=\/wp\/v2\/posts\/14869","targetHints":{"allow":["GET"]}}],"collection":[{"href":"https:\/\/balancotocantins.com.br\/index.php?rest_route=\/wp\/v2\/posts"}],"about":[{"href":"https:\/\/balancotocantins.com.br\/index.php?rest_route=\/wp\/v2\/types\/post"}],"author":[{"embeddable":true,"href":"https:\/\/balancotocantins.com.br\/index.php?rest_route=\/wp\/v2\/users\/1"}],"replies":[{"embeddable":true,"href":"https:\/\/balancotocantins.com.br\/index.php?rest_route=%2Fwp%2Fv2%2Fcomments&post=14869"}],"version-history":[{"count":1,"href":"https:\/\/balancotocantins.com.br\/index.php?rest_route=\/wp\/v2\/posts\/14869\/revisions"}],"predecessor-version":[{"id":14870,"href":"https:\/\/balancotocantins.com.br\/index.php?rest_route=\/wp\/v2\/posts\/14869\/revisions\/14870"}],"wp:featuredmedia":[{"embeddable":true,"href":"https:\/\/balancotocantins.com.br\/index.php?rest_route=\/wp\/v2\/media\/14871"}],"wp:attachment":[{"href":"https:\/\/balancotocantins.com.br\/index.php?rest_route=%2Fwp%2Fv2%2Fmedia&parent=14869"}],"wp:term":[{"taxonomy":"category","embeddable":true,"href":"https:\/\/balancotocantins.com.br\/index.php?rest_route=%2Fwp%2Fv2%2Fcategories&post=14869"},{"taxonomy":"post_tag","embeddable":true,"href":"https:\/\/balancotocantins.com.br\/index.php?rest_route=%2Fwp%2Fv2%2Ftags&post=14869"}],"curies":[{"name":"wp","href":"https:\/\/api.w.org\/{rel}","templated":true}]}}