{"id":14891,"date":"2025-10-28T12:51:00","date_gmt":"2025-10-28T15:51:00","guid":{"rendered":"https:\/\/balancotocantins.com.br\/milena-titoneli-e-prata-no-mundial-de-taekwondo-o-3o-podio-do-brasil\/"},"modified":"2025-10-28T16:41:35","modified_gmt":"2025-10-28T19:41:35","slug":"milena-titoneli-e-prata-no-mundial-de-taekwondo-o-3o-podio-do-brasil","status":"publish","type":"post","link":"https:\/\/balancotocantins.com.br\/?p=14891","title":{"rendered":"Milena Titoneli \u00e9 prata no Mundial de taekwondo, o 3\u00ba p\u00f3dio do Brasil"},"content":{"rendered":"<p><\/p>\n<div>\n<p>O Brasil subiu ao p\u00f3dio pela terceira vez no Mundial de Taekwondo, em\u00a0Wuxi (China). Nesta ter\u00e7a-feira, a paulista Milena Titoneli faturou a medalha de prata na categoria dos 67 quilos. Na final, Titoneli foi superada pela h\u00fangara Luana M\u00e1rton por 2 rounds a 1. A medalha \u00e9 a terceira da brasileira em cinco participa\u00e7\u00f5es em Mundiais: ela foi bronze em 2019 (Manchester\/Inglaterra) e em 2022 (Guadalajara\/M\u00e9xico). O Mundial vai at\u00e9 quinta-feira (30), com <a rel=\"nofollow\" target=\"_blank\" href=\"https:\/\/www.worldtaekwondo.org\/main\"><strong>transmiss\u00e3o ao vivo<\/strong><\/a> no site da Federa\u00e7\u00e3o Internacional (World Taekwondo).<img decoding=\"async\" src=\"https:\/\/agenciabrasil.ebc.com.br\/ebc.gif?id=1664821&amp;o=node\" style=\"width:1px; height:1px; display:inline;\"\/><\/p>\n<p>Nascida em S\u00e3o Caetano do Sul(SP), a lutadora de 27 anos soma dois t\u00edtulos na temporada: foi campe\u00e3o no Aberto do Rio de Janeiro, em maio, e no Aberto da Pol\u00f4nia, em setembro \u2013 na ocasi\u00e3o, Titoneli derrotou Mart\u00f3n na final.<\/p>\n<p>\u201cA gente n\u00e3o conta por quantidade, \u00e9 pelo valor da medalha. Ontem j\u00e1 t\u00ednhamos nossa melhor campanha [com os dois ouros de Henrique e Maria Clara]. E antes de Wuxi, nossa melhor participa\u00e7\u00e3o foi em Madri (2005), com um ouro e uma prata [de Nat\u00e1lia Falavigna e M\u00e1rcio Wenceslau, respectivamente]. A que teve mais medalhas foi em Manchester, com cinco p\u00f3dios, mas nenhum ouro. Essa, de longe, \u00e9 nossa melhor campanha da hist\u00f3ria&#8221;, comemorou\u00a0Henrique Precioso, diretor t\u00e9cnico da Confedera\u00e7\u00e3o Brasileira de Taekwondo (CBTKD).\u00a0<\/p>\n<p>A delega\u00e7\u00e3o brasileira j\u00e1 havia conquistado dois ouros na competi\u00e7\u00e3o. Na segunda (27), o lutador Henrique Matos (categoria 80 kg) tornou-se o primeiro lutador homem do pa\u00eds a subir no topo do p\u00f3dio mundial. \u00a0J\u00e1 Maria Clara Pacheco foi campe\u00e3 nos 57 kg, quebrando um jejum de 20 anos desde o primeiro ouro da hist\u00f3ria da Amarelinha, com paranaense Nat\u00e1lia Falavigna, em 2005.<\/p>\n<h2>Programa\u00e7\u00e3o &#8211; luta de atleta brasileiros<\/h2>\n<p><u>De 28\/10 para 29\/10:<\/u><br \/>Masculino &#8211; at\u00e9 58kg &#8211; Paulo Ricardo Souza de Melo (RJ)<br \/>Feminino &#8211;\u00a0 at\u00e9 62kg: &#8211; Celydiene Kristina Carneiro (SP)<br \/>22h \u00e0s 3h &#8211; preliminares<br \/>4h \u00e0s 6h &#8211; oitavas e quartas<br \/>6h30 \u00e0s 8h30 &#8211; semis e finais<\/p>\n<p><u>De 29\/10 para 30\/10:<\/u><br \/>Masculino &#8211; at\u00e9 74kg &#8211; Edival Marques Quirino Pontes (PB)<br \/>Feminino &#8211; at\u00e9 53 kg &#8211; N\u00edvea Maria Barros da Silva (RN)<br \/>22h \u00e0s 2h &#8211; preliminares<br \/>4h \u00e0s 5h30 &#8211; oitavas e quartas<br \/>6h30 \u00e0s 8h30 &#8211; semis e finais<\/p>\n<p>      <!-- Relacionada --><\/p>\n<p>            <!-- Relacionada -->\n    <\/div>\n<p><a href=\"https:\/\/agenciabrasil.ebc.com.br\/esportes\/noticia\/2025-10\/milena-titoneli-e-prata-no-mundial-de-taekwondo-o-3o-podio-do-brasil\">Fonte: Ag\u00eancia Brasil<\/a><\/p>\n","protected":false},"excerpt":{"rendered":"<p>O Brasil subiu ao p\u00f3dio pela terceira vez no Mundial de Taekwondo, em\u00a0Wuxi (China). Nesta ter\u00e7a-feira, a paulista Milena Titoneli faturou a medalha de prata na categoria dos 67 quilos. Na final, Titoneli foi superada pela h\u00fangara Luana M\u00e1rton por 2 rounds a 1. A medalha \u00e9 a terceira da brasileira em cinco participa\u00e7\u00f5es em [&hellip;]<\/p>\n","protected":false},"author":1,"featured_media":14892,"comment_status":"open","ping_status":"open","sticky":false,"template":"","format":"standard","meta":{"fifu_image_url":"https:\/\/imagens.ebc.com.br\/t7yGu9HP9Wps2WiV0TUto1_0ukE=\/1600x800\/https:\/\/agenciabrasil.ebc.com.br\/sites\/default\/files\/thumbnails\/image\/2025\/10\/28\/milena_titoneli_prata_mundial_2025__0.jpg?itok=9S1qojiv","fifu_image_alt":"","footnotes":""},"categories":[594],"tags":[6736,303,9879,223,9881,6104,9843,9880],"class_list":{"0":"post-14891","1":"post","2":"type-post","3":"status-publish","4":"format-standard","5":"has-post-thumbnail","7":"category-esportes","8":"tag-3o","9":"tag-brasil","10":"tag-milena","11":"tag-mundial","12":"tag-podio","13":"tag-prata","14":"tag-taekwondo","15":"tag-titoneli"},"_links":{"self":[{"href":"https:\/\/balancotocantins.com.br\/index.php?rest_route=\/wp\/v2\/posts\/14891","targetHints":{"allow":["GET"]}}],"collection":[{"href":"https:\/\/balancotocantins.com.br\/index.php?rest_route=\/wp\/v2\/posts"}],"about":[{"href":"https:\/\/balancotocantins.com.br\/index.php?rest_route=\/wp\/v2\/types\/post"}],"author":[{"embeddable":true,"href":"https:\/\/balancotocantins.com.br\/index.php?rest_route=\/wp\/v2\/users\/1"}],"replies":[{"embeddable":true,"href":"https:\/\/balancotocantins.com.br\/index.php?rest_route=%2Fwp%2Fv2%2Fcomments&post=14891"}],"version-history":[{"count":1,"href":"https:\/\/balancotocantins.com.br\/index.php?rest_route=\/wp\/v2\/posts\/14891\/revisions"}],"predecessor-version":[{"id":14893,"href":"https:\/\/balancotocantins.com.br\/index.php?rest_route=\/wp\/v2\/posts\/14891\/revisions\/14893"}],"wp:featuredmedia":[{"embeddable":true,"href":"https:\/\/balancotocantins.com.br\/index.php?rest_route=\/wp\/v2\/media\/14892"}],"wp:attachment":[{"href":"https:\/\/balancotocantins.com.br\/index.php?rest_route=%2Fwp%2Fv2%2Fmedia&parent=14891"}],"wp:term":[{"taxonomy":"category","embeddable":true,"href":"https:\/\/balancotocantins.com.br\/index.php?rest_route=%2Fwp%2Fv2%2Fcategories&post=14891"},{"taxonomy":"post_tag","embeddable":true,"href":"https:\/\/balancotocantins.com.br\/index.php?rest_route=%2Fwp%2Fv2%2Ftags&post=14891"}],"curies":[{"name":"wp","href":"https:\/\/api.w.org\/{rel}","templated":true}]}}