{"id":14927,"date":"2025-10-30T00:07:00","date_gmt":"2025-10-30T03:07:00","guid":{"rendered":"https:\/\/balancotocantins.com.br\/flamengo-mostra-raca-e-garante-presenca-na-final-da-libertadores\/"},"modified":"2025-10-30T05:00:31","modified_gmt":"2025-10-30T08:00:31","slug":"flamengo-mostra-raca-e-garante-presenca-na-final-da-libertadores","status":"publish","type":"post","link":"https:\/\/balancotocantins.com.br\/?p=14927","title":{"rendered":"Flamengo mostra ra\u00e7a e garante presen\u00e7a na final da Libertadores"},"content":{"rendered":"<p><\/p>\n<div>\n<p>O Flamengo mostrou muita ra\u00e7a para, mesmo com um homem a menos, segurar um empate sem gols com o Racing (Argentina), na noite desta quarta-feira (29) no est\u00e1dio El Cilindro, em Avellaneda, para garantir a presen\u00e7a na decis\u00e3o da Copa Libertadores da Am\u00e9rica.<img decoding=\"async\" src=\"https:\/\/agenciabrasil.ebc.com.br\/ebc.gif?id=1665182&amp;o=node\" style=\"width:1px; height:1px; display:inline;\"\/><\/p>\n<blockquote class=\"twitter-tweet\">\n<p dir=\"ltr\" lang=\"pt\" xml:lang=\"pt\">\ud83d\udd34\u26ab <a rel=\"nofollow\" target=\"_blank\" href=\"https:\/\/twitter.com\/Flamengo?ref_src=twsrc%5Etfw\">@Flamengo<\/a>, o primeiro finalista!<\/p>\n<p>\u26bd\ud83c\udf89 Empate sem gols e na ra\u00e7a com o <a rel=\"nofollow\" target=\"_blank\" href=\"https:\/\/twitter.com\/RacingClub?ref_src=twsrc%5Etfw\">@RacingClub<\/a> fora de casa garantiu o Meng\u00e3o em Lima para buscar a <a rel=\"nofollow\" target=\"_blank\" href=\"https:\/\/twitter.com\/hashtag\/GloriaEterna?src=hash&amp;ref_src=twsrc%5Etfw\">#GloriaEterna<\/a>.<\/p>\n<p>\ud83c\udfc6 CONMEBOL <a rel=\"nofollow\" target=\"_blank\" href=\"https:\/\/twitter.com\/hashtag\/Libertadores?src=hash&amp;ref_src=twsrc%5Etfw\">#Libertadores<\/a> <a rel=\"nofollow\" target=\"_blank\" href=\"https:\/\/t.co\/9flD60ZZmw\">pic.twitter.com\/9flD60ZZmw<\/a><\/p>\n<p>\u2014 CONMEBOL Libertadores (@LibertadoresBR) <a rel=\"nofollow\" target=\"_blank\" href=\"https:\/\/twitter.com\/LibertadoresBR\/status\/1983728999441559734?ref_src=twsrc%5Etfw\">October 30, 2025<\/a><\/p><\/blockquote>\n<p>A vaga foi garantida porque, na partida de ida, disputada na \u00faltima semana no est\u00e1dio do Maracan\u00e3, no Rio de Janeiro, o Rubro-Negro triunfou pelo placar de 1 a 0. Agora o time da G\u00e1vea aguarda a defini\u00e7\u00e3o da outra semifinal (entre Palmeiras e LDU, que venceu o jogo de ida por 3 a 0) para conhecer o seu advers\u00e1rio na final da competi\u00e7\u00e3o continental, que ser\u00e1 disputada no dia 29 de novembro em Lima (Peru).<\/p>\n<p>Esta ser\u00e1 a quinta oportunidade na qual o Flamengo disputar\u00e1 a decis\u00e3o da principal competi\u00e7\u00e3o de clubes da Am\u00e9rica do Sul. A equipe da G\u00e1vea j\u00e1 jogou a final da Libertadores nos anos de 1981, 2019, 2021 e 2022, triunfando em tr\u00eas oportunidades.<\/p>\n<h2>Brilho de goleiros<\/h2>\n<p>Flamengo e Racing protagonizaram um primeiro tempo muito movimentado no qual boas oportunidades foram criadas, mas os goleiros brilharam para impedir que o placar fosse aberto. Quem teve que entrar em a\u00e7\u00e3o primeiro foi Rossi, que, logo aos 11 minutos, se esticou todo para defender cabe\u00e7ada de Conechny que tinha como alvo o fundo do gol.<\/p>\n<blockquote class=\"twitter-tweet\">\n<p dir=\"ltr\" lang=\"pt\" xml:lang=\"pt\">\ud83d\udcaa\ud83d\udd34\u26ab\ufe0f Clube de Regatas do <a rel=\"nofollow\" target=\"_blank\" href=\"https:\/\/twitter.com\/Flamengo?ref_src=twsrc%5Etfw\">@Flamengo<\/a>, 5\u20e3 vezes finalista da CONMEBOL <a rel=\"nofollow\" target=\"_blank\" href=\"https:\/\/twitter.com\/hashtag\/Libertadores?src=hash&amp;ref_src=twsrc%5Etfw\">#Libertadores<\/a>! Em busca do Tetra, uma nova hist\u00f3ria de <a rel=\"nofollow\" target=\"_blank\" href=\"https:\/\/twitter.com\/hashtag\/GloriaEterna?src=hash&amp;ref_src=twsrc%5Etfw\">#GloriaEterna<\/a>. <a rel=\"nofollow\" target=\"_blank\" href=\"https:\/\/t.co\/81URoiJ4vD\">pic.twitter.com\/81URoiJ4vD<\/a><\/p>\n<p>\u2014 CONMEBOL Libertadores (@LibertadoresBR) <a rel=\"nofollow\" target=\"_blank\" href=\"https:\/\/twitter.com\/LibertadoresBR\/status\/1983729022380196084?ref_src=twsrc%5Etfw\">October 30, 2025<\/a><\/p><\/blockquote>\n<p>Quatro minutos depois foi a vez de Cambeses trabalhar. Ap\u00f3s receber de Carrascal na ponta direita, Arrascaeta cruzou rasteiro para o meio da \u00e1rea. A bola seguiu at\u00e9 o lado esquerdo do ataque do Flamengo, onde Varela apareceu livre e finalizou para defesa do goleiro do Racing.<\/p>\n<p>Aos 33, Cambesses voltou a mostrar que \u00e9 um dos grandes goleiros da atual edi\u00e7\u00e3o da Copa Libertadores. Arrascaeta fez grande jogada individual. Ap\u00f3s receber a bola na intermedi\u00e1ria, arrancou em dire\u00e7\u00e3o ao gol, se livrando da marca\u00e7\u00e3o de dois advers\u00e1rios, e bateu para defesa, com o rosto, de Cambesses.<\/p>\n<p>Nos \u00faltimos momentos antes do intervalo o Racing passou a incomodar mais, for\u00e7ando muito as jogadas pelo alto sobre a \u00faltima linha da defesa do Flamengo. Por\u00e9m, a equipe de Filipe Lu\u00eds mostrou seguran\u00e7a para manter o placar inalterado.<\/p>\n<blockquote class=\"twitter-tweet\">\n<p dir=\"ltr\" lang=\"pt\" xml:lang=\"pt\">\ud83d\udd34\u26ab\ud83c\udf89 Ra\u00e7a, amor e paix\u00e3o rumo a Lima, <a rel=\"nofollow\" target=\"_blank\" href=\"https:\/\/twitter.com\/Flamengo?ref_src=twsrc%5Etfw\">@Flamengo<\/a>!<\/p>\n<p>\ud83c\udfc6 CONMEBOL <a rel=\"nofollow\" target=\"_blank\" href=\"https:\/\/twitter.com\/hashtag\/Libertadores?src=hash&amp;ref_src=twsrc%5Etfw\">#Libertadores<\/a> | <a rel=\"nofollow\" target=\"_blank\" href=\"https:\/\/twitter.com\/hashtag\/GloriaEterna?src=hash&amp;ref_src=twsrc%5Etfw\">#GloriaEterna<\/a> <a rel=\"nofollow\" target=\"_blank\" href=\"https:\/\/t.co\/Q4JFcF4ffY\">pic.twitter.com\/Q4JFcF4ffY<\/a><\/p>\n<p>\u2014 CONMEBOL Libertadores (@LibertadoresBR) <a rel=\"nofollow\" target=\"_blank\" href=\"https:\/\/twitter.com\/LibertadoresBR\/status\/1983731960129450135?ref_src=twsrc%5Etfw\">October 30, 2025<\/a><\/p><\/blockquote>\n<h2>Um homem a menos<\/h2>\n<p>Ap\u00f3s o intervalo o andamento da partida foi condicionado por um lance. Logo aos 10 minutos, o equatoriano Plata revidou uma provoca\u00e7\u00e3o de Rojo e acabou sendo expulso. Com um homem a menos, o t\u00e9cnico Filipe Lu\u00eds optou por refor\u00e7ar a defesa, colocando em campo mais um zagueiro, e deixar apenas Bruno Henrique no comando de ataque.<\/p>\n<p>Desta forma o Flamengo passou a sofrer muita press\u00e3o, e teve que contar com o brilho de um jogador para garantir a classifica\u00e7\u00e3o, o goleiro Rossi. A etapa final foi marcada por grandes defesas do argentino.<\/p>\n<p>Os destaques foram uma cabe\u00e7ada de Adri\u00e1n Mart\u00ednez, aos 24 minutos, e um chute \u00e0 queima-roupa de Vietto, j\u00e1 aos 46 minutos. Por\u00e9m,\u00a0Rossi mostrou muita categoria para segurar o empate e levar o Rubro-Negro \u00e0 final.<\/p>\n<p>      <!-- Relacionada --><\/p>\n<p>            <!-- Relacionada -->\n    <\/div>\n<p><script async src=\"\/\/platform.twitter.com\/widgets.js\" charset=\"utf-8\"><\/script><br \/>\n<br \/><a href=\"https:\/\/agenciabrasil.ebc.com.br\/esportes\/noticia\/2025-10\/flamengo-mostra-raca-e-garante-presenca-na-final-da-libertadores\">Fonte: Ag\u00eancia Brasil<\/a><\/p>\n","protected":false},"excerpt":{"rendered":"<p>O Flamengo mostrou muita ra\u00e7a para, mesmo com um homem a menos, segurar um empate sem gols com o Racing (Argentina), na noite desta quarta-feira (29) no est\u00e1dio El Cilindro, em Avellaneda, para garantir a presen\u00e7a na decis\u00e3o da Copa Libertadores da Am\u00e9rica. \ud83d\udd34\u26ab @Flamengo, o primeiro finalista! \u26bd\ud83c\udf89 Empate sem gols e na ra\u00e7a [&hellip;]<\/p>\n","protected":false},"author":1,"featured_media":14928,"comment_status":"open","ping_status":"open","sticky":false,"template":"","format":"standard","meta":{"fifu_image_url":"https:\/\/imagens.ebc.com.br\/0Q0VG8tt5jzxLeQDRoASAPNb84I=\/1600x800\/https:\/\/agenciabrasil.ebc.com.br\/sites\/default\/files\/thumbnails\/image\/2025\/10\/30\/2025-10-30t032302z_1689584321_up1elau09ebik_rtrmadp_3_soccer-libertadores-rac-fla.jpg?itok=V50ChO7A","fifu_image_alt":"","footnotes":""},"categories":[594],"tags":[1866,9072,3989,9309,913,6258,6220],"class_list":{"0":"post-14927","1":"post","2":"type-post","3":"status-publish","4":"format-standard","5":"has-post-thumbnail","7":"category-esportes","8":"tag-final","9":"tag-flamengo","10":"tag-garante","11":"tag-libertadores","12":"tag-mostra","13":"tag-presenca","14":"tag-raca"},"_links":{"self":[{"href":"https:\/\/balancotocantins.com.br\/index.php?rest_route=\/wp\/v2\/posts\/14927","targetHints":{"allow":["GET"]}}],"collection":[{"href":"https:\/\/balancotocantins.com.br\/index.php?rest_route=\/wp\/v2\/posts"}],"about":[{"href":"https:\/\/balancotocantins.com.br\/index.php?rest_route=\/wp\/v2\/types\/post"}],"author":[{"embeddable":true,"href":"https:\/\/balancotocantins.com.br\/index.php?rest_route=\/wp\/v2\/users\/1"}],"replies":[{"embeddable":true,"href":"https:\/\/balancotocantins.com.br\/index.php?rest_route=%2Fwp%2Fv2%2Fcomments&post=14927"}],"version-history":[{"count":1,"href":"https:\/\/balancotocantins.com.br\/index.php?rest_route=\/wp\/v2\/posts\/14927\/revisions"}],"predecessor-version":[{"id":14929,"href":"https:\/\/balancotocantins.com.br\/index.php?rest_route=\/wp\/v2\/posts\/14927\/revisions\/14929"}],"wp:featuredmedia":[{"embeddable":true,"href":"https:\/\/balancotocantins.com.br\/index.php?rest_route=\/wp\/v2\/media\/14928"}],"wp:attachment":[{"href":"https:\/\/balancotocantins.com.br\/index.php?rest_route=%2Fwp%2Fv2%2Fmedia&parent=14927"}],"wp:term":[{"taxonomy":"category","embeddable":true,"href":"https:\/\/balancotocantins.com.br\/index.php?rest_route=%2Fwp%2Fv2%2Fcategories&post=14927"},{"taxonomy":"post_tag","embeddable":true,"href":"https:\/\/balancotocantins.com.br\/index.php?rest_route=%2Fwp%2Fv2%2Ftags&post=14927"}],"curies":[{"name":"wp","href":"https:\/\/api.w.org\/{rel}","templated":true}]}}