{"id":15053,"date":"2025-11-05T17:07:00","date_gmt":"2025-11-05T20:07:00","guid":{"rendered":"https:\/\/balancotocantins.com.br\/mundial-sub-17-feminino-brasil-luta-mas-perde-para-coreia-do-norte\/"},"modified":"2025-11-05T18:20:54","modified_gmt":"2025-11-05T21:20:54","slug":"mundial-sub-17-feminino-brasil-luta-mas-perde-para-coreia-do-norte","status":"publish","type":"post","link":"https:\/\/balancotocantins.com.br\/?p=15053","title":{"rendered":"Mundial Sub-17 Feminino: Brasil luta, mas perde para Coreia do Norte"},"content":{"rendered":"<p><\/p>\n<div>\n<p>N\u00e3o foi desta vez.\u00a0A sele\u00e7\u00e3o brasileira feminina Sub-17 foi superada por 2 a 0 pela favorita Coreia do Norte nas semifinais do Mundial da categoria, em Rabat (Marrocos) e adiou o sonho do t\u00edtulo in\u00e9dito na competi\u00e7\u00e3o.\u00a0Yu Jong Hyang marcou duas vezes para as asi\u00e1ticas, maiores campe\u00e3s mundiais na categoria (elas somam tr\u00eas t\u00edtulos). As norte-coreanas seguem na luta pelo tetracampeonato. J\u00e1 as brasileiras, que pela primeira vez na hist\u00f3ria avan\u00e7aram \u00e0 semi Mundial, voltar\u00e3o a campo no s\u00e1bado (8) para brigar pelo terceiro lugar. A partida ser\u00e1 \u00e0s 12h30 (hor\u00e1rio de Bras\u00edlia) \u00a0no Est\u00e1dio Pr\u00edncipe Moulay Abdellah, em Rabat. Na sequ\u00eancia, ocorrer\u00e1 a decis\u00e3o do t\u00edtulo.<img decoding=\"async\" src=\"https:\/\/agenciabrasil.ebc.com.br\/ebc.gif?id=1666267&amp;o=node\" style=\"width:1px; height:1px; display:inline;\"\/><\/p>\n<blockquote class=\"instagram-media\" data-instgrm-captioned=\"\" data-instgrm-permalink=\"https:\/\/www.instagram.com\/p\/DQrwHlRlTX_\/?utm_source=ig_embed&amp;utm_campaign=loading\" data-instgrm-version=\"14\" style=\" background:#FFF; border:0; border-radius:3px; box-shadow:0 0 1px 0 rgba(0,0,0,0.5),0 1px 10px 0 rgba(0,0,0,0.15); margin: 1px; max-width:540px; min-width:326px; padding:0; width:99.375%; width:-webkit-calc(100% - 2px); width:calc(100% - 2px);\">\n<\/blockquote>\n<p>A primeira etapa da partida come\u00e7ou com press\u00e3o das norte-coreanas, que quase abriram o placar aos dois minutos, com \u00a0Kyong Kim, mas ela chutou para fora. \u00a0Tr\u00eas minutos depois foi a vez do Brasil amea\u00e7ar o gol norte-coreano, com um belo chute de Kaylane, \u00a0mas a bola desviou na zaga, passando rente ao gol. Aos 14 minutos, a Amarelinha sofreu a primeira baixa: com dores na coxa esquerda, Gi Seppe foi substitu\u00edda por Dulce Maria. A Coreia do Norte seguiu dominando o jogo: ao 16, Jong Hyang tentou finalizar, acabou travada pela marca\u00e7\u00e3o de Pepe e a goleira Ana Morganti atenta defendeu a tempo. Morganti fechou o gol ouras vezes: aos 21 agarrou uma bola cabeceada por Chong Gum, e cinco minutos depois fez \u00f3tima defesa de um chute cruzado de Rye Yong.<\/p>\n<p><a rel=\"nofollow\" target=\"_blank\" href=\"https:\/\/www.whatsapp.com\/channel\/0029VaoRTgrInlqYLSk59B2M\" target=\"_blank\">&gt;&gt; Siga o canal da <strong>Ag\u00eancia Brasil <\/strong>no WhatsApp<\/a><\/p>\n<p>Aos 32 minutos, o Brasil chegou ao ataque ap\u00f3s falha\u00a0na zaga; Maria roubou a bola de Jin Ju, disparou e chutou j\u00e1 dentro da grande \u00e1rea, mas goleira Son Gyong defendeu. Aos 41 minutos, ap\u00f3s interven\u00e7\u00e3o do VAR, o \u00e1rbitro anotou p\u00eanalti contra o Brasil: Adreyna tocou com a m\u00e3o na bola e foi expulsa. Na sequ\u00eancia, Jong Hyang cobrou e abriu o placar para a Coreia do Norte.<\/p>\n<p>Na volta do intervalo, logo aos cinco minutos, Jong Hyang recebeu cruzamento da direita e chutou cruzado \u00a0para o fundo da rede, ampliou para 2 a 0 a vantagem das norte coreanas. Com uma a menos em campo e diante da forte marca\u00e7\u00e3o advers\u00e1ria, a sele\u00e7\u00e3o n\u00e3o se entregou. Aos 35 minutos, Kaylane se livrou da marca\u00e7\u00e3o, cruzou na grande \u00e1rea para Evelin cabecear ao gol, mas a zaga a impediu. Na sobra, Helena ainda chutou em dire\u00e7\u00e3o ao gol, mas a bola foi para fora. J\u00e1 nos acr\u00e9scimos, aos 50 minutos, o Brasil partiu para o contra-ataque com Evenlin, que ganhou da marca\u00e7\u00e3o e desferiu o torpedo, mas a goleira Son Gyong impediu o gol.<\/p>\n<p>      <!-- Relacionada --><\/p>\n<p>            <!-- Relacionada -->\n    <\/div>\n<p><script async src=\"\/\/www.instagram.com\/embed.js\"><\/script><br \/>\n<br \/><a href=\"https:\/\/agenciabrasil.ebc.com.br\/esportes\/noticia\/2025-11\/mundial-sub-17-feminino-brasil-luta-mas-perde-para-coreia-do-norte\">Fonte: Ag\u00eancia Brasil<\/a><\/p>\n","protected":false},"excerpt":{"rendered":"<p>N\u00e3o foi desta vez.\u00a0A sele\u00e7\u00e3o brasileira feminina Sub-17 foi superada por 2 a 0 pela favorita Coreia do Norte nas semifinais do Mundial da categoria, em Rabat (Marrocos) e adiou o sonho do t\u00edtulo in\u00e9dito na competi\u00e7\u00e3o.\u00a0Yu Jong Hyang marcou duas vezes para as asi\u00e1ticas, maiores campe\u00e3s mundiais na categoria (elas somam tr\u00eas t\u00edtulos). As [&hellip;]<\/p>\n","protected":false},"author":1,"featured_media":15054,"comment_status":"open","ping_status":"open","sticky":false,"template":"","format":"standard","meta":{"fifu_image_url":"https:\/\/imagens.ebc.com.br\/pQRIAZsD_-lOrsgUd4fSvANyqGM=\/1600x800\/https:\/\/agenciabrasil.ebc.com.br\/sites\/default\/files\/thumbnails\/image\/2025\/11\/05\/coreia_do_norte_2_a_0_brasil_munidal_fem_sub_17_2025.jpg?itok=GZl2yw8P","fifu_image_alt":"","footnotes":""},"categories":[594],"tags":[303,2542,2966,7995,59,223,844,100,2910,8288],"class_list":{"0":"post-15053","1":"post","2":"type-post","3":"status-publish","4":"format-standard","5":"has-post-thumbnail","7":"category-esportes","8":"tag-brasil","9":"tag-coreia","10":"tag-feminino","11":"tag-luta","12":"tag-mas","13":"tag-mundial","14":"tag-norte","15":"tag-para","16":"tag-perde","17":"tag-sub17"},"_links":{"self":[{"href":"https:\/\/balancotocantins.com.br\/index.php?rest_route=\/wp\/v2\/posts\/15053","targetHints":{"allow":["GET"]}}],"collection":[{"href":"https:\/\/balancotocantins.com.br\/index.php?rest_route=\/wp\/v2\/posts"}],"about":[{"href":"https:\/\/balancotocantins.com.br\/index.php?rest_route=\/wp\/v2\/types\/post"}],"author":[{"embeddable":true,"href":"https:\/\/balancotocantins.com.br\/index.php?rest_route=\/wp\/v2\/users\/1"}],"replies":[{"embeddable":true,"href":"https:\/\/balancotocantins.com.br\/index.php?rest_route=%2Fwp%2Fv2%2Fcomments&post=15053"}],"version-history":[{"count":1,"href":"https:\/\/balancotocantins.com.br\/index.php?rest_route=\/wp\/v2\/posts\/15053\/revisions"}],"predecessor-version":[{"id":15055,"href":"https:\/\/balancotocantins.com.br\/index.php?rest_route=\/wp\/v2\/posts\/15053\/revisions\/15055"}],"wp:featuredmedia":[{"embeddable":true,"href":"https:\/\/balancotocantins.com.br\/index.php?rest_route=\/wp\/v2\/media\/15054"}],"wp:attachment":[{"href":"https:\/\/balancotocantins.com.br\/index.php?rest_route=%2Fwp%2Fv2%2Fmedia&parent=15053"}],"wp:term":[{"taxonomy":"category","embeddable":true,"href":"https:\/\/balancotocantins.com.br\/index.php?rest_route=%2Fwp%2Fv2%2Fcategories&post=15053"},{"taxonomy":"post_tag","embeddable":true,"href":"https:\/\/balancotocantins.com.br\/index.php?rest_route=%2Fwp%2Fv2%2Ftags&post=15053"}],"curies":[{"name":"wp","href":"https:\/\/api.w.org\/{rel}","templated":true}]}}