{"id":15254,"date":"2025-11-14T16:05:00","date_gmt":"2025-11-14T19:05:00","guid":{"rendered":"https:\/\/balancotocantins.com.br\/duplas-do-brasil-estreiam-com-6-vitorias-no-mundial-de-volei-de-praia\/"},"modified":"2025-11-14T20:23:07","modified_gmt":"2025-11-14T23:23:07","slug":"duplas-do-brasil-estreiam-com-6-vitorias-no-mundial-de-volei-de-praia","status":"publish","type":"post","link":"https:\/\/balancotocantins.com.br\/?p=15254","title":{"rendered":"Duplas do Brasil estreiam com 6 vit\u00f3rias no Mundial de V\u00f4lei de Praia"},"content":{"rendered":"<p><\/p>\n<div>\n<p>O Brasil cravou seis vit\u00f3rias por 2 sets a 0 na primeira rodada da fase de grupos do Mundial de v\u00f4lei de praia em Adelaide (Austr\u00e1lia). As <strong>campe\u00e3s ol\u00edmpicas Ana Patr\u00edcia e Duda <\/strong>abriram a\u00a0rodada na noite de quinta (13) com triunfo sobre a dupla anfitri\u00e3 Phillips e Mears por 21\/16 e 21\/19, pelo Grupo F. Na sequ\u00eancia, a dupla n\u00famero 1 do ranking Thamela e Vic derrotaram as peruanas Gaona\u00a0e\u00a0Allcca\u00a021\/19 e 25\/23, pelo Grupo A. \u00a0<img decoding=\"async\" src=\"https:\/\/agenciabrasil.ebc.com.br\/ebc.gif?id=1667857&amp;o=node\" style=\"width:1px; height:1px; display:inline;\"\/><\/p>\n<p>\u201cA gente j\u00e1 sabia que seria um jogo dif\u00edcil. Eu, principalmente, n\u00e9, por ser a minha primeira Copa do Mundo, eu ainda n\u00e3o tinha vivido isso aqui. Ent\u00e3o, realmente, \u00e9 outra energia, \u00e9 outro torneio, mas eu acho que a gente conseguiu se manter ali sempre consciente, consistente, buscando a nossa t\u00e1tica, que faz a diferen\u00e7a, n\u00e9, no final do set&#8221;, analisou Thamela.<\/p>\n<div class=\"dnd-widget-wrapper context-cheio_8colunas type-image\">\n<div class=\"dnd-atom-rendered\"><!-- scald=444597:cheio_8colunas --><br \/>\n            <img decoding=\"async\" src=\"https:\/\/imagens.ebc.com.br\/FmhmdyVJdDrU5A68NoivBsjAnmA=\/754x0\/smart\/https:\/\/agenciabrasil.ebc.com.br\/sites\/default\/files\/thumbnails\/image\/2025\/11\/14\/thamela_e_vic_volei_de_praia_mundial_2025.jpg?itok=SOpHd7Vx\" alt=\"Thamela e Vic estreiam com vit\u00f3ria no Mundial de V\u00f4lei de praia, em 13\/11\/2025\" title=\"Divulga\u00e7\u00e3o\/FIVB\"\/><br \/>\n        <img decoding=\"async\" src=\"https:\/\/imagens.ebc.com.br\/FmhmdyVJdDrU5A68NoivBsjAnmA=\/754x0\/smart\/https:\/\/agenciabrasil.ebc.com.br\/sites\/default\/files\/thumbnails\/image\/2025\/11\/14\/thamela_e_vic_volei_de_praia_mundial_2025.jpg?itok=SOpHd7Vx\" alt=\"Thamela e Vic estreiam com vit\u00f3ria no Mundial de V\u00f4lei de praia, em 13\/11\/2025\" title=\"Divulga\u00e7\u00e3o\/FIVB\"\/><br \/>\n    <!-- END scald=444597 --><\/div>\n<div class=\"dnd-caption-wrapper\">\n<p>L\u00edderes do ranking mundial, Thamela e Vic voltam a competir \u00e0s 2h30 (hor\u00e1rio de Bras\u00edlia) deste s\u00e1bado (15). Elas enfrentar\u00e3o as paraguaias\u00a0Michelle e Corrales\u00a0em jogo da segunda rodada do Grupo A \u00a0&#8211; <strong>Divulga\u00e7\u00e3o\/FIVB<\/strong><!--END copyright=444597--><\/p>\n<\/div>\n<\/div>\n<p>As brasileiras seguiram dominantes na madrugada desta sexta (14). Atuais vice-l\u00edderes do ranking, Carol Solberg e Rebecca sobraram diante da dupla eg\u00edpcia Marwa e Nada: aplicaram 21\/7 e 21\/18, em jogo de estreia do Grupo B. Depois, Vit\u00f3ria e Heg\u00ea superaram as holandesas Emi van Driel e Bekhuis por 21\/19 e 21\/16, pelo grupo C.<\/p>\n<p>Acompanhe a cobertura completa da EBC na COP30\u00a0<\/p>\n<p>Na disputa masculina, Evandro e Arthur Lanci (quarta melhor dupla no ranking) levou a melhor sobre os nicaraguenses Mora e Lopez, por 21\/17 e 21\/19, na primeira rodada do grupo C. Fechando as estreias da Amarelinha no Mundial, duas duplas do pa\u00eds duelaram na estreia pelo Grupo C: George e Saymon ganharam dos compatriotas Andr\u00e9 e Renato por 21\/17 e 21\/19.<\/p>\n<p>\u201c\u00c9 o primeiro jogo, e ainda mais jogar Brasil contra Brasil, eu acho que o nervosismo \u00e9 um pouquinho maior. E jogar uma Copa do Mundo, acho que o primeiro jogo tamb\u00e9m deixa um pouco nervoso. Mas eu e George conversamos muito aqui dentro do banco tamb\u00e9m. A gente falou: a gente est\u00e1 nervoso dentro da quadra, mas vamos tentar sempre um ajudar o outro. E jogar um jogo caseiro, foi o que eu falei para ele, \u00e9, \u00e9 sempre l\u00e1 em cima.<strong> <\/strong>Brasil contra Brasil \u00e9<strong> <\/strong>praticamente quase uma semifinal, n\u00e9? E a nossa chave est\u00e1 sendo a mais forte do torneio\u201d, pontuou Saymon, referindo-se aos atuais campe\u00f5es ol\u00edmpicos \u00a0\u00c5hman\u00a0e\u00a0Hellvig (Su\u00e9cia), que tamb\u00e9m est\u00e3o na chave C.<\/p>\n<blockquote class=\"instagram-media\" data-instgrm-captioned=\"\" data-instgrm-permalink=\"https:\/\/www.instagram.com\/p\/DRC2VVxDfsD\/?utm_source=ig_embed&amp;utm_campaign=loading\" data-instgrm-version=\"14\" style=\" background:#FFF; border:0; border-radius:3px; box-shadow:0 0 1px 0 rgba(0,0,0,0.5),0 1px 10px 0 rgba(0,0,0,0.15); margin: 1px; max-width:540px; min-width:326px; padding:0; width:99.375%; width:-webkit-calc(100% - 2px); width:calc(100% - 2px);\">\n<\/blockquote>\n<p>O Mundial vai at\u00e9 23 de novembro, com\u00a0<a rel=\"nofollow\" target=\"_blank\" href=\"https:\/\/tv.volleyballworld.com\/\"><strong>transmiss\u00e3o ao vivo online<\/strong><\/a>\u00a0na\u00a0Volleyball World TV. A competi\u00e7\u00e3o\u00a0re\u00fane ao todo 96 duplas:\u00a048 em cada g\u00eanero, divididas em 12 chaves de quatro. Na <a rel=\"nofollow\" target=\"_blank\" href=\"https:\/\/br.volleyballworld.com\/beachvolleyball\/competitions\/beach-volleyball-world-championships\/standings\/men\/\"><strong>fase de grupos,<\/strong><\/a> as equipes competem entre si.\u00a0As duas melhores ap\u00f3s tr\u00eas rodadas\u00a0se classificam direto \u00e0 fase eliminat\u00f3ria (32 avos de final), assim como os quatro melhores terceiros colocados. O regulamento prev\u00ea ainda repescagem com as outras oito equipes que terminarem em terceiro lugar (apenas quatro avan\u00e7ar\u00e3o). A decis\u00e3o do t\u00edtulo mundial est\u00e1 programada para 23 de novembro (um domingo).<\/p>\n<h2>Programa\u00e7\u00e3o<\/h2>\n<p>SEXTA (14)<\/p>\n<p>21h30 &#8211;\u00a0<strong>Carol\/Rebecca<\/strong>\u00a0\u00a0x Konink\/Poiesz (Pa\u00edses Baixos) &#8211; Grupo B<\/p>\n<p>S\u00c1BADO (15)<\/p>\n<p>0h30 &#8211;\u00a0<strong>George\/Saymon<\/strong>\u00a0x Burnett\/Hodges (Austr\u00e1lia) &#8211; Grupo C<\/p>\n<p>0h30 &#8211;\u00a0<strong>Ana Patr\u00edcia\/Duda<\/strong>\u00a0x Okla\/Lunio (Pol\u00f4nia)\u00a0&#8211; Grupo F<\/p>\n<p>2h30 &#8211; \u00c5hman\/Hellvig (Su\u00e9cia) x\u00a0<strong>Andr\u00e9\/Renato<\/strong>\u00a0&#8211; Grupo C<\/p>\n<p>2h30 &#8211;\u00a0<strong>Th\u00e2mela\/Vic<\/strong>\u00a0\u00a0x Michelle\/Corrales (Paraguai) &#8211; Grupo A<\/p>\n<p>3h30 &#8211;\u00a0<strong>Evandro\/Arthur Lanci\u00a0<\/strong>x Amieva\/Bueno (Argentina)\u00a0&#8211; Grupo D<\/p>\n<p>19h30 &#8211; Nuss\/Brasher (EUA) x<strong>\u00a0Vit\u00f3ria\/Heg\u00ea\u00a0<\/strong>&#8211; Grupo C<\/p>\n<p>21h30 &#8211;\u00a0<strong>Ana Patr\u00edcia\/Duda\u00a0<\/strong>x Svozilova\/Stochlova (Rep\u00fablica Tcheca)\u00a0&#8211; Grupo F<\/p>\n<p>DOMINGO (16)\u00a0<\/p>\n<p>3h30 &#8211;<strong>\u00a0Andr\u00e9\/Renato<\/strong>\u00a0x Burnett\/Hodges (Austr\u00e1lia) &#8211; Grupo C<\/p>\n<p>8h00 &#8211; \u00c5hman\/Hellvig (Su\u00e9cia) x\u00a0<strong>George\/Saymon<\/strong>\u00a0\u00a0&#8211; Grupo C<\/p>\n<p>19h30 &#8211;\u00a0<strong>Carol\/Rebecca<\/strong>\u00a0x Davidova\/Khmil (Ucr\u00e2nia) &#8211; Grupo B<\/p>\n<p>20h30 &#8211;\u00a0<strong>Evandro\/Arthur Lanci<\/strong>\u00a0x Henning\/W\u00fcst (Alemanha)\u00a0&#8211; Grupo D<\/p>\n<p>20h30 &#8211;<strong>\u00a0Vit\u00f3ria\/Heg\u00ea<\/strong>\u00a0x Pamela\/Esther M (Nig\u00e9ria) &#8211; Grupo C<\/p>\n<p>21h30 &#8211;<strong>\u00a0Th\u00e2mela\/Vic<\/strong>\u00a0x Lazarenko\/Romaniuk (Ucr\u00e2nia) &#8211; Grupo A<\/p>\n<p>      <!-- Relacionada --><\/p>\n<p>            <!-- Relacionada -->\n    <\/div>\n<p><script async src=\"\/\/www.instagram.com\/embed.js\"><\/script><br \/>\n<br \/><a href=\"https:\/\/agenciabrasil.ebc.com.br\/esportes\/noticia\/2025-11\/duplas-do-brasil-estreiam-com-6-vitorias-no-mundial-de-volei-de-praia\">Fonte: Ag\u00eancia Brasil<\/a><\/p>\n","protected":false},"excerpt":{"rendered":"<p>O Brasil cravou seis vit\u00f3rias por 2 sets a 0 na primeira rodada da fase de grupos do Mundial de v\u00f4lei de praia em Adelaide (Austr\u00e1lia). As campe\u00e3s ol\u00edmpicas Ana Patr\u00edcia e Duda abriram a\u00a0rodada na noite de quinta (13) com triunfo sobre a dupla anfitri\u00e3 Phillips e Mears por 21\/16 e 21\/19, pelo Grupo [&hellip;]<\/p>\n","protected":false},"author":1,"featured_media":15255,"comment_status":"open","ping_status":"open","sticky":false,"template":"","format":"standard","meta":{"fifu_image_url":"https:\/\/imagens.ebc.com.br\/idGSUgj3QraRCPg4yBZEZGLfWks=\/1600x800\/https:\/\/agenciabrasil.ebc.com.br\/sites\/default\/files\/thumbnails\/image\/2025\/11\/14\/george_e_saymon_x_andre_e_renato_mundial_volei_de_praia_2025.jpg?itok=rvZgs9gS","fifu_image_alt":"","footnotes":""},"categories":[594],"tags":[303,9425,9980,223,6186,9656,9088],"class_list":{"0":"post-15254","1":"post","2":"type-post","3":"status-publish","4":"format-standard","5":"has-post-thumbnail","7":"category-esportes","8":"tag-brasil","9":"tag-duplas","10":"tag-estreiam","11":"tag-mundial","12":"tag-praia","13":"tag-vitorias","14":"tag-volei"},"_links":{"self":[{"href":"https:\/\/balancotocantins.com.br\/index.php?rest_route=\/wp\/v2\/posts\/15254","targetHints":{"allow":["GET"]}}],"collection":[{"href":"https:\/\/balancotocantins.com.br\/index.php?rest_route=\/wp\/v2\/posts"}],"about":[{"href":"https:\/\/balancotocantins.com.br\/index.php?rest_route=\/wp\/v2\/types\/post"}],"author":[{"embeddable":true,"href":"https:\/\/balancotocantins.com.br\/index.php?rest_route=\/wp\/v2\/users\/1"}],"replies":[{"embeddable":true,"href":"https:\/\/balancotocantins.com.br\/index.php?rest_route=%2Fwp%2Fv2%2Fcomments&post=15254"}],"version-history":[{"count":1,"href":"https:\/\/balancotocantins.com.br\/index.php?rest_route=\/wp\/v2\/posts\/15254\/revisions"}],"predecessor-version":[{"id":15256,"href":"https:\/\/balancotocantins.com.br\/index.php?rest_route=\/wp\/v2\/posts\/15254\/revisions\/15256"}],"wp:featuredmedia":[{"embeddable":true,"href":"https:\/\/balancotocantins.com.br\/index.php?rest_route=\/wp\/v2\/media\/15255"}],"wp:attachment":[{"href":"https:\/\/balancotocantins.com.br\/index.php?rest_route=%2Fwp%2Fv2%2Fmedia&parent=15254"}],"wp:term":[{"taxonomy":"category","embeddable":true,"href":"https:\/\/balancotocantins.com.br\/index.php?rest_route=%2Fwp%2Fv2%2Fcategories&post=15254"},{"taxonomy":"post_tag","embeddable":true,"href":"https:\/\/balancotocantins.com.br\/index.php?rest_route=%2Fwp%2Fv2%2Ftags&post=15254"}],"curies":[{"name":"wp","href":"https:\/\/api.w.org\/{rel}","templated":true}]}}