{"id":15401,"date":"2025-11-21T20:59:00","date_gmt":"2025-11-21T23:59:00","guid":{"rendered":"https:\/\/balancotocantins.com.br\/brasil-sera-uma-das-sedes-da-edicao-feminina-da-fifa-series\/"},"modified":"2025-11-21T22:26:39","modified_gmt":"2025-11-22T01:26:39","slug":"brasil-sera-uma-das-sedes-da-edicao-feminina-da-fifa-series","status":"publish","type":"post","link":"https:\/\/balancotocantins.com.br\/?p=15401","title":{"rendered":"Brasil ser\u00e1 uma das sedes da edi\u00e7\u00e3o feminina da Fifa Series"},"content":{"rendered":"<p><\/p>\n<div>\n<p>A Fifa (Federa\u00e7\u00e3o Internacional de Futebol) anunciou nesta sexta-feira (21) que o Brasil ser\u00e1 uma das sedes da edi\u00e7\u00e3o feminina da Fifa Series, competi\u00e7\u00e3o que tem como objetivo oferecer oportunidades de crescimento para sele\u00e7\u00f5es nacionais que t\u00eam poucas oportunidades de enfrentar advers\u00e1rios diferentes daqueles que\u00a0tradicionalmente medem for\u00e7as.<img decoding=\"async\" src=\"https:\/\/agenciabrasil.ebc.com.br\/ebc.gif?id=1669006&amp;o=node\" style=\"width:1px; height:1px; display:inline;\"\/><\/p>\n<p>Em mar\u00e7o de 2024 foi realizada uma vers\u00e3o piloto do torneio, apenas com sele\u00e7\u00f5es masculinas. Agora, durante as Datas Fifas de mar\u00e7o e de abril de 2026, tanto times masculinos como femininos ter\u00e3o a oportunidade de participar da iniciativa.<\/p>\n<p>\u201cA Fifa Series feminina estrear\u00e1 com eventos no Brasil, na Costa do Marfim e na Tail\u00e2ndia\u201d, informou a entidade m\u00e1xima do futebol mundial em comunicado \u00e0 imprensa.<\/p>\n<p>\u201cA Fifa Series visa desbloquear o potencial de desenvolvimento de jogadores, treinadores e torcedores, promovendo a universalidade e a diversidade do futebol por meio de partidas significativas. A edi\u00e7\u00e3o 2026 ampliar\u00e1 ainda mais esse impacto, tanto para o futebol masculino quanto para o feminino\u201d, declarou o presidente da Fifa, Gianni Infantino.<\/p>\n<p>J\u00e1 a edi\u00e7\u00e3o masculina da competi\u00e7\u00e3o ter\u00e1 como sedes Austr\u00e1lia, Azerbaij\u00e3o, Indon\u00e9sia, Cazaquist\u00e3o, Maur\u00edcio, Porto Rico, Ruanda e Uzbequist\u00e3o.<\/p>\n<p>      <!-- Relacionada --><\/p>\n<p>            <!-- Relacionada -->\n    <\/div>\n<p><a href=\"https:\/\/agenciabrasil.ebc.com.br\/esportes\/noticia\/2025-11\/brasil-sera-uma-das-sedes-da-edicao-feminina-da-fifa-series\">Fonte: Ag\u00eancia Brasil<\/a><\/p>\n","protected":false},"excerpt":{"rendered":"<p>A Fifa (Federa\u00e7\u00e3o Internacional de Futebol) anunciou nesta sexta-feira (21) que o Brasil ser\u00e1 uma das sedes da edi\u00e7\u00e3o feminina da Fifa Series, competi\u00e7\u00e3o que tem como objetivo oferecer oportunidades de crescimento para sele\u00e7\u00f5es nacionais que t\u00eam poucas oportunidades de enfrentar advers\u00e1rios diferentes daqueles que\u00a0tradicionalmente medem for\u00e7as. Em mar\u00e7o de 2024 foi realizada uma vers\u00e3o [&hellip;]<\/p>\n","protected":false},"author":1,"featured_media":15402,"comment_status":"open","ping_status":"open","sticky":false,"template":"","format":"standard","meta":{"fifu_image_url":"https:\/\/imagens.ebc.com.br\/Ioi4KtPS689yTVkSUgRJxQzerv4=\/1600x800\/https:\/\/agenciabrasil.ebc.com.br\/sites\/default\/files\/thumbnails\/image\/2024\/11\/11\/fifa_sede_suica.jpg?itok=oNm6lPzd","fifu_image_alt":"","footnotes":""},"categories":[594],"tags":[303,185,2512,6141,9574,9716,109,7406,368],"class_list":{"0":"post-15401","1":"post","2":"type-post","3":"status-publish","4":"format-standard","5":"has-post-thumbnail","7":"category-esportes","8":"tag-brasil","9":"tag-das","10":"tag-edicao","11":"tag-feminina","12":"tag-fifa","13":"tag-sedes","14":"tag-sera","15":"tag-series","16":"tag-uma"},"_links":{"self":[{"href":"https:\/\/balancotocantins.com.br\/index.php?rest_route=\/wp\/v2\/posts\/15401","targetHints":{"allow":["GET"]}}],"collection":[{"href":"https:\/\/balancotocantins.com.br\/index.php?rest_route=\/wp\/v2\/posts"}],"about":[{"href":"https:\/\/balancotocantins.com.br\/index.php?rest_route=\/wp\/v2\/types\/post"}],"author":[{"embeddable":true,"href":"https:\/\/balancotocantins.com.br\/index.php?rest_route=\/wp\/v2\/users\/1"}],"replies":[{"embeddable":true,"href":"https:\/\/balancotocantins.com.br\/index.php?rest_route=%2Fwp%2Fv2%2Fcomments&post=15401"}],"version-history":[{"count":1,"href":"https:\/\/balancotocantins.com.br\/index.php?rest_route=\/wp\/v2\/posts\/15401\/revisions"}],"predecessor-version":[{"id":15403,"href":"https:\/\/balancotocantins.com.br\/index.php?rest_route=\/wp\/v2\/posts\/15401\/revisions\/15403"}],"wp:featuredmedia":[{"embeddable":true,"href":"https:\/\/balancotocantins.com.br\/index.php?rest_route=\/wp\/v2\/media\/15402"}],"wp:attachment":[{"href":"https:\/\/balancotocantins.com.br\/index.php?rest_route=%2Fwp%2Fv2%2Fmedia&parent=15401"}],"wp:term":[{"taxonomy":"category","embeddable":true,"href":"https:\/\/balancotocantins.com.br\/index.php?rest_route=%2Fwp%2Fv2%2Fcategories&post=15401"},{"taxonomy":"post_tag","embeddable":true,"href":"https:\/\/balancotocantins.com.br\/index.php?rest_route=%2Fwp%2Fv2%2Ftags&post=15401"}],"curies":[{"name":"wp","href":"https:\/\/api.w.org\/{rel}","templated":true}]}}