{"id":15623,"date":"2025-12-02T21:54:00","date_gmt":"2025-12-03T00:54:00","guid":{"rendered":"https:\/\/balancotocantins.com.br\/flamengo-domina-selecao-da-copa-libertadores\/"},"modified":"2025-12-03T12:47:21","modified_gmt":"2025-12-03T15:47:21","slug":"flamengo-domina-selecao-da-copa-libertadores","status":"publish","type":"post","link":"https:\/\/balancotocantins.com.br\/?p=15623","title":{"rendered":"Flamengo domina sele\u00e7\u00e3o da Copa Libertadores"},"content":{"rendered":"<p><\/p>\n<div>\n<p>O Flamengo domina a sele\u00e7\u00e3o da \u00faltima Copa Libertadores da Am\u00e9rica. O Rubro-Negro da G\u00e1vea, que conquistou o tetracampeonato da competi\u00e7\u00e3o ao derrotar o Palmeiras por 1 a 0 no \u00faltimo s\u00e1bado (29) em Lima (Peru), tem sete jogadores na equipe ideal da competi\u00e7\u00e3o divulgada nesta ter\u00e7a-feira (2) pela Conmebol (Confedera\u00e7\u00e3o Sul-Americana de Futebol).<img decoding=\"async\" src=\"https:\/\/agenciabrasil.ebc.com.br\/ebc.gif?id=1670515&amp;o=node\" style=\"width:1px; height:1px; display:inline;\"\/><\/p>\n<p>O goleiro Rossi, os zagueiros L\u00e9o Pereira e Danilo, os meio-campistas Pulgar, Carrascal e Araascaeta e o atacante Pedro s\u00e3o os representantes do Flamengo na sele\u00e7\u00e3o da Conmebol. J\u00e1 o Palmeiras, que disputou a decis\u00e3o da competi\u00e7\u00e3o com o Rubro-Negro, conta com o zagueiro Gustavo G\u00f3mez e com o atacante Flaco L\u00f3pez.<\/p>\n<blockquote class=\"twitter-tweet\">\n<p dir=\"ltr\" lang=\"pt\" xml:lang=\"pt\">\ud83d\udd1d\ud83d\udd25 O time ideal da CONMEBOL <a rel=\"nofollow\" target=\"_blank\" href=\"https:\/\/twitter.com\/hashtag\/Libertadores?src=hash&amp;ref_src=twsrc%5Etfw\">#Libertadores<\/a> 2025, segundo o grupo de estudo t\u00e9cnico de CONMEBOL.<\/p>\n<p>\ud83c\udfc6 <a rel=\"nofollow\" target=\"_blank\" href=\"https:\/\/twitter.com\/hashtag\/EASportsFC?src=hash&amp;ref_src=twsrc%5Etfw\">#EASportsFC<\/a> <a rel=\"nofollow\" target=\"_blank\" href=\"https:\/\/twitter.com\/easportsfcbr?ref_src=twsrc%5Etfw\">@easportsfcbr<\/a> <a rel=\"nofollow\" target=\"_blank\" href=\"https:\/\/t.co\/PmrhcajtNC\">pic.twitter.com\/PmrhcajtNC<\/a><\/p>\n<p>\u2014 CONMEBOL Libertadores (@LibertadoresBR) <a rel=\"nofollow\" target=\"_blank\" href=\"https:\/\/twitter.com\/LibertadoresBR\/status\/1995946069012668520?ref_src=twsrc%5Etfw\">December 2, 2025<\/a><\/p><\/blockquote>\n<p>O terceiro time\u00a0com representantes na equipe ideal da Libertadores \u00e9 o Racing (Argentina), que foi eliminado na fase semifinal pelo Flamengo. Os jogadores da Academia s\u00e3o o meio-campista Sosa e o atacante Maravilla Mart\u00ednez.<\/p>\n<p>No \u00faltimo s\u00e1bado o Rubro-Negro se tornou o primeiro tetracampe\u00e3o da Am\u00e9rica do futebol brasileiro ao derrotar o Palmeiras por 1 a 0 gra\u00e7as a um gol do zagueiro Danilo no Est\u00e1dio Monumental de U, em Lima (Peru).<\/p>\n<p>      <!-- Relacionada --><\/p>\n<p>            <!-- Relacionada -->\n    <\/div>\n<p><script async src=\"\/\/platform.twitter.com\/widgets.js\" charset=\"utf-8\"><\/script><br \/>\n<br \/><a href=\"https:\/\/agenciabrasil.ebc.com.br\/esportes\/noticia\/2025-12\/flamengo-domina-selecao-da-copa-libertadores\">Fonte: Ag\u00eancia Brasil<\/a><\/p>\n","protected":false},"excerpt":{"rendered":"<p>O Flamengo domina a sele\u00e7\u00e3o da \u00faltima Copa Libertadores da Am\u00e9rica. O Rubro-Negro da G\u00e1vea, que conquistou o tetracampeonato da competi\u00e7\u00e3o ao derrotar o Palmeiras por 1 a 0 no \u00faltimo s\u00e1bado (29) em Lima (Peru), tem sete jogadores na equipe ideal da competi\u00e7\u00e3o divulgada nesta ter\u00e7a-feira (2) pela Conmebol (Confedera\u00e7\u00e3o Sul-Americana de Futebol). O [&hellip;]<\/p>\n","protected":false},"author":1,"featured_media":15624,"comment_status":"open","ping_status":"open","sticky":false,"template":"","format":"standard","meta":{"fifu_image_url":"https:\/\/imagens.ebc.com.br\/VIlm7YfBYzalgRIAguq_iuH_Etg=\/1600x800\/https:\/\/agenciabrasil.ebc.com.br\/sites\/default\/files\/thumbnails\/image\/2025\/12\/02\/54953448897_76a4ce6d74_o.jpg?itok=jGa_2sXo","fifu_image_alt":"","footnotes":""},"categories":[594],"tags":[3748,4439,9072,9309,3085],"class_list":{"0":"post-15623","1":"post","2":"type-post","3":"status-publish","4":"format-standard","5":"has-post-thumbnail","7":"category-esportes","8":"tag-copa","9":"tag-domina","10":"tag-flamengo","11":"tag-libertadores","12":"tag-selecao"},"_links":{"self":[{"href":"https:\/\/balancotocantins.com.br\/index.php?rest_route=\/wp\/v2\/posts\/15623","targetHints":{"allow":["GET"]}}],"collection":[{"href":"https:\/\/balancotocantins.com.br\/index.php?rest_route=\/wp\/v2\/posts"}],"about":[{"href":"https:\/\/balancotocantins.com.br\/index.php?rest_route=\/wp\/v2\/types\/post"}],"author":[{"embeddable":true,"href":"https:\/\/balancotocantins.com.br\/index.php?rest_route=\/wp\/v2\/users\/1"}],"replies":[{"embeddable":true,"href":"https:\/\/balancotocantins.com.br\/index.php?rest_route=%2Fwp%2Fv2%2Fcomments&post=15623"}],"version-history":[{"count":1,"href":"https:\/\/balancotocantins.com.br\/index.php?rest_route=\/wp\/v2\/posts\/15623\/revisions"}],"predecessor-version":[{"id":15625,"href":"https:\/\/balancotocantins.com.br\/index.php?rest_route=\/wp\/v2\/posts\/15623\/revisions\/15625"}],"wp:featuredmedia":[{"embeddable":true,"href":"https:\/\/balancotocantins.com.br\/index.php?rest_route=\/wp\/v2\/media\/15624"}],"wp:attachment":[{"href":"https:\/\/balancotocantins.com.br\/index.php?rest_route=%2Fwp%2Fv2%2Fmedia&parent=15623"}],"wp:term":[{"taxonomy":"category","embeddable":true,"href":"https:\/\/balancotocantins.com.br\/index.php?rest_route=%2Fwp%2Fv2%2Fcategories&post=15623"},{"taxonomy":"post_tag","embeddable":true,"href":"https:\/\/balancotocantins.com.br\/index.php?rest_route=%2Fwp%2Fv2%2Ftags&post=15623"}],"curies":[{"name":"wp","href":"https:\/\/api.w.org\/{rel}","templated":true}]}}