{"id":15926,"date":"2025-12-17T23:02:00","date_gmt":"2025-12-18T02:02:00","guid":{"rendered":"https:\/\/balancotocantins.com.br\/botafogo-anuncia-saida-do-tecnico-italiano-davide-ancelotti\/"},"modified":"2025-12-18T16:12:10","modified_gmt":"2025-12-18T19:12:10","slug":"botafogo-anuncia-saida-do-tecnico-italiano-davide-ancelotti","status":"publish","type":"post","link":"https:\/\/balancotocantins.com.br\/?p=15926","title":{"rendered":"Botafogo anuncia sa\u00edda do t\u00e9cnico italiano Davide Ancelotti"},"content":{"rendered":"<p><\/p>\n<div>\n<p>O Botafogo anunciou no in\u00edcio da noite desta quarta-feira (17) que o italiano Davide Ancelotti deixou o comando de sua equipe de futebol principal. Segundo nota do Alvinegro, \u201ca decis\u00e3o foi tomada ap\u00f3s reuni\u00f5es nesta quarta-feira\u201d.<img decoding=\"async\" src=\"https:\/\/agenciabrasil.ebc.com.br\/ebc.gif?id=1672536&amp;o=node\" style=\"width:1px; height:1px; display:inline;\"\/><\/p>\n<blockquote class=\"twitter-tweet\">\n<p dir=\"ltr\" lang=\"pt\" xml:lang=\"pt\">NOTA OFICIAL<\/p>\n<p>Davide Ancelotti n\u00e3o \u00e9 mais o t\u00e9cnico do Botafogo.<\/p>\n<p>O Botafogo informa que Davide Ancelotti n\u00e3o \u00e9 mais o t\u00e9cnico da equipe principal. O preparador f\u00edsico Luca Guerra e os auxiliares Luis Tevenet e Andrew Mangan tamb\u00e9m est\u00e3o de sa\u00edda. A decis\u00e3o foi tomada ap\u00f3s\u2026 <a rel=\"nofollow\" target=\"_blank\" href=\"https:\/\/t.co\/odSXlMXdSc\">pic.twitter.com\/odSXlMXdSc<\/a><\/p>\n<p>\u2014 Botafogo F.R. (@Botafogo) <a rel=\"nofollow\" target=\"_blank\" href=\"https:\/\/twitter.com\/Botafogo\/status\/2001423011371491828?ref_src=twsrc%5Etfw\">December 17, 2025<\/a><\/p><\/blockquote>\n<p>Junto com o filho do t\u00e9cnico da sele\u00e7\u00e3o brasileira, Carlo Ancelotti, deixam o Botafogo o preparador f\u00edsico Luca Guerra e os auxiliares Luis Tevenet e Andrew Mangan. \u201cO clube agradece o profissionalismo e comprometimento de Ancelotti durante o per\u00edodo em que liderou a equipe e fez parte da fam\u00edlia alvinegra. O Botafogo deseja sucesso em desafios futuros. A nova comiss\u00e3o t\u00e9cnica ser\u00e1 anunciada em breve\u201d, diz a nota do time de General Severiano.<\/p>\n<h2>Adeus de Thiago Silva<\/h2>\n<p>Outra sa\u00edda confirmada nesta quarta, mas no Fluminense, foi a do zagueiro Thiago Silva. Segundo nota do Tricolor das Laranjeiras, o jogador formalizou \u201csua rescis\u00e3o contratual com o clube\u201d.<\/p>\n<blockquote class=\"twitter-tweet\">\n<p dir=\"ltr\" lang=\"pt\" xml:lang=\"pt\">O Fluminense FC informa que o zagueiro Thiago Silva formalizou, na tarde desta ter\u00e7a-feira (16\/12), no CT Carlos Castilho, sua rescis\u00e3o contratual com o clube.<\/p>\n<p>Formado nas categorias de base do Tricolor, Thiago encerra sua segunda passagem pela equipe profissional do\u2026 <a rel=\"nofollow\" target=\"_blank\" href=\"https:\/\/t.co\/0wGG7P8ybg\">pic.twitter.com\/0wGG7P8ybg<\/a><\/p>\n<p>\u2014 Fluminense F.C. (@FluminenseFC) <a rel=\"nofollow\" target=\"_blank\" href=\"https:\/\/twitter.com\/FluminenseFC\/status\/2001411236827631633?ref_src=twsrc%5Etfw\">December 17, 2025<\/a><\/p><\/blockquote>\n<p>\u201cFormado nas categorias de base do Tricolor, Thiago encerra sua segunda passagem pela equipe profissional do Fluminense. Campe\u00e3o da Copa do Brasil de 2007, o capit\u00e3o soma 212 jogos e 19 gols vestindo a armadura tricolor\u201d, diz o comunicado do Fluminense.<\/p>\n<p>      <!-- Relacionada --><\/p>\n<p>            <!-- Relacionada -->\n    <\/div>\n<p><script async src=\"\/\/platform.twitter.com\/widgets.js\" charset=\"utf-8\"><\/script><br \/>\n<br \/><a href=\"https:\/\/agenciabrasil.ebc.com.br\/esportes\/noticia\/2025-12\/botafogo-anuncia-saida-do-tecnico-italiano-davide-ancelotti\">Fonte: Ag\u00eancia Brasil<\/a><\/p>\n","protected":false},"excerpt":{"rendered":"<p>O Botafogo anunciou no in\u00edcio da noite desta quarta-feira (17) que o italiano Davide Ancelotti deixou o comando de sua equipe de futebol principal. Segundo nota do Alvinegro, \u201ca decis\u00e3o foi tomada ap\u00f3s reuni\u00f5es nesta quarta-feira\u201d. NOTA OFICIAL Davide Ancelotti n\u00e3o \u00e9 mais o t\u00e9cnico do Botafogo. O Botafogo informa que Davide Ancelotti n\u00e3o \u00e9 [&hellip;]<\/p>\n","protected":false},"author":1,"featured_media":15927,"comment_status":"open","ping_status":"open","sticky":false,"template":"","format":"standard","meta":{"fifu_image_url":"https:\/\/imagens.ebc.com.br\/6_tiHCxJpSKmFnPQT_0iv-w_ej0=\/1600x800\/https:\/\/agenciabrasil.ebc.com.br\/sites\/default\/files\/thumbnails\/image\/2025\/12\/17\/54650747989_f8cdb3618e_o.jpg?itok=MdO8UoO2","fifu_image_alt":"","footnotes":""},"categories":[594],"tags":[9727,661,2859,10171,10170,3928,5165],"class_list":{"0":"post-15926","1":"post","2":"type-post","3":"status-publish","4":"format-standard","5":"has-post-thumbnail","7":"category-esportes","8":"tag-ancelotti","9":"tag-anuncia","10":"tag-botafogo","11":"tag-davide","12":"tag-italiano","13":"tag-saida","14":"tag-tecnico"},"_links":{"self":[{"href":"https:\/\/balancotocantins.com.br\/index.php?rest_route=\/wp\/v2\/posts\/15926","targetHints":{"allow":["GET"]}}],"collection":[{"href":"https:\/\/balancotocantins.com.br\/index.php?rest_route=\/wp\/v2\/posts"}],"about":[{"href":"https:\/\/balancotocantins.com.br\/index.php?rest_route=\/wp\/v2\/types\/post"}],"author":[{"embeddable":true,"href":"https:\/\/balancotocantins.com.br\/index.php?rest_route=\/wp\/v2\/users\/1"}],"replies":[{"embeddable":true,"href":"https:\/\/balancotocantins.com.br\/index.php?rest_route=%2Fwp%2Fv2%2Fcomments&post=15926"}],"version-history":[{"count":1,"href":"https:\/\/balancotocantins.com.br\/index.php?rest_route=\/wp\/v2\/posts\/15926\/revisions"}],"predecessor-version":[{"id":15928,"href":"https:\/\/balancotocantins.com.br\/index.php?rest_route=\/wp\/v2\/posts\/15926\/revisions\/15928"}],"wp:featuredmedia":[{"embeddable":true,"href":"https:\/\/balancotocantins.com.br\/index.php?rest_route=\/wp\/v2\/media\/15927"}],"wp:attachment":[{"href":"https:\/\/balancotocantins.com.br\/index.php?rest_route=%2Fwp%2Fv2%2Fmedia&parent=15926"}],"wp:term":[{"taxonomy":"category","embeddable":true,"href":"https:\/\/balancotocantins.com.br\/index.php?rest_route=%2Fwp%2Fv2%2Fcategories&post=15926"},{"taxonomy":"post_tag","embeddable":true,"href":"https:\/\/balancotocantins.com.br\/index.php?rest_route=%2Fwp%2Fv2%2Ftags&post=15926"}],"curies":[{"name":"wp","href":"https:\/\/api.w.org\/{rel}","templated":true}]}}