{"id":16127,"date":"2025-12-31T17:48:00","date_gmt":"2025-12-31T20:48:00","guid":{"rendered":"https:\/\/balancotocantins.com.br\/supercopa-rei-sera-decidida-em-brasilia-em-1o-de-fevereiro\/"},"modified":"2025-12-31T19:53:46","modified_gmt":"2025-12-31T22:53:46","slug":"supercopa-rei-sera-decidida-em-brasilia-em-1o-de-fevereiro","status":"publish","type":"post","link":"https:\/\/balancotocantins.com.br\/?p=16127","title":{"rendered":"Supercopa Rei ser\u00e1 decidida em Bras\u00edlia em 1\u00ba de fevereiro"},"content":{"rendered":"<p><\/p>\n<div>\n<p><strong>A Confedera\u00e7\u00e3o Brasileira de Futebol (CBF) informou nesta quarta-feira (31), via rede social, que a Supercopa Rei de 2026 ocorrer\u00e1 no dia 1\u00b0 de fevereiro, em Bras\u00edlia.<\/strong><img decoding=\"async\" src=\"https:\/\/agenciabrasil.ebc.com.br\/ebc.gif?id=1673918&amp;o=node\" style=\"width:1px; height:1px; display:inline;\"\/><\/p>\n<p>A entidade <a rel=\"nofollow\" target=\"_blank\" href=\"https:\/\/www.instagram.com\/p\/DS78or0jSyn\/\" target=\"_blank\">confirmou <\/a>a cidade novamente como palco da primeira grande decis\u00e3o da temporada de 2026. A disputa ocorre em jogo \u00fanico na\u00a0Arena BRB Man\u00e9 Garrincha, no centro da capital federal.<\/p>\n<p><strong>A partida ser\u00e1 entre Flamengo, campe\u00e3o do Campeonato Brasileiro de 2025, e Corinthians, campe\u00e3o da Copa do Brasil, neste ano. A partida abre a temporada de bola de 2026. Ainda segundo a CBF, o est\u00e1dio estar\u00e1 dividido 50% para cada torcida.<\/strong><\/p>\n<p>Inicialmente, o confronto estava previsto para 24 de janeiro.<\/p>\n<p><strong>Geralmente, a Supercopa Rei \u00e9 disputada em est\u00e1dios de campo neutro na tentativa de garantir a imparcialidade.<\/strong><\/p>\n<h2>\u00daltimos campe\u00f5es<\/h2>\n<p><strong>O Rubro-Negro \u00e9 o atual campe\u00e3o da competi\u00e7\u00e3o. No in\u00edcio de 2025, a equipe dirigida por Filipe Lu\u00eds venceu o Botafogo por 3 a 1.<\/strong><\/p>\n<p>Os campe\u00f5es anteriores foram S\u00e3o Paulo, em 2024; Palmeiras, 2023; e Atl\u00e9tico Mineiro (2022). O Flamengo ainda foi campe\u00e3o em 2020 e 2021.<\/p>\n<h2>Supercopa Rei<\/h2>\n<p><strong>N\u00e3o disputada entre 1992 e 2019, a Supercopa do Brasil foi reativada pela CBF em 2020<\/strong>.<\/p>\n<p>Em 2024, a CBF rebatizou a competi\u00e7\u00e3o para Supercopa Rei\u00a0em homenagem a Pel\u00e9, o Rei do Futebol, falecido em dezembro de 2022.<\/p>\n<p><strong>A ideia \u00e9 que o trof\u00e9u represente a coroa do futebol nacional, sendo disputado pelos dois clubes que dominaram o cen\u00e1rio futebol\u00edstico no ano anterior<\/strong>.<\/p>\n<p>      <!-- Relacionada --><\/p>\n<p>            <!-- Relacionada -->\n    <\/div>\n<p><script async src=\"\/\/www.instagram.com\/embed.js\"><\/script><br \/>\n<br \/><a href=\"https:\/\/agenciabrasil.ebc.com.br\/esportes\/noticia\/2025-12\/supercopa-rei-sera-decidida-em-brasilia-em-1o-de-fevereiro\">Fonte: Ag\u00eancia Brasil<\/a><\/p>\n","protected":false},"excerpt":{"rendered":"<p>A Confedera\u00e7\u00e3o Brasileira de Futebol (CBF) informou nesta quarta-feira (31), via rede social, que a Supercopa Rei de 2026 ocorrer\u00e1 no dia 1\u00b0 de fevereiro, em Bras\u00edlia. A entidade confirmou a cidade novamente como palco da primeira grande decis\u00e3o da temporada de 2026. A disputa ocorre em jogo \u00fanico na\u00a0Arena BRB Man\u00e9 Garrincha, no centro [&hellip;]<\/p>\n","protected":false},"author":1,"featured_media":16128,"comment_status":"open","ping_status":"open","sticky":false,"template":"","format":"standard","meta":{"fifu_image_url":"https:\/\/imagens.ebc.com.br\/oWcaKo5pf_oDXfZuk3XE2QbTSbY=\/1600x800\/https:\/\/agenciabrasil.ebc.com.br\/sites\/default\/files\/thumbnails\/image\/arena_bsb_mane_garricha.jpeg?itok=C6uyhnQ4","fifu_image_alt":"","footnotes":""},"categories":[594],"tags":[412,1522,10238,2063,5432,109,10237],"class_list":{"0":"post-16127","1":"post","2":"type-post","3":"status-publish","4":"format-standard","5":"has-post-thumbnail","7":"category-esportes","8":"tag-1o","9":"tag-brasilia","10":"tag-decidida","11":"tag-fevereiro","12":"tag-rei","13":"tag-sera","14":"tag-supercopa"},"_links":{"self":[{"href":"https:\/\/balancotocantins.com.br\/index.php?rest_route=\/wp\/v2\/posts\/16127","targetHints":{"allow":["GET"]}}],"collection":[{"href":"https:\/\/balancotocantins.com.br\/index.php?rest_route=\/wp\/v2\/posts"}],"about":[{"href":"https:\/\/balancotocantins.com.br\/index.php?rest_route=\/wp\/v2\/types\/post"}],"author":[{"embeddable":true,"href":"https:\/\/balancotocantins.com.br\/index.php?rest_route=\/wp\/v2\/users\/1"}],"replies":[{"embeddable":true,"href":"https:\/\/balancotocantins.com.br\/index.php?rest_route=%2Fwp%2Fv2%2Fcomments&post=16127"}],"version-history":[{"count":1,"href":"https:\/\/balancotocantins.com.br\/index.php?rest_route=\/wp\/v2\/posts\/16127\/revisions"}],"predecessor-version":[{"id":16129,"href":"https:\/\/balancotocantins.com.br\/index.php?rest_route=\/wp\/v2\/posts\/16127\/revisions\/16129"}],"wp:featuredmedia":[{"embeddable":true,"href":"https:\/\/balancotocantins.com.br\/index.php?rest_route=\/wp\/v2\/media\/16128"}],"wp:attachment":[{"href":"https:\/\/balancotocantins.com.br\/index.php?rest_route=%2Fwp%2Fv2%2Fmedia&parent=16127"}],"wp:term":[{"taxonomy":"category","embeddable":true,"href":"https:\/\/balancotocantins.com.br\/index.php?rest_route=%2Fwp%2Fv2%2Fcategories&post=16127"},{"taxonomy":"post_tag","embeddable":true,"href":"https:\/\/balancotocantins.com.br\/index.php?rest_route=%2Fwp%2Fv2%2Ftags&post=16127"}],"curies":[{"name":"wp","href":"https:\/\/api.w.org\/{rel}","templated":true}]}}