{"id":16217,"date":"2026-01-07T15:58:00","date_gmt":"2026-01-07T18:58:00","guid":{"rendered":"https:\/\/balancotocantins.com.br\/calderano-e-bruna-takahashi-abrem-temporada-2026-nesta-quinta-no-catar\/"},"modified":"2026-01-08T09:58:16","modified_gmt":"2026-01-08T12:58:16","slug":"calderano-e-bruna-takahashi-abrem-temporada-2026-nesta-quinta-no-catar","status":"publish","type":"post","link":"https:\/\/balancotocantins.com.br\/?p=16217","title":{"rendered":"Calderano e Bruna Takahashi abrem temporada 2026 nesta quinta no Catar"},"content":{"rendered":"<p><\/p>\n<div>\n<p>A temporada 2026 do circuito mundial de t\u00eanis come\u00e7a nesta quinta-feira (8) para os brasileiros Hugo Calderano e Bruna Takahashi. Eles estreiam na chave de simples do WTT Champions Doha 2026, que reune os 64 melhores atletas do mundo (masculino e feminino). N\u00famero 3 do mundo, Calderano ter\u00e1 pela frente o alem\u00e3o Dimitrij Ovtcharov, atual vice-campe\u00e3o ol\u00edmpico e 29\u00ba no ranking mundial. O in\u00edcio do embate est\u00e1 previsto para \u00e0s 11h30 (hor\u00e1rio de Bras\u00edlia), no Lusail Sports Arena, na capital do Catar.\u00a0Na sequ\u00eancia, \u00e0s 12h05, Takahashi (19\u00aa no ranking) estrear\u00e1 contra a chinesa Chen Yi, oitava melhor do mundo. As partidas ter\u00e3o\u00a0<a rel=\"nofollow\" target=\"_blank\" href=\"https:\/\/www.youtube.com\/@wttglobal\/streams\"><strong>transmiss\u00e3o ao vivo <\/strong><\/a>(<em>on streaming<\/em>)\u00a0no canal Table Tennis, da Federa\u00e7\u00e3o Internacional, no YouTube.<img decoding=\"async\" src=\"https:\/\/agenciabrasil.ebc.com.br\/ebc.gif?id=1674437&amp;o=node\" style=\"width:1px; height:1px; display:inline;\"\/><\/p>\n<blockquote class=\"instagram-media\" data-instgrm-captioned=\"\" data-instgrm-permalink=\"https:\/\/www.instagram.com\/p\/DTLuYq6kg46\/?utm_source=ig_embed&amp;utm_campaign=loading\" data-instgrm-version=\"14\" style=\" background:#FFF; border:0; border-radius:3px; box-shadow:0 0 1px 0 rgba(0,0,0,0.5),0 1px 10px 0 rgba(0,0,0,0.15); margin: 1px; max-width:540px; min-width:326px; padding:0; width:99.375%; width:-webkit-calc(100% - 2px); width:calc(100% - 2px);\">\n<\/blockquote>\n<p>Calderano busca um t\u00edtulo in\u00e9dito na competi\u00e7\u00e3o, que contar\u00e1 com nove dos 10 mesatenistas mais bem colocados da atualidade, como o chin\u00eas\u00a0Lin Shidong (2\u00b0), o japon\u00eas\u00a0Tomokazu Harimoto (4\u00ba)\u00a0e o sueco\u00a0Truls Moregard (5\u00ba). O carioca de 29 anos inicia 2026 ap\u00f3s uma temporada hist\u00f3rica no ano passado. Em abril, o brasileiro subiu da quinta para a terceira posi\u00e7\u00e3o no ranking, ap\u00f3s conquistar a Copa do Mundo em Macau, na China, pa\u00eds com mais estrelas na modalidade. Um m\u00eas depois, ele foi vice-campe\u00e3o mundial em Doha \u2013 at\u00e9 ent\u00e3o, somente asi\u00e1ticos e europeus haviam chegado \u00e0 final.<\/p>\n<p>O WTT Champions vai at\u00e9 o pr\u00f3ximo domingo (11), apenas com disputas de simples. Os jogos s\u00e3o eliminat\u00f3rios, em melhor de cinco sets at\u00e9 as oitavas de final. A partir das quartas, as disputas ser\u00e3o decididas em melhor de sete parciais.<\/p>\n<p>      <!-- Relacionada --><\/p>\n<p>            <!-- Relacionada -->\n    <\/div>\n<p><script async src=\"\/\/www.instagram.com\/embed.js\"><\/script><br \/>\n<br \/><a href=\"https:\/\/agenciabrasil.ebc.com.br\/esportes\/noticia\/2026-01\/calderano-e-bruna-takahashi-abrem-temporada-2026-nesta-quinta-no-catar\">Fonte: Ag\u00eancia Brasil<\/a><\/p>\n","protected":false},"excerpt":{"rendered":"<p>A temporada 2026 do circuito mundial de t\u00eanis come\u00e7a nesta quinta-feira (8) para os brasileiros Hugo Calderano e Bruna Takahashi. Eles estreiam na chave de simples do WTT Champions Doha 2026, que reune os 64 melhores atletas do mundo (masculino e feminino). N\u00famero 3 do mundo, Calderano ter\u00e1 pela frente o alem\u00e3o Dimitrij Ovtcharov, atual [&hellip;]<\/p>\n","protected":false},"author":1,"featured_media":16218,"comment_status":"open","ping_status":"open","sticky":false,"template":"","format":"standard","meta":{"fifu_image_url":"https:\/\/imagens.ebc.com.br\/UfDSuBm97yhB1symVU01rW5rVTM=\/1600x800\/https:\/\/agenciabrasil.ebc.com.br\/sites\/default\/files\/thumbnails\/image\/2025\/04\/17\/calderano_e_takahashi_quartas_macau_2025.jpg?itok=_wgCJQLW","fifu_image_alt":"","footnotes":""},"categories":[594],"tags":[5891,10273,9156,2319,117,659,9355,5894],"class_list":{"0":"post-16217","1":"post","2":"type-post","3":"status-publish","4":"format-standard","5":"has-post-thumbnail","7":"category-esportes","8":"tag-abrem","9":"tag-bruna","10":"tag-calderano","11":"tag-catar","12":"tag-nesta","13":"tag-quinta","14":"tag-takahashi","15":"tag-temporada"},"_links":{"self":[{"href":"https:\/\/balancotocantins.com.br\/index.php?rest_route=\/wp\/v2\/posts\/16217","targetHints":{"allow":["GET"]}}],"collection":[{"href":"https:\/\/balancotocantins.com.br\/index.php?rest_route=\/wp\/v2\/posts"}],"about":[{"href":"https:\/\/balancotocantins.com.br\/index.php?rest_route=\/wp\/v2\/types\/post"}],"author":[{"embeddable":true,"href":"https:\/\/balancotocantins.com.br\/index.php?rest_route=\/wp\/v2\/users\/1"}],"replies":[{"embeddable":true,"href":"https:\/\/balancotocantins.com.br\/index.php?rest_route=%2Fwp%2Fv2%2Fcomments&post=16217"}],"version-history":[{"count":1,"href":"https:\/\/balancotocantins.com.br\/index.php?rest_route=\/wp\/v2\/posts\/16217\/revisions"}],"predecessor-version":[{"id":16219,"href":"https:\/\/balancotocantins.com.br\/index.php?rest_route=\/wp\/v2\/posts\/16217\/revisions\/16219"}],"wp:featuredmedia":[{"embeddable":true,"href":"https:\/\/balancotocantins.com.br\/index.php?rest_route=\/wp\/v2\/media\/16218"}],"wp:attachment":[{"href":"https:\/\/balancotocantins.com.br\/index.php?rest_route=%2Fwp%2Fv2%2Fmedia&parent=16217"}],"wp:term":[{"taxonomy":"category","embeddable":true,"href":"https:\/\/balancotocantins.com.br\/index.php?rest_route=%2Fwp%2Fv2%2Fcategories&post=16217"},{"taxonomy":"post_tag","embeddable":true,"href":"https:\/\/balancotocantins.com.br\/index.php?rest_route=%2Fwp%2Fv2%2Ftags&post=16217"}],"curies":[{"name":"wp","href":"https:\/\/api.w.org\/{rel}","templated":true}]}}