{"id":16283,"date":"2026-01-12T17:22:00","date_gmt":"2026-01-12T20:22:00","guid":{"rendered":"https:\/\/balancotocantins.com.br\/bia-haddad-cai-na-estreia-e-dupla-de-stefani-avanca-no-wta-de-adelaide\/"},"modified":"2026-01-12T22:38:27","modified_gmt":"2026-01-13T01:38:27","slug":"bia-haddad-cai-na-estreia-e-dupla-de-stefani-avanca-no-wta-de-adelaide","status":"publish","type":"post","link":"https:\/\/balancotocantins.com.br\/?p=16283","title":{"rendered":"Bia Haddad cai na estreia e dupla de Stefani avan\u00e7a no WTA de Adelaide"},"content":{"rendered":"<p><\/p>\n<div>\n<p>As tenistas brasileiras Beatriz Haddad Maia e Luisa Stefani abriram a temporada 2026 nesta segunda-feira (12) pelo WTA\u00a0 500 de Adelaide (Austr\u00e1lia), torneio preparat\u00f3rio para o Aberto da Austr\u00e1lia, primeiro dos quatro Grand Slams do circuito. Na disputa de simples, Haddad estreou com derrota de virada para a revela\u00e7\u00e3o canadense Victoria Mboko, por 2 sets a 1 (parciais de 5\/7, 6\/3, e 6\/2) e deu adeus precoce \u00e0 competi\u00e7\u00e3o. J\u00e1 a dupla de Stefani com a tcheca Marie\u00a0Bouzkova avan\u00e7ou \u00e0s quartas de final ap\u00f3s vit\u00f3ria f\u00e1cil sobre a parceria da estoniana Ingrid Neel com a norueguesa Ulrikke Eikeri, por 2 sets a 0 (6\/3 e 6\/0).<img decoding=\"async\" src=\"https:\/\/agenciabrasil.ebc.com.br\/ebc.gif?id=1674802&amp;o=node\" style=\"width:1px; height:1px; display:inline;\"\/><\/p>\n<p>O pr\u00f3ximo desafio da dupla de Stefani (13\u00aa no ranking mundial) est\u00e1 previsto para o final da noite de ter\u00e7a (13) ou in\u00edcio da madrugada de quarta (14), contra a parceria da cazaque Anna Danilina com a s\u00e9rvia Aleksandra Krunic (cabe\u00e7as de chave 4). \u00a0<\/p>\n<div class=\"dnd-widget-wrapper context-cheio_8colunas type-image\">\n<div class=\"dnd-atom-rendered\"><!-- scald=441148:cheio_8colunas --><br \/>\n            <img decoding=\"async\" src=\"https:\/\/imagens.ebc.com.br\/8FlgmCtI7mNXBKhtxaQjGDV7-KM=\/754x0\/smart\/https:\/\/agenciabrasil.ebc.com.br\/sites\/default\/files\/thumbnails\/image\/2025\/10\/20\/luisa_stefani_sobe_para_17_no_raning_tenis_2025.jpg?itok=f60ptG64\" alt=\"Luisa Stefani ava\u00e7a \u00e0 final de duplas femininas do WTA 500 de Ningbo Open e, de quebra, se classifica para o Finals na s\u00e9tima posi\u00e7\u00e3o - em 19\/10\/2025\" title=\"Divulga\u00e7\u00e3o\/AUX Ningbo Open\"\/><br \/>\n        <img decoding=\"async\" src=\"https:\/\/imagens.ebc.com.br\/8FlgmCtI7mNXBKhtxaQjGDV7-KM=\/754x0\/smart\/https:\/\/agenciabrasil.ebc.com.br\/sites\/default\/files\/thumbnails\/image\/2025\/10\/20\/luisa_stefani_sobe_para_17_no_raning_tenis_2025.jpg?itok=f60ptG64\" alt=\"Luisa Stefani ava\u00e7a \u00e0 final de duplas femininas do WTA 500 de Ningbo Open e, de quebra, se classifica para o Finals na s\u00e9tima posi\u00e7\u00e3o - em 19\/10\/2025\" title=\"Divulga\u00e7\u00e3o\/AUX Ningbo Open\"\/><br \/>\n    <!-- END scald=441148 --><\/div>\n<div class=\"dnd-caption-wrapper\">\n<p>Devido a uma les\u00e3o da parceira\u00a0Gabriela Dabrowski (Canad\u00e1),\u00a0Stefani disputa o\u00a0WTA de Adelaide em dupla com Marie\u00a0Bouzkova (Rep\u00fablica Tcheca). O pr\u00f3ximo jogo ser\u00e1 contra as cabe\u00e7as de chave Anna Danilina 9Cazaqist\u00e3o) e\u00a0Aleksandra Krunic\u00a0 (S\u00e9rvia)\u00a0&#8211; <strong>Divulga\u00e7\u00e3o\/AUX Ningbo Open<\/strong><!--END copyright=441148--><\/p>\n<\/div>\n<\/div>\n<p>&#8220;A Marie [Bouzkova] \u00e9 uma jogadora s\u00f3lida, que naturalmente complementa a maneira que jogo. Ent\u00e3o, n\u00e3o precisamos nos adaptar \u00e0s caracter\u00edsticas. Tivemos uma \u00f3tima qu\u00edmica desde o in\u00edcio e fizemos uma boa estreia. Feliz de come\u00e7ar o ano com a vit\u00f3ria de hoje e animada com a pr\u00f3xima rodada que espero ser um bom jogo&#8221;, analisou Stefani, que compete ao lado de Bouzkova, devido a uma les\u00e3o da canadense Gabriela Dabrowski.<\/p>\n<p>Stefani e Dabrowski retomaram a parceria para o circuito de 2026 ap\u00f3s hiato de dois anos. As duas jogaram lado a lado entre 2020 e 2023, quando foram campe\u00e3 do WTA 1000 de Montreal (Canad\u00e1) e vice-campe\u00e3s do WTA 1000 de Cincinnati e WTA 500 de San Jose, ambos nos Estados Unidos.<\/p>\n<p>Na noite desta segunda (12) tem estreia da dupla ga\u00facha Rafael Matos e Orlando Luz no torneio masculino de Adelaide. Eles ter\u00e3o pela frente a parceria do norte-americano Austin Krajicek com o croata Nicola Mektic, a partir das 21h30 (hor\u00e1rio de Bras\u00edlia).<\/p>\n<div class=\"dnd-widget-wrapper context-cheio_8colunas type-image\">\n<div class=\"dnd-atom-rendered\"><!-- scald=414414:cheio_8colunas --><br \/>\n            <img decoding=\"async\" src=\"https:\/\/imagens.ebc.com.br\/Dm9MqvpcP4r3aba_uUtDTlmwF5Q=\/754x0\/smart\/https:\/\/agenciabrasil.ebc.com.br\/sites\/default\/files\/thumbnails\/image\/2025\/02\/18\/2025-02-16t220141z_375653495_up1el2g1p6reo_rtrmadp_3_tennis-buenosaires.jpg?itok=wHTfqSHy\" alt=\"jo\u00e3o fonseca, atp 500 buenos aires, t\u00eanis\" title=\"Reuters\/Matias Baglietto\/Direitos Reservados\"\/><br \/>\n        <img decoding=\"async\" src=\"https:\/\/imagens.ebc.com.br\/Dm9MqvpcP4r3aba_uUtDTlmwF5Q=\/754x0\/smart\/https:\/\/agenciabrasil.ebc.com.br\/sites\/default\/files\/thumbnails\/image\/2025\/02\/18\/2025-02-16t220141z_375653495_up1el2g1p6reo_rtrmadp_3_tennis-buenosaires.jpg?itok=wHTfqSHy\" alt=\"jo\u00e3o fonseca, atp 500 buenos aires, t\u00eanis\" title=\"Reuters\/Matias Baglietto\/Direitos Reservados\"\/><br \/>\n    <!-- END scald=414414 --><\/div>\n<div class=\"dnd-caption-wrapper\">\n<p>Jo\u00e3o Fonseca deve estrear na temporada como cabe\u00e7a de chave 28 do Aberto da Austr\u00e1lia, que come\u00e7a no pr\u00f3ximo domingo (18), em Melbourne\u00a0&#8211; <strong>Reuters\/Matias Baglietto\/Direitos Reservados<\/strong><!--END copyright=414414--><\/p>\n<\/div>\n<\/div>\n<h2>Jo\u00e3o Fonseca ser\u00e1 cabe\u00e7a de chave no Aberto da Austr\u00e1lia<\/h2>\n<p>Ap\u00f3s 11 anos, o Brasil pode voltar a ter um cabe\u00e7a de chave no em um Grand Slam \u2013 o representante foi\u00a0Thomaz Bellucci, no US Open. Ser\u00e1 o tenista carioca de 19 anos, que se recupera de dores lombares que o tiraram dos dois primeiros torneios do ano (Brisbane e Adelaide). Na atualiza\u00e7\u00e3o do ranking da ATP nesta segunda (12), Jo\u00e3o aparece na 30\u00aa posi\u00e7\u00e3o no ranking mundial \u2013 apenas os 32 primeiros da lista ser\u00e3o cabe\u00e7as de chave no Aberto da Austr\u00e1lia. Com as desist\u00eancias do brit\u00e2nico Jack Draper (11\u00ba) e do dinamarqu\u00eas Holger Rune (16\u00ba), a expectativa \u00e9 que Fonseca estreie como cabe\u00e7a de chave 28. A abertura do Grand Slam em Melbourne ser\u00e1 no pr\u00f3ximo domingo (18).<\/p>\n<p>Al\u00e9m de Jo\u00e3o Fonseca, Bia Haddad tamb\u00e9m est\u00e1 confirmada no Aberto da Austr\u00e1lia, mas n\u00e3o ser\u00e1 cabe\u00e7a de chave. Haddad antecipou para setembro o fim da temporada passada para cuidar da sa\u00fade mental. Como deixou de disputar v\u00e1rios torneios, a brasileira perdeu posi\u00e7\u00f5es no ranking e agora ocupa a\u00a0 39\u00aa coloca\u00e7\u00e3o.<\/p>\n<div class=\"dnd-widget-wrapper context-cheio_8colunas type-image\">\n<div class=\"dnd-atom-rendered\"><!-- scald=329782:cheio_8colunas --><br \/>\n            <img decoding=\"async\" src=\"https:\/\/imagens.ebc.com.br\/RCKXbR3fZACeEkV2Mk6ZmG3xj28=\/754x0\/smart\/https:\/\/agenciabrasil.ebc.com.br\/sites\/default\/files\/thumbnails\/image\/thiago_wild_tenista_vence_medvedev_roland_garros.jpg?itok=HLk2Q7pu\" alt=\"Thiago Wild surpreende Medvedev e elimina n\u00famero 2 do mundo em Roland Garros&#13;&#10;30\/05\/2023&#13;&#10;REUTERS\/Benoit Tessier\" title=\"REUTERS\/Benoit Tessier\/Proibida reprodu\u00e7\u00e3o\"\/><br \/>\n        <img decoding=\"async\" src=\"https:\/\/imagens.ebc.com.br\/RCKXbR3fZACeEkV2Mk6ZmG3xj28=\/754x0\/smart\/https:\/\/agenciabrasil.ebc.com.br\/sites\/default\/files\/thumbnails\/image\/thiago_wild_tenista_vence_medvedev_roland_garros.jpg?itok=HLk2Q7pu\" alt=\"Thiago Wild surpreende Medvedev e elimina n\u00famero 2 do mundo em Roland Garros&#13;&#10;30\/05\/2023&#13;&#10;REUTERS\/Benoit Tessier\" title=\"REUTERS\/Benoit Tessier\/Proibida reprodu\u00e7\u00e3o\"\/><br \/>\n    <!-- END scald=329782 --><\/div>\n<div class=\"dnd-caption-wrapper\">\n<p><!--copyright=329782-->Thiago Wild inicia a busca por vaga na chave principal do Grand Slam australiano \u00e0s 20h desta segunda (120, em duelo contra o o equatoriano \u00c1lvaro Guillen Meza &#8211; <strong>REUTERS\/Benoit Tessier\/Proibida reprodu\u00e7\u00e3o<\/strong><!--END copyright=329782--><\/p>\n<\/div>\n<\/div>\n<h2>Qualificat\u00f3rio para Melbourne<\/h2>\n<p>Em busca de uma vaga na chave principal do Grand Slam australiano, o paranaense Thiago Wild (216\u00ba no ranking) encara o equatoriano \u00c1lvaro Guillen Meza (193\u00ba) na primeira de tr\u00eas rodadas do qualificat\u00f3rio, \u00a0a partir das 20h desta segunda (12).<\/p>\n<p>No domingo (11), o paulista Gustavo Heide (238\u00ba) se classificou \u00e0 segunda rodada do quali ao derrotar o brit\u00e2nico Jay Clarke (178\u00ba) com um duplo 6\/3. O pr\u00f3ximo advers\u00e1rio ser\u00e1 o croata Dino Prizmic (127\u00ba), \u00e0s 20h de ter\u00e7a (13). \u00a0J\u00e1 os compatriota Jo\u00e3o Lucas Reis e Laura Pigossi foram superados, respectivamente, pelo portugu\u00eas Henrique Rocha e a chinesa Lin Zhun.<\/p>\n<p>      <!-- Relacionada --><\/p>\n<p>            <!-- Relacionada -->\n    <\/div>\n<p><a href=\"https:\/\/agenciabrasil.ebc.com.br\/esportes\/noticia\/2026-01\/bia-haddad-cai-na-estreia-e-dupla-de-stefani-avanca-no-wta-de-adelaide\">Fonte: Ag\u00eancia Brasil<\/a><\/p>\n","protected":false},"excerpt":{"rendered":"<p>As tenistas brasileiras Beatriz Haddad Maia e Luisa Stefani abriram a temporada 2026 nesta segunda-feira (12) pelo WTA\u00a0 500 de Adelaide (Austr\u00e1lia), torneio preparat\u00f3rio para o Aberto da Austr\u00e1lia, primeiro dos quatro Grand Slams do circuito. Na disputa de simples, Haddad estreou com derrota de virada para a revela\u00e7\u00e3o canadense Victoria Mboko, por 2 sets [&hellip;]<\/p>\n","protected":false},"author":1,"featured_media":16284,"comment_status":"open","ping_status":"open","sticky":false,"template":"","format":"standard","meta":{"fifu_image_url":"https:\/\/imagens.ebc.com.br\/tiuQmzqQdwsxq3m6bL3elKTGccA=\/1600x800\/https:\/\/agenciabrasil.ebc.com.br\/sites\/default\/files\/thumbnails\/image\/2025\/09\/11\/pint6527.jpg?itok=rNIwNIhW","fifu_image_alt":"","footnotes":""},"categories":[594],"tags":[10304,2062,9315,1878,8006,3497,2090,9854,9861],"class_list":{"0":"post-16283","1":"post","2":"type-post","3":"status-publish","4":"format-standard","5":"has-post-thumbnail","7":"category-esportes","8":"tag-adelaide","9":"tag-avanca","10":"tag-bia","11":"tag-cai","12":"tag-dupla","13":"tag-estreia","14":"tag-haddad","15":"tag-stefani","16":"tag-wta"},"_links":{"self":[{"href":"https:\/\/balancotocantins.com.br\/index.php?rest_route=\/wp\/v2\/posts\/16283","targetHints":{"allow":["GET"]}}],"collection":[{"href":"https:\/\/balancotocantins.com.br\/index.php?rest_route=\/wp\/v2\/posts"}],"about":[{"href":"https:\/\/balancotocantins.com.br\/index.php?rest_route=\/wp\/v2\/types\/post"}],"author":[{"embeddable":true,"href":"https:\/\/balancotocantins.com.br\/index.php?rest_route=\/wp\/v2\/users\/1"}],"replies":[{"embeddable":true,"href":"https:\/\/balancotocantins.com.br\/index.php?rest_route=%2Fwp%2Fv2%2Fcomments&post=16283"}],"version-history":[{"count":1,"href":"https:\/\/balancotocantins.com.br\/index.php?rest_route=\/wp\/v2\/posts\/16283\/revisions"}],"predecessor-version":[{"id":16285,"href":"https:\/\/balancotocantins.com.br\/index.php?rest_route=\/wp\/v2\/posts\/16283\/revisions\/16285"}],"wp:featuredmedia":[{"embeddable":true,"href":"https:\/\/balancotocantins.com.br\/index.php?rest_route=\/wp\/v2\/media\/16284"}],"wp:attachment":[{"href":"https:\/\/balancotocantins.com.br\/index.php?rest_route=%2Fwp%2Fv2%2Fmedia&parent=16283"}],"wp:term":[{"taxonomy":"category","embeddable":true,"href":"https:\/\/balancotocantins.com.br\/index.php?rest_route=%2Fwp%2Fv2%2Fcategories&post=16283"},{"taxonomy":"post_tag","embeddable":true,"href":"https:\/\/balancotocantins.com.br\/index.php?rest_route=%2Fwp%2Fv2%2Ftags&post=16283"}],"curies":[{"name":"wp","href":"https:\/\/api.w.org\/{rel}","templated":true}]}}