{"id":16307,"date":"2026-01-14T18:39:36","date_gmt":"2026-01-14T21:39:36","guid":{"rendered":"https:\/\/balancotocantins.com.br\/?p=16307"},"modified":"2026-01-14T18:39:40","modified_gmt":"2026-01-14T21:39:40","slug":"secretaria-municipal-de-meio-ambiente-autua-tutor-por-maus-tratos-a-animal-em-gurupi","status":"publish","type":"post","link":"https:\/\/balancotocantins.com.br\/?p=16307","title":{"rendered":"Secretaria Municipal de Meio Ambiente autua tutor por maus-tratos a animal em Gurupi"},"content":{"rendered":"<p>A Prefeitura de Gurupi, por meio da Secretaria Municipal de Meio Ambiente, registrou novos casos de maus-tratos a animais nesta segunda-feira (12) e ao longo do \u00faltimo fim de semana. As ocorr\u00eancias mobilizaram equipes de fiscaliza\u00e7\u00e3o ambiental, m\u00e9dicos-veterin\u00e1rios do munic\u00edpio e contaram com o apoio da Pol\u00edcia Militar, resultando em resgates, autua\u00e7\u00f5es e encaminhamentos \u00e0s autoridades competentes.<\/p>\n<p>O caso mais recente foi atendido por volta do meio-dia desta segunda-feira, ap\u00f3s den\u00fancia envolvendo um cachorro em situa\u00e7\u00e3o de maus-tratos. De acordo com o secret\u00e1rio executivo da pasta, Diego Rocha, a equipe foi acionada imediatamente, com a mobiliza\u00e7\u00e3o da fiscaliza\u00e7\u00e3o ambiental e da veterin\u00e1ria do munic\u00edpio. A a\u00e7\u00e3o teve ainda o apoio da vereadora Diane da Vit\u00f3ria dos Bichos e da Pol\u00edcia Militar.<\/p>\n<p>No local, os agentes constataram que o animal estava mantido dentro de uma resid\u00eancia trancada, em condi\u00e7\u00f5es caracterizadas como maus-tratos. Durante a abordagem, o propriet\u00e1rio do im\u00f3vel tentou acessar o local pelos fundos para retirar o cachorro e evitar o flagrante, mas foi contido pela Pol\u00edcia Militar. O caso foi encaminhado \u00e0 Delegacia da Pol\u00edcia Civil para os procedimentos legais, e o respons\u00e1vel tamb\u00e9m ser\u00e1 autuado administrativamente pela fiscaliza\u00e7\u00e3o ambiental. O animal foi resgatado e levado para atendimento veterin\u00e1rio emergencial.<\/p>\n<p><strong>Ocorr\u00eancias do fim de semana<\/strong><\/p>\n<p>No s\u00e1bado (10), a Secretaria de Meio Ambiente recebeu den\u00fancia sobre dois animais supostamente abandonados. Com base em imagens e uma localiza\u00e7\u00e3o aproximada, as equipes iniciaram dilig\u00eancias ainda no in\u00edcio da tarde, percorrendo bairros como Vila Nova, Setor Aeroporto, Boulevard, Cana\u00e3 II, Vale do Sol, Jardim Tocantins e Setor Cajueiro, utilizando carretinha adaptada para transporte de equinos.<\/p>\n<p>Ap\u00f3s as buscas, um cavalo foi localizado e resgatado, embora n\u00e3o correspondesse exatamente \u00e0 descri\u00e7\u00e3o inicial da den\u00fancia. O animal apresentava estado de sa\u00fade cr\u00edtico e recebeu os cuidados necess\u00e1rios. Durante as dilig\u00eancias, moradores relataram ter visto os animais dias antes, mas n\u00e3o haviam formalizado den\u00fancia, o que dificultou a localiza\u00e7\u00e3o em tempo oportuno.<\/p>\n<p>No domingo (11), outra den\u00fancia envolvendo um cavalo foi registrada. A equipe tentou localizar o animal, mas enfrentou dificuldades devido \u00e0 falta de informa\u00e7\u00f5es precisas sobre o endere\u00e7o. Posteriormente, foi informado que o animal havia morrido. A Secretaria de Infraestrutura realizou a retirada do corpo ainda na noite de domingo, garantindo a seguran\u00e7a da via p\u00fablica.<\/p>\n<p>Al\u00e9m desses casos, outros dois animais mencionados em den\u00fancias n\u00e3o puderam ser localizados pela fiscaliza\u00e7\u00e3o, principalmente pela aus\u00eancia de dados completos ou pela demora no acionamento das equipes.<\/p>\n<p><strong>Import\u00e2ncia da den\u00fancia<\/strong><\/p>\n<p>O secret\u00e1rio executivo Diego Rocha destacou que a participa\u00e7\u00e3o da popula\u00e7\u00e3o \u00e9 essencial no enfrentamento aos maus-tratos a animais. Segundo ele, den\u00fancias feitas de forma imediata e com informa\u00e7\u00f5es precisas, como endere\u00e7o correto e caracter\u00edsticas do animal, aumentam as chances de resgate. \u201cQuando a comunica\u00e7\u00e3o n\u00e3o ocorre no momento adequado ou sem dados suficientes, muitas vezes perdemos a oportunidade de salvar o animal\u201d, afirmou.<\/p>\n<p>Rocha refor\u00e7ou ainda que maus-tratos a animais configuram crime e que a Secretaria Municipal de Meio Ambiente continuar\u00e1 atuando de forma rigorosa na fiscaliza\u00e7\u00e3o, no resgate e na responsabiliza\u00e7\u00e3o dos infratores. Den\u00fancias podem ser feitas pelo telefone (63) 3301-4336.<\/p>\n<p>&nbsp;<\/p>\n","protected":false},"excerpt":{"rendered":"<p>A Prefeitura de Gurupi, por meio da Secretaria Municipal de Meio Ambiente, registrou novos casos de maus-tratos a animais nesta segunda-feira (12) e ao longo do \u00faltimo fim de semana. As ocorr\u00eancias mobilizaram equipes de fiscaliza\u00e7\u00e3o ambiental, m\u00e9dicos-veterin\u00e1rios do munic\u00edpio e contaram com o apoio da Pol\u00edcia Militar, resultando em resgates, autua\u00e7\u00f5es e encaminhamentos \u00e0s [&hellip;]<\/p>\n","protected":false},"author":1,"featured_media":16309,"comment_status":"open","ping_status":"closed","sticky":false,"template":"","format":"standard","meta":{"fifu_image_url":"","fifu_image_alt":"","footnotes":""},"categories":[7545,346],"tags":[1043,10314,1021,10312,10313],"class_list":["post-16307","post","type-post","status-publish","format-standard","has-post-thumbnail","category-meio-ambiente","category-saude","tag-capa","tag-fiscalizacao-ambiental","tag-gurupi","tag-maus-tratos-a-animal","tag-secretaria-municipal-de-meio-ambiente"],"_links":{"self":[{"href":"https:\/\/balancotocantins.com.br\/index.php?rest_route=\/wp\/v2\/posts\/16307","targetHints":{"allow":["GET"]}}],"collection":[{"href":"https:\/\/balancotocantins.com.br\/index.php?rest_route=\/wp\/v2\/posts"}],"about":[{"href":"https:\/\/balancotocantins.com.br\/index.php?rest_route=\/wp\/v2\/types\/post"}],"author":[{"embeddable":true,"href":"https:\/\/balancotocantins.com.br\/index.php?rest_route=\/wp\/v2\/users\/1"}],"replies":[{"embeddable":true,"href":"https:\/\/balancotocantins.com.br\/index.php?rest_route=%2Fwp%2Fv2%2Fcomments&post=16307"}],"version-history":[{"count":1,"href":"https:\/\/balancotocantins.com.br\/index.php?rest_route=\/wp\/v2\/posts\/16307\/revisions"}],"predecessor-version":[{"id":16308,"href":"https:\/\/balancotocantins.com.br\/index.php?rest_route=\/wp\/v2\/posts\/16307\/revisions\/16308"}],"wp:featuredmedia":[{"embeddable":true,"href":"https:\/\/balancotocantins.com.br\/index.php?rest_route=\/wp\/v2\/media\/16309"}],"wp:attachment":[{"href":"https:\/\/balancotocantins.com.br\/index.php?rest_route=%2Fwp%2Fv2%2Fmedia&parent=16307"}],"wp:term":[{"taxonomy":"category","embeddable":true,"href":"https:\/\/balancotocantins.com.br\/index.php?rest_route=%2Fwp%2Fv2%2Fcategories&post=16307"},{"taxonomy":"post_tag","embeddable":true,"href":"https:\/\/balancotocantins.com.br\/index.php?rest_route=%2Fwp%2Fv2%2Ftags&post=16307"}],"curies":[{"name":"wp","href":"https:\/\/api.w.org\/{rel}","templated":true}]}}