{"id":16331,"date":"2026-01-15T10:11:00","date_gmt":"2026-01-15T13:11:00","guid":{"rendered":"https:\/\/balancotocantins.com.br\/eventual-sancao-dos-eua-ao-ira-nao-deve-afetar-o-brasil-diz-alckmin\/"},"modified":"2026-01-15T19:30:34","modified_gmt":"2026-01-15T22:30:34","slug":"eventual-sancao-dos-eua-ao-ira-nao-deve-afetar-o-brasil-diz-alckmin","status":"publish","type":"post","link":"https:\/\/balancotocantins.com.br\/?p=16331","title":{"rendered":"Eventual san\u00e7\u00e3o dos EUA ao Ir\u00e3 n\u00e3o deve afetar o Brasil, diz Alckmin"},"content":{"rendered":"<p><\/p>\n<div>\n<p>O vice-presidente da Rep\u00fablica e ministro do Desenvolvimento, Ind\u00fastria, Com\u00e9rcio e Servi\u00e7os, Geraldo Alckmin, disse nesta quinta-feira (15) que uma eventual san\u00e7\u00e3o por parte dos Estados Unidos ao Ir\u00e3, conforme anunciado pelo presidente norte-americano Donald Trump, n\u00e3o deve afetar o Brasil.<img decoding=\"async\" src=\"https:\/\/agenciabrasil.ebc.com.br\/ebc.gif?id=1675025&amp;o=node\" style=\"width:1px; height:1px; display:inline;\"\/><\/p>\n<blockquote>\n<p>\u201cOs Estados Unidos colocaram que n\u00e3o querem que haja com\u00e9rcio com o Ir\u00e3. Mas o Ir\u00e3 tem 100 milh\u00f5es de pessoas. Pa\u00edses europeus exportam para o Ir\u00e3, a maioria dos pa\u00edses tem algum tipo de exporta\u00e7\u00e3o. No Brasil, nossa rela\u00e7\u00e3o comercial com o Ir\u00e3 \u00e9 pequena\u201d, disse.<\/p>\n<\/blockquote>\n<p>\u201cA quest\u00e3o da super tarifa\u00e7\u00e3o \u00e9 dif\u00edcil de ser aplicada. Voc\u00ea teria que aplicar em mais de 70 pa\u00edses do mundo, inclusive pa\u00edses europeus\u201d, completou, ao participar de entrevista a emissoras de r\u00e1dio durante o programa <em>Bom Dia, Ministro<\/em>, produzido pela <strong>Empresa Brasil de Comunica\u00e7\u00e3o<\/strong> (<strong>EBC<\/strong>).<\/p>\n<p><strong>Alckmin lembrou que n\u00e3o houve, por parte do governo Trump, nenhum tipo de ordem executiva que imponha, de fato, a san\u00e7\u00e3o ao Ir\u00e3. \u201cEsperamos que n\u00e3o seja aplicada. Porque imposto de exporta\u00e7\u00e3o \u00e9 imposto regulat\u00f3rio, \u00e9 outra l\u00f3gica. E isso valeria para o mundo inteiro\u201d.\u00a0<\/strong><\/p>\n<blockquote>\n<p>\u201cA Europa, por exemplo, tamb\u00e9m exporta para o Ir\u00e3. A Alemanha, muitos pa\u00edses t\u00eam com\u00e9rcio exterior\u201d, disse. \u201cVamos torcer, trabalhar para que isso n\u00e3o ocorra\u201d, completou.<\/p>\n<\/blockquote>\n<p><strong>O ministro disse ainda que o Brasil n\u00e3o tem lit\u00edgio com ningu\u00e9m.<\/strong><\/p>\n<blockquote>\n<p>\u201cNo Brasil, a \u00faltima guerra tem mais de um s\u00e9culo. O Brasil \u00e9 um pa\u00eds de paz e, sempre que pode, atua promovendo a paz. O que n\u00f3s queremos \u00e9 paz. Guerra leva \u00e0 morte, leva \u00e0 pobreza. \u00c9 a fal\u00eancia da boa pol\u00edtica\u201d.<\/p>\n<\/blockquote>\n<p><strong>Alckmin classificou o atual cen\u00e1rio geopol\u00edtico como um momento dif\u00edcil para o mundo\u00a0e um momento de o Brasil ser mais ouvido.<\/strong><\/p>\n<blockquote>\n<p>\u201cVamos promover a paz, fortalecer o multilateralismo, tratar de melhorar a vida do povo atrav\u00e9s do emprego e da melhora de renda. Esse \u00e9 o bom caminho e \u00e9 isso que o Brasil est\u00e1 trilhando\u201d.<\/p>\n<\/blockquote>\n<p><em>*Colaborou Alex Rodrigues<\/em><\/p>\n<p>      <!-- Relacionada --><\/p>\n<p>            <!-- Relacionada -->\n    <\/div>\n<p><a href=\"https:\/\/agenciabrasil.ebc.com.br\/politica\/noticia\/2026-01\/eventual-sancao-dos-eua-ao-ira-nao-deve-afetar-o-brasil-diz-alckmin\">Fonte: Ag\u00eancia Brasil<\/a><\/p>\n","protected":false},"excerpt":{"rendered":"<p>O vice-presidente da Rep\u00fablica e ministro do Desenvolvimento, Ind\u00fastria, Com\u00e9rcio e Servi\u00e7os, Geraldo Alckmin, disse nesta quinta-feira (15) que uma eventual san\u00e7\u00e3o por parte dos Estados Unidos ao Ir\u00e3, conforme anunciado pelo presidente norte-americano Donald Trump, n\u00e3o deve afetar o Brasil. \u201cOs Estados Unidos colocaram que n\u00e3o querem que haja com\u00e9rcio com o Ir\u00e3. Mas [&hellip;]<\/p>\n","protected":false},"author":1,"featured_media":16332,"comment_status":"open","ping_status":"open","sticky":false,"template":"","format":"standard","meta":{"fifu_image_url":"https:\/\/imagens.ebc.com.br\/A8QIiSJYrlMMiCBBf0f96fQKFRw=\/1600x800\/https:\/\/agenciabrasil.ebc.com.br\/sites\/default\/files\/thumbnails\/image\/2026\/01\/15\/_raf0519_0.jpg?itok=6irYrUa_","fifu_image_alt":"","footnotes":""},"categories":[345],"tags":[3944,2919,303,542,54,181,182,2165,3601,71,2835],"class_list":{"0":"post-16331","1":"post","2":"type-post","3":"status-publish","4":"format-standard","5":"has-post-thumbnail","7":"category-politica","8":"tag-afetar","9":"tag-alckmin","10":"tag-brasil","11":"tag-deve","12":"tag-diz","13":"tag-dos","14":"tag-eua","15":"tag-eventual","16":"tag-ira","17":"tag-nao","18":"tag-sancao"},"_links":{"self":[{"href":"https:\/\/balancotocantins.com.br\/index.php?rest_route=\/wp\/v2\/posts\/16331","targetHints":{"allow":["GET"]}}],"collection":[{"href":"https:\/\/balancotocantins.com.br\/index.php?rest_route=\/wp\/v2\/posts"}],"about":[{"href":"https:\/\/balancotocantins.com.br\/index.php?rest_route=\/wp\/v2\/types\/post"}],"author":[{"embeddable":true,"href":"https:\/\/balancotocantins.com.br\/index.php?rest_route=\/wp\/v2\/users\/1"}],"replies":[{"embeddable":true,"href":"https:\/\/balancotocantins.com.br\/index.php?rest_route=%2Fwp%2Fv2%2Fcomments&post=16331"}],"version-history":[{"count":1,"href":"https:\/\/balancotocantins.com.br\/index.php?rest_route=\/wp\/v2\/posts\/16331\/revisions"}],"predecessor-version":[{"id":16333,"href":"https:\/\/balancotocantins.com.br\/index.php?rest_route=\/wp\/v2\/posts\/16331\/revisions\/16333"}],"wp:featuredmedia":[{"embeddable":true,"href":"https:\/\/balancotocantins.com.br\/index.php?rest_route=\/wp\/v2\/media\/16332"}],"wp:attachment":[{"href":"https:\/\/balancotocantins.com.br\/index.php?rest_route=%2Fwp%2Fv2%2Fmedia&parent=16331"}],"wp:term":[{"taxonomy":"category","embeddable":true,"href":"https:\/\/balancotocantins.com.br\/index.php?rest_route=%2Fwp%2Fv2%2Fcategories&post=16331"},{"taxonomy":"post_tag","embeddable":true,"href":"https:\/\/balancotocantins.com.br\/index.php?rest_route=%2Fwp%2Fv2%2Ftags&post=16331"}],"curies":[{"name":"wp","href":"https:\/\/api.w.org\/{rel}","templated":true}]}}