{"id":16343,"date":"2026-01-15T09:34:00","date_gmt":"2026-01-15T12:34:00","guid":{"rendered":"https:\/\/balancotocantins.com.br\/acordo-mercosul-ue-deve-entrar-em-vigor-no-2o-semestre-diz-alckmin\/"},"modified":"2026-01-16T07:42:19","modified_gmt":"2026-01-16T10:42:19","slug":"acordo-mercosul-ue-deve-entrar-em-vigor-no-2o-semestre-diz-alckmin","status":"publish","type":"post","link":"https:\/\/balancotocantins.com.br\/?p=16343","title":{"rendered":"Acordo Mercosul-UE deve entrar em vigor no 2\u00ba semestre, diz Alckmin"},"content":{"rendered":"<p><\/p>\n<div>\n<p>O vice-presidente da Rep\u00fablica e ministro do Desenvolvimento, Ind\u00fastria, Com\u00e9rcio e Servi\u00e7os, Geraldo Alckmin, disse nesta quinta-feira (15) que o acordo comercial entre Mercosul e Uni\u00e3o Europeia (UE) deve entrar em vigor no segundo semestre deste ano: \u201cUm acordo que, h\u00e1 25 anos, era trabalhado, mas nunca sa\u00eda. Finalmente, [ser\u00e1] assinado no s\u00e1bado (17).\u201d<img decoding=\"async\" src=\"https:\/\/agenciabrasil.ebc.com.br\/ebc.gif?id=1675020&amp;o=node\" style=\"width:1px; height:1px; display:inline;\"\/><\/p>\n<blockquote>\n<p>\u201cAssinado, o Parlamento Europeu aprova sua lei e n\u00f3s, no Brasil, aprovamos a lei, internalizando o acordo. A gente espera que aprove a lei ainda neste primeiro semestre e que tenhamos, no segundo semestre, a vig\u00eancia do acordo. A\u00ed, ele entra imediatamente em vig\u00eancia.\u201d<\/p>\n<\/blockquote>\n<p>Em entrevista a emissoras de r\u00e1dio durante o programa <em>Bom Dia, Ministro<\/em>, produzido pela <strong>Empresa Brasil de Comunica\u00e7\u00e3o<\/strong> (<strong>EBC<\/strong>), Alckmin avaliou que o acordo entre Mercosul e Uni\u00e3o Europeia \u00e9 o maior acordo entre blocos do mundo, envolvendo 720 milh\u00f5es de pessoas e US$ 22 trilh\u00f5es de mercado.<\/p>\n<p>\u201cS\u00e3o cinco pa\u00edses no Mercosul [Brasil Argentina, Paraguai, Uruguai e, agora, Bol\u00edvia]. E a Uni\u00e3o Europeia, com 27 pa\u00edses dos mais ricos do mundo. Isso significa com\u00e9rcio: vamos vender mais para eles. Zerar a tarifa, ent\u00e3o voc\u00ea tem livre com\u00e9rcio \u2013 mas livre com\u00e9rcio com regras. Tamb\u00e9m vamos comprar mais deles.\u201d<\/p>\n<blockquote>\n<p>\u201cGanha a sociedade, comprando produtos mais baratos e de melhor qualidade. Com\u00e9rcio exterior, hoje, \u00e9 emprego na veia. Tem determinadas empresas que, se n\u00e3o exportarem, elas fecham. O mercado interno n\u00e3o \u00e9 suficiente\u201d, completou o ministro.<\/p>\n<\/blockquote>\n<p>Alckmin ainda classificou o acordo como um exemplo para o mundo:<\/p>\n<p>\u201cEm um momento de instabilidade pol\u00edtica, de geopol\u00edtica com guerras em v\u00e1rios lugares, de protecionismo exacerbado, voc\u00ea d\u00e1 o exemplo de que \u00e9 poss\u00edvel, atrav\u00e9s do di\u00e1logo e da negocia\u00e7\u00e3o, fortalecer o multilateralismo e ter livre com\u00e9rcio.\u201d<\/p>\n<p><strong>Confira as informa\u00e7\u00f5es do Rep\u00f3rter Brasil Tarde, da TV Brasil<\/strong><\/p>\n<p><iframe loading=\"lazy\" title=\"Rep\u00f3rter Brasil Tarde, 15\/01\/2026\" width=\"1170\" height=\"658\" src=\"https:\/\/www.youtube.com\/embed\/KxIlK82ujVc?feature=oembed\" frameborder=\"0\" allow=\"accelerometer; autoplay; clipboard-write; encrypted-media; gyroscope; picture-in-picture; web-share\" referrerpolicy=\"strict-origin-when-cross-origin\" allowfullscreen><\/iframe><\/p>\n<p>\u00a0<\/p>\n<p>      <!-- Relacionada --><\/p>\n<p>            <!-- Relacionada -->\n    <\/div>\n<p><a href=\"https:\/\/agenciabrasil.ebc.com.br\/politica\/noticia\/2026-01\/acordo-mercosul-ue-deve-entrar-em-vigor-no-2o-semestre-diz-alckmin\">Fonte: Ag\u00eancia Brasil<\/a><\/p>\n","protected":false},"excerpt":{"rendered":"<p>O vice-presidente da Rep\u00fablica e ministro do Desenvolvimento, Ind\u00fastria, Com\u00e9rcio e Servi\u00e7os, Geraldo Alckmin, disse nesta quinta-feira (15) que o acordo comercial entre Mercosul e Uni\u00e3o Europeia (UE) deve entrar em vigor no segundo semestre deste ano: \u201cUm acordo que, h\u00e1 25 anos, era trabalhado, mas nunca sa\u00eda. Finalmente, [ser\u00e1] assinado no s\u00e1bado (17).\u201d \u201cAssinado, [&hellip;]<\/p>\n","protected":false},"author":1,"featured_media":16344,"comment_status":"open","ping_status":"open","sticky":false,"template":"","format":"standard","meta":{"fifu_image_url":"https:\/\/imagens.ebc.com.br\/WHYzbxIDKns_dgKzOmIp7yTRUt4=\/1600x800\/https:\/\/agenciabrasil.ebc.com.br\/sites\/default\/files\/thumbnails\/image\/2026\/01\/15\/_raf0894_0.jpg?itok=uZWSZvDn","fifu_image_alt":"","footnotes":""},"categories":[345],"tags":[4068,576,2919,542,54,1516,10321,6011,2651],"class_list":{"0":"post-16343","1":"post","2":"type-post","3":"status-publish","4":"format-standard","5":"has-post-thumbnail","7":"category-politica","8":"tag-2o","9":"tag-acordo","10":"tag-alckmin","11":"tag-deve","12":"tag-diz","13":"tag-entrar","14":"tag-mercosulue","15":"tag-semestre","16":"tag-vigor"},"_links":{"self":[{"href":"https:\/\/balancotocantins.com.br\/index.php?rest_route=\/wp\/v2\/posts\/16343","targetHints":{"allow":["GET"]}}],"collection":[{"href":"https:\/\/balancotocantins.com.br\/index.php?rest_route=\/wp\/v2\/posts"}],"about":[{"href":"https:\/\/balancotocantins.com.br\/index.php?rest_route=\/wp\/v2\/types\/post"}],"author":[{"embeddable":true,"href":"https:\/\/balancotocantins.com.br\/index.php?rest_route=\/wp\/v2\/users\/1"}],"replies":[{"embeddable":true,"href":"https:\/\/balancotocantins.com.br\/index.php?rest_route=%2Fwp%2Fv2%2Fcomments&post=16343"}],"version-history":[{"count":1,"href":"https:\/\/balancotocantins.com.br\/index.php?rest_route=\/wp\/v2\/posts\/16343\/revisions"}],"predecessor-version":[{"id":16345,"href":"https:\/\/balancotocantins.com.br\/index.php?rest_route=\/wp\/v2\/posts\/16343\/revisions\/16345"}],"wp:featuredmedia":[{"embeddable":true,"href":"https:\/\/balancotocantins.com.br\/index.php?rest_route=\/wp\/v2\/media\/16344"}],"wp:attachment":[{"href":"https:\/\/balancotocantins.com.br\/index.php?rest_route=%2Fwp%2Fv2%2Fmedia&parent=16343"}],"wp:term":[{"taxonomy":"category","embeddable":true,"href":"https:\/\/balancotocantins.com.br\/index.php?rest_route=%2Fwp%2Fv2%2Fcategories&post=16343"},{"taxonomy":"post_tag","embeddable":true,"href":"https:\/\/balancotocantins.com.br\/index.php?rest_route=%2Fwp%2Fv2%2Ftags&post=16343"}],"curies":[{"name":"wp","href":"https:\/\/api.w.org\/{rel}","templated":true}]}}