{"id":16415,"date":"2026-01-20T12:13:00","date_gmt":"2026-01-20T15:13:00","guid":{"rendered":"https:\/\/balancotocantins.com.br\/tse-propoe-novas-regras-e-recebe-sugestoes-sobre-eleicoes-de-2026\/"},"modified":"2026-01-20T20:46:43","modified_gmt":"2026-01-20T23:46:43","slug":"tse-propoe-novas-regras-e-recebe-sugestoes-sobre-eleicoes-de-2026","status":"publish","type":"post","link":"https:\/\/balancotocantins.com.br\/?p=16415","title":{"rendered":"TSE prop\u00f5e novas regras e recebe sugest\u00f5es sobre elei\u00e7\u00f5es de 2026"},"content":{"rendered":"<p><\/p>\n<div>\n<p>O Tribunal Superior Eleitoral (TSE) publicou nesta semana 12 minutas com propostas de altera\u00e7\u00f5es nas regras para as Elei\u00e7\u00f5es 2026. <strong>As mudan\u00e7as tratam de calend\u00e1rio eleitoral, manifesta\u00e7\u00f5es na pr\u00e9-campanha, pesquisas eleitorais, crit\u00e9rios para distribui\u00e7\u00e3o de recursos eleitorais e responsabilidade pela remo\u00e7\u00e3o de conte\u00fados digitais com ataques ao processo eleitoral, entre outros temas.<\/strong>\u00a0<img decoding=\"async\" src=\"https:\/\/agenciabrasil.ebc.com.br\/ebc.gif?id=1675458&amp;o=node\" style=\"width:1px; height:1px; display:inline;\"\/><\/p>\n<p>Desde segunda-feira (19), qualquer cidad\u00e3o ou entidade que queira opinar sobre as regras para as Elei\u00e7\u00f5es 2026 pode usar um\u00a0<a rel=\"nofollow\" target=\"_blank\" href=\"https:\/\/autenticaje.tse.jus.br\/auth\/realms\/externo-prata-adm\/protocol\/openid-connect\/auth?client_id=sre-frontend&amp;redirect_uri=https%3A%2F%2Fsre.tse.jus.br%2F&amp;state=562b6ffd-59ca-4f81-a59d-70706f5d09a6&amp;response_mode=fragment&amp;response_type=code&amp;scope=openid&amp;nonce=7bbed9f3-7a36-4f2b-a616-ca82fa1d5b6a&amp;code_challenge=8gs4Po2GIDDX39GCb4pr7nTwFvU6bGmFvrrz48Ji31Q&amp;code_challenge_method=S256\" target=\"_blank\">formul\u00e1rio eletr\u00f4nico<\/a>\u00a0para enviar contribui\u00e7\u00f5es. As sugest\u00f5es ser\u00e3o recebidas at\u00e9 30 de janeiro.\u00a0<\/p>\n<p>Terminado o prazo, o TSE dever\u00e1 selecionar as melhores propostas para serem apresentadas em uma s\u00e9rie de audi\u00eancias p\u00fablicas marcadas entre os dias 3 e 5 de fevereiro. Pela <a rel=\"nofollow\" target=\"_blank\" href=\"https:\/\/www.tse.jus.br\/legislacao\/codigo-eleitoral\/lei-das-eleicoes\/lei-das-eleicoes-lei-nb0-9.504-de-30-de-setembro-de-1997\" target=\"_blank\">Lei das Elei\u00e7\u00f5es<\/a>, o plen\u00e1rio do TSE tem at\u00e9 5 de mar\u00e7o do ano eleitoral para debater e aprovar todas as normas.\u00a0<\/p>\n<p><a rel=\"nofollow\" target=\"_blank\" href=\"https:\/\/whatsapp.com\/channel\/0029VaoRTgrInlqYLSk59B2M\" target=\"_blank\">&gt;&gt; Siga o canal da Ag\u00eancia Brasil no WhatsApp<\/a><\/p>\n<p>Conforme determinado pela Constitui\u00e7\u00e3o, <strong>o primeiro turno das Elei\u00e7\u00f5es 2026 ocorrer\u00e1 em 3 de outubro, primeiro domingo do m\u00eas, e o segundo turno, em 31 de outubro, \u00faltimo domingo<\/strong>. Neste ano, os eleitores devem votar para presidente, governador e senador, al\u00e9m de deputados federal, estadual e distrital.\u00a0<\/p>\n<p><a rel=\"nofollow\" target=\"_blank\" href=\"https:\/\/www.tse.jus.br\/servicos-judiciais\/audiencias-publicas\/audiencias-publicas-sobre-as-minutas-das-resolucoes-que-regerao-as-eleicoes-2026?tab=ancora-3\" target=\"_blank\">&gt;&gt; Confira as 12 minutas de resolu\u00e7\u00e3o eleitoral para 2026 no portal do TSE. <\/a><\/p>\n<h2>Redes sociais e IA<\/h2>\n<p>Como de praxe, as minutas de resolu\u00e7\u00e3o eleitoral foram assinadas pelo vice-presidente do TSE, posto atualmente ocupado pelo ministro Nunes Marques.\u00a0<\/p>\n<p><strong>Entre as principais sugest\u00f5es\u00a0est\u00e1 o aumento da responsabilidade das plataformas de redes sociais por conte\u00fados que promovam ataques ao processo eleitoral.<\/strong> O ministro prop\u00f4s que as empresas provedoras sejam obrigadas a retirar do ar as publica\u00e7\u00f5es mesmo sem autoriza\u00e7\u00e3o judicial.\u00a0<\/p>\n<p>Pela regra vigente, que valeu para as \u00faltimas elei\u00e7\u00f5es municipais, os provedores de servi\u00e7os de redes sociais somente poderiam ser responsabilizados caso descumprissem alguma decis\u00e3o judicial. Nunes Marques prop\u00f4s aumentar o rigor contra esse tipo de conte\u00fado.\u00a0<\/p>\n<p>O ministro, contudo, deixou inalteradas as regras sobre a utiliza\u00e7\u00e3o de intelig\u00eancia artificial durante a campanha. Em 2024, o TSE aprovou uma s\u00e9rie de normas para o uso de IA na propaganda eleitoral, incluindo a veda\u00e7\u00e3o do chamado\u00a0<em>deep fake<\/em>\u00a0\u2500 conte\u00fado fabricado em formato de \u00e1udio, v\u00eddeo ou combina\u00e7\u00e3o de ambos e que tenha sido gerado ou manipulado digitalmente para criar, substituir ou alterar imagem ou voz de pessoa viva, falecida ou fict\u00edcia.\u00a0<\/p>\n<p>&gt;&gt; Entenda as regras para utiliza\u00e7\u00e3o de IA nas elei\u00e7\u00f5es.<\/p>\n<h2>Pr\u00e9-campanha<\/h2>\n<p>O ministro tamb\u00e9m incluiu novas exce\u00e7\u00f5es para o comportamento de candidatos na pr\u00e9-campanha. Ele prop\u00f4s, por exemplo, liberar as\u00a0<em>lives<\/em>\u00a0em perfis nas redes sociais de pr\u00e9-candidatos, desde que essas\u00a0transmiss\u00f5es ao vivo n\u00e3o tenham pedidos de votos ou men\u00e7\u00f5es \u00e0s pr\u00e9-candidaturas.\u00a0<\/p>\n<p>Ele tamb\u00e9m prop\u00f4s regras mais claras para isentar pessoas naturais por cr\u00edticas feitas \u00e0 administra\u00e7\u00e3o p\u00fablica atual, mesmo se feita com a contrata\u00e7\u00e3o de impulsionamento na internet, \u201cdesde que ausentes elementos relacionados \u00e0 disputa eleitoral\u201d, escreveu o ministro. \u00a0<\/p>\n<p>A proposta assinada por Nunes Marques\u00a0libera as manifesta\u00e7\u00f5es espont\u00e2neas \u201cem ambientes universit\u00e1rios, escolares, comunit\u00e1rios ou de movimentos sociais, respondendo os respons\u00e1veis por eventuais abusos nos termos da lei\u201d. A exce\u00e7\u00e3o seria v\u00e1lida somente se a presen\u00e7a do pr\u00e9-candidato no local ou o evento n\u00e3o tiverem sido financiados,\u00a0direta ou indiretamente, por pr\u00e9-candidatas, pr\u00e9-candidatos, partidos ou federa\u00e7\u00f5es.<\/p>\n<p>Em rela\u00e7\u00e3o ao financiamento de campanha, Nunes Marques sugeriu, por exemplo, que os partidos possam alterar os crit\u00e9rios de distribui\u00e7\u00e3o dos recursos at\u00e9 o 30 de agosto, desde que a mudan\u00e7a seja justificada. Tais crit\u00e9rios devem ser aprovados pela maioria do diret\u00f3rio nacional das siglas.\u00a0<\/p>\n<p>      <!-- Relacionada --><\/p>\n<p>            <!-- Relacionada -->\n    <\/div>\n<p><a href=\"https:\/\/agenciabrasil.ebc.com.br\/politica\/noticia\/2026-01\/tse-propoe-novas-regras-e-recebe-sugestoes-sobre-eleicoes-de-2026\">Fonte: Ag\u00eancia Brasil<\/a><\/p>\n","protected":false},"excerpt":{"rendered":"<p>O Tribunal Superior Eleitoral (TSE) publicou nesta semana 12 minutas com propostas de altera\u00e7\u00f5es nas regras para as Elei\u00e7\u00f5es 2026. As mudan\u00e7as tratam de calend\u00e1rio eleitoral, manifesta\u00e7\u00f5es na pr\u00e9-campanha, pesquisas eleitorais, crit\u00e9rios para distribui\u00e7\u00e3o de recursos eleitorais e responsabilidade pela remo\u00e7\u00e3o de conte\u00fados digitais com ataques ao processo eleitoral, entre outros temas.\u00a0 Desde segunda-feira (19), [&hellip;]<\/p>\n","protected":false},"author":1,"featured_media":16416,"comment_status":"open","ping_status":"open","sticky":false,"template":"","format":"standard","meta":{"fifu_image_url":"https:\/\/imagens.ebc.com.br\/n1L7dmnDMpQXjTeRbU6i84QffHM=\/1600x800\/https:\/\/agenciabrasil.ebc.com.br\/sites\/default\/files\/thumbnails\/image\/2024\/09\/24\/0g0a5390_0.jpg?itok=IZL_-cui","fifu_image_alt":"","footnotes":""},"categories":[345],"tags":[531,915,215,2875,2631,66,4629,2673],"class_list":{"0":"post-16415","1":"post","2":"type-post","3":"status-publish","4":"format-standard","5":"has-post-thumbnail","7":"category-politica","8":"tag-eleicoes","9":"tag-novas","10":"tag-propoe","11":"tag-recebe","12":"tag-regras","13":"tag-sobre","14":"tag-sugestoes","15":"tag-tse"},"_links":{"self":[{"href":"https:\/\/balancotocantins.com.br\/index.php?rest_route=\/wp\/v2\/posts\/16415","targetHints":{"allow":["GET"]}}],"collection":[{"href":"https:\/\/balancotocantins.com.br\/index.php?rest_route=\/wp\/v2\/posts"}],"about":[{"href":"https:\/\/balancotocantins.com.br\/index.php?rest_route=\/wp\/v2\/types\/post"}],"author":[{"embeddable":true,"href":"https:\/\/balancotocantins.com.br\/index.php?rest_route=\/wp\/v2\/users\/1"}],"replies":[{"embeddable":true,"href":"https:\/\/balancotocantins.com.br\/index.php?rest_route=%2Fwp%2Fv2%2Fcomments&post=16415"}],"version-history":[{"count":1,"href":"https:\/\/balancotocantins.com.br\/index.php?rest_route=\/wp\/v2\/posts\/16415\/revisions"}],"predecessor-version":[{"id":16417,"href":"https:\/\/balancotocantins.com.br\/index.php?rest_route=\/wp\/v2\/posts\/16415\/revisions\/16417"}],"wp:featuredmedia":[{"embeddable":true,"href":"https:\/\/balancotocantins.com.br\/index.php?rest_route=\/wp\/v2\/media\/16416"}],"wp:attachment":[{"href":"https:\/\/balancotocantins.com.br\/index.php?rest_route=%2Fwp%2Fv2%2Fmedia&parent=16415"}],"wp:term":[{"taxonomy":"category","embeddable":true,"href":"https:\/\/balancotocantins.com.br\/index.php?rest_route=%2Fwp%2Fv2%2Fcategories&post=16415"},{"taxonomy":"post_tag","embeddable":true,"href":"https:\/\/balancotocantins.com.br\/index.php?rest_route=%2Fwp%2Fv2%2Ftags&post=16415"}],"curies":[{"name":"wp","href":"https:\/\/api.w.org\/{rel}","templated":true}]}}