{"id":16460,"date":"2026-01-22T19:24:00","date_gmt":"2026-01-22T22:24:00","guid":{"rendered":"https:\/\/balancotocantins.com.br\/morre-ronan-tyezer-tecnico-do-aguia-de-maraba-sub-20-apos-acidente\/"},"modified":"2026-01-23T01:59:40","modified_gmt":"2026-01-23T04:59:40","slug":"morre-ronan-tyezer-tecnico-do-aguia-de-maraba-sub-20-apos-acidente","status":"publish","type":"post","link":"https:\/\/balancotocantins.com.br\/?p=16460","title":{"rendered":"Morre Ronan Tyezer, t\u00e9cnico do \u00c1guia de Marab\u00e1 Sub-20, ap\u00f3s acidente"},"content":{"rendered":"<p><\/p>\n<div>\n<p>O clube \u00c1guia de Marab\u00e1 comunicou a morte de Ronan Tyeser, t\u00e9cnico do time sub-20, nesta quinta-feira (22), por meio de publica\u00e7\u00e3o nas rede sociais. O treinador de 44 anos estava Internado h\u00e1 uma semana na Unidade de Terapia Intensiva (UTI) em hospital regional do Tocantins, ap\u00f3s acidente com o \u00f4nibus que transportava a equipe. Em nota, o clube afirmou que a causa da morte foi trauma cranioencef\u00e1lico.<img decoding=\"async\" src=\"https:\/\/agenciabrasil.ebc.com.br\/ebc.gif?id=1675770&amp;o=node\" style=\"width:1px; height:1px; display:inline;\"\/><\/p>\n<p>O t\u00e9cnico ficou gravemente ferido na colis\u00e3o do \u00f4nibus com um caminh\u00e3o parado no km 591 da BR 153, na noite do \u00faltimo dia 15. O acidente j\u00e1 vitimara o preparador f\u00edsico Hecton Alvez, que morreu no local. A delega\u00e7\u00e3o do equipe sub-20 do Azul\u00e3o retornava ao Par\u00e1, ap\u00f3s elimina\u00e7\u00e3o para o Juventude, na segunda fase da Copa S\u00e3o Paulo de Futebol J\u00fanior, Guaratinguet\u00e1 (SP).<\/p>\n<blockquote class=\"instagram-media\" data-instgrm-captioned=\"\" data-instgrm-permalink=\"https:\/\/www.instagram.com\/p\/DT01UwFiUh9\/?utm_source=ig_embed&amp;utm_campaign=loading\" data-instgrm-version=\"14\" style=\" background:#FFF; border:0; border-radius:3px; box-shadow:0 0 1px 0 rgba(0,0,0,0.5),0 1px 10px 0 rgba(0,0,0,0.15); margin: 1px; max-width:540px; min-width:326px; padding:0; width:99.375%; width:-webkit-calc(100% - 2px); width:calc(100% - 2px);\">\n<\/blockquote>\n<p>A Federa\u00e7\u00e3o Paraense de Futebol afirmou que a entidade est\u00e1 de luto, em <a rel=\"nofollow\" target=\"_blank\" href=\"https:\/\/www.instagram.com\/p\/DT07lBgEYrj\/\"><strong>nota publicada nas redes sociais.<\/strong><\/a><\/p>\n<p>\u201cCom profundo pesar, manifestamos nosso mais sincero sentimento pela perda de Ronan Tyezer Rodrigues, o nosso Tyezer, profissional que fez parte da hist\u00f3ria do futebol paraense e que deixa uma lacuna irrepar\u00e1vel entre todos que tiveram o privil\u00e9gio de conviver com ele\u201d.<\/p>\n<p>O clube Remo tamb\u00e9m se solidarizou com parentes e amigos do treinador paraense.<\/p>\n<blockquote class=\"twitter-tweet\">\n<p dir=\"ltr\" lang=\"pt\" xml:lang=\"pt\">\u00c9 com profundo pesar que o Clube do Remo manifesta sua solidariedade ao \u00c1guia de Marab\u00e1, ap\u00f3s a confirma\u00e7\u00e3o do falecimento de Ronan Tyezer, t\u00e9cnico da equipe sub-20.<\/p>\n<p>Nos unimos em ora\u00e7\u00e3o, pedindo a Deus conforto, for\u00e7a e consolo aos cora\u00e7\u00f5es de todos os envolvidos.<\/p>\n<p>Que a f\u00e9 e a\u2026 <a rel=\"nofollow\" target=\"_blank\" href=\"https:\/\/t.co\/jD0qbhgFf8\">pic.twitter.com\/jD0qbhgFf8<\/a><\/p>\n<p>\u2014 Clube do Remo (@ClubeDoRemo) <a rel=\"nofollow\" target=\"_blank\" href=\"https:\/\/twitter.com\/ClubeDoRemo\/status\/2014448221595021508?ref_src=twsrc%5Etfw\">January 22, 2026<\/a><\/p><\/blockquote>\n<p>      <!-- Relacionada --><\/p>\n<p>            <!-- Relacionada -->\n    <\/div>\n<p><script async src=\"\/\/platform.twitter.com\/widgets.js\" charset=\"utf-8\"><\/script><script async src=\"\/\/www.instagram.com\/embed.js\"><\/script><br \/>\n<br \/><a href=\"https:\/\/agenciabrasil.ebc.com.br\/esportes\/noticia\/2026-01\/morre-ronan-tyezer-tecnico-do-aguia-de-maraba-sub-20-apos-acidente\">Fonte: Ag\u00eancia Brasil<\/a><\/p>\n","protected":false},"excerpt":{"rendered":"<p>O clube \u00c1guia de Marab\u00e1 comunicou a morte de Ronan Tyeser, t\u00e9cnico do time sub-20, nesta quinta-feira (22), por meio de publica\u00e7\u00e3o nas rede sociais. O treinador de 44 anos estava Internado h\u00e1 uma semana na Unidade de Terapia Intensiva (UTI) em hospital regional do Tocantins, ap\u00f3s acidente com o \u00f4nibus que transportava a equipe. [&hellip;]<\/p>\n","protected":false},"author":1,"featured_media":16461,"comment_status":"open","ping_status":"open","sticky":false,"template":"","format":"standard","meta":{"fifu_image_url":"https:\/\/imagens.ebc.com.br\/LpdiCVVRkztHtVqfS5nyMQlyz14=\/1600x800\/https:\/\/agenciabrasil.ebc.com.br\/sites\/default\/files\/thumbnails\/image\/2026\/01\/22\/ronantyezerb_1.jpg?itok=8cwT_8nq","fifu_image_alt":"","footnotes":""},"categories":[594],"tags":[5727,10353,443,10354,1601,10351,9396,5165,10352],"class_list":{"0":"post-16460","1":"post","2":"type-post","3":"status-publish","4":"format-standard","5":"has-post-thumbnail","7":"category-esportes","8":"tag-acidente","9":"tag-aguia","10":"tag-apos","11":"tag-maraba","12":"tag-morre","13":"tag-ronan","14":"tag-sub20","15":"tag-tecnico","16":"tag-tyezer"},"_links":{"self":[{"href":"https:\/\/balancotocantins.com.br\/index.php?rest_route=\/wp\/v2\/posts\/16460","targetHints":{"allow":["GET"]}}],"collection":[{"href":"https:\/\/balancotocantins.com.br\/index.php?rest_route=\/wp\/v2\/posts"}],"about":[{"href":"https:\/\/balancotocantins.com.br\/index.php?rest_route=\/wp\/v2\/types\/post"}],"author":[{"embeddable":true,"href":"https:\/\/balancotocantins.com.br\/index.php?rest_route=\/wp\/v2\/users\/1"}],"replies":[{"embeddable":true,"href":"https:\/\/balancotocantins.com.br\/index.php?rest_route=%2Fwp%2Fv2%2Fcomments&post=16460"}],"version-history":[{"count":1,"href":"https:\/\/balancotocantins.com.br\/index.php?rest_route=\/wp\/v2\/posts\/16460\/revisions"}],"predecessor-version":[{"id":16462,"href":"https:\/\/balancotocantins.com.br\/index.php?rest_route=\/wp\/v2\/posts\/16460\/revisions\/16462"}],"wp:featuredmedia":[{"embeddable":true,"href":"https:\/\/balancotocantins.com.br\/index.php?rest_route=\/wp\/v2\/media\/16461"}],"wp:attachment":[{"href":"https:\/\/balancotocantins.com.br\/index.php?rest_route=%2Fwp%2Fv2%2Fmedia&parent=16460"}],"wp:term":[{"taxonomy":"category","embeddable":true,"href":"https:\/\/balancotocantins.com.br\/index.php?rest_route=%2Fwp%2Fv2%2Fcategories&post=16460"},{"taxonomy":"post_tag","embeddable":true,"href":"https:\/\/balancotocantins.com.br\/index.php?rest_route=%2Fwp%2Fv2%2Ftags&post=16460"}],"curies":[{"name":"wp","href":"https:\/\/api.w.org\/{rel}","templated":true}]}}