{"id":16469,"date":"2026-01-22T17:49:00","date_gmt":"2026-01-22T20:49:00","guid":{"rendered":"https:\/\/balancotocantins.com.br\/bruna-de-paula-concorre-ao-premio-de-melhor-atleta-de-handebol-de-2025\/"},"modified":"2026-01-23T14:01:01","modified_gmt":"2026-01-23T17:01:01","slug":"bruna-de-paula-concorre-ao-premio-de-melhor-atleta-de-handebol-de-2025","status":"publish","type":"post","link":"https:\/\/balancotocantins.com.br\/?p=16469","title":{"rendered":"Bruna de Paula concorre ao pr\u00eamio de melhor atleta de handebol de 2025"},"content":{"rendered":"<p><\/p>\n<div>\n<p>A central brasileira Bruna de Paula \u00e9 uma das tr\u00eas indicadas ao pr\u00eamio de melhor jogadora de handebol do mundo de 2025, anunciadas nesta quinta-feira (22), pela <a rel=\"nofollow\" target=\"_blank\" href=\"https:\/\/www.ihf.info\/media-center\/news\/2025-ihf-female-world-player-year-nominees-revealed\"><strong>Federa\u00e7\u00e3o Internacional de Handebol <\/strong><\/a>(IHF, sigla em ingl\u00eas). Nascida em Campestre, no sul de Minas Gerais, a atleta da sele\u00e7\u00e3o brasileira, que defende o Gy\u00f6r (Hungria), concorrer\u00e1 com as norueguesas Katrine Lunde e Henry Reistad, atuais campe\u00e3s ol\u00edmpicas e mundiais.<img decoding=\"async\" src=\"https:\/\/agenciabrasil.ebc.com.br\/ebc.gif?id=1675754&amp;o=node\" style=\"width:1px; height:1px; display:inline;\"\/><\/p>\n<p>O p\u00fablico em geral poder\u00e1 participar da vota\u00e7\u00e3o online, a partir do pr\u00f3ximo domingo (25), nos canais oficiais da IHF. Os votos dos torcedores corresponder\u00e3o a um ter\u00e7o do somat\u00f3rio geral. \u00a0<\/p>\n<p><a rel=\"nofollow\" target=\"_blank\" href=\"https:\/\/whatsapp.com\/channel\/0029VaoRTgrInlqYLSk59B2M\" target=\"_blank\">&gt;&gt; Siga o canal da <strong>Ag\u00eancia Brasil <\/strong>no WhatsApp<\/a><\/p>\n<p>Bruna de Paula, de 29 anos, brilhou com a sele\u00e7\u00e3o brasileira feminina no Mundial, na Alemanha, quando anotou 33 gols em sete partidas, entre novembro e dezembro. Embora a Amarelinha tenha se despedido n<strong>as quartas de final,<\/strong> a central foi\u00a0escolhida a melhor jogadora do pa\u00eds e tamb\u00e9m foi selecionada para compor a sele\u00e7\u00e3o da competi\u00e7\u00e3o. Em 2023, a mineira\u00a0 j\u00e1 fora\u00a0protagonista com o Brasil na\u00a0conquista do heptacampeonato dos Jogos Pan-Americanos de Santiago (Chile).<\/p>\n<blockquote class=\"instagram-media\" data-instgrm-captioned=\"\" data-instgrm-permalink=\"https:\/\/www.instagram.com\/p\/DT0Fm59DF_v\/?utm_source=ig_embed&amp;utm_campaign=loading\" data-instgrm-version=\"14\" style=\" background:#FFF; border:0; border-radius:3px; box-shadow:0 0 1px 0 rgba(0,0,0,0.5),0 1px 10px 0 rgba(0,0,0,0.15); margin: 1px; max-width:540px; min-width:326px; padding:0; width:99.375%; width:-webkit-calc(100% - 2px); width:calc(100% - 2px);\">\n<\/blockquote>\n<p>Ainda crian\u00e7a, a mineira\u00a0despertou para\u00a0o handebol\u00a0em sua cidade natal. J\u00e1 adolescente , ela\u00a0integrou a equipe de S\u00e3o Jos\u00e9 dos Campos (SP). Em 2016, com 19 anos, a brasileira apostou na carreira internacional e foi jogar no Fleury Loiret e logo na primeira temporada foi eleita a melhor jogadora estrangeira. Tr\u00eas anos depois, defendendo o Nantes, ela saiu de quadra como jogadora mais valiosas (Most Value Player-MVP) ao marcar 68 gols.\u00a0 Em 2021, Bruna de Paula se transferiu para o clube Metz, em que foi campe\u00e3 nacional e se destacou na Ligas Europeia. No ano seguinte, ela mudou-se para a Hungria para atuar pelo Gy\u00f6r, no qual foi bicampe\u00e3 consecutiva da iga dos Campe\u00f5es da Europa (2023\/2024 e 2024\/2025).\u00a0<\/p>\n<p>      <!-- Relacionada --><\/p>\n<p>            <!-- Relacionada -->\n    <\/div>\n<p><script async src=\"\/\/www.instagram.com\/embed.js\"><\/script><br \/>\n<br \/><a href=\"https:\/\/agenciabrasil.ebc.com.br\/esportes\/noticia\/2026-01\/bruna-de-paula-concorre-ao-premio-de-melhor-atleta-de-handebol-de-2025\">Fonte: Ag\u00eancia Brasil<\/a><\/p>\n","protected":false},"excerpt":{"rendered":"<p>A central brasileira Bruna de Paula \u00e9 uma das tr\u00eas indicadas ao pr\u00eamio de melhor jogadora de handebol do mundo de 2025, anunciadas nesta quinta-feira (22), pela Federa\u00e7\u00e3o Internacional de Handebol (IHF, sigla em ingl\u00eas). Nascida em Campestre, no sul de Minas Gerais, a atleta da sele\u00e7\u00e3o brasileira, que defende o Gy\u00f6r (Hungria), concorrer\u00e1 com [&hellip;]<\/p>\n","protected":false},"author":1,"featured_media":16470,"comment_status":"open","ping_status":"open","sticky":false,"template":"","format":"standard","meta":{"fifu_image_url":"https:\/\/imagens.ebc.com.br\/JP7cc1tVRw7RmLDO83UzffYZXbs=\/1600x800\/https:\/\/agenciabrasil.ebc.com.br\/sites\/default\/files\/thumbnails\/image\/2026\/01\/22\/bruna_de_paula_handebol_fem_selecao_paris_2024.jpg?itok=3tcJKweg","fifu_image_alt":"","footnotes":""},"categories":[594],"tags":[5742,10273,10356,9902,953,10355,135],"class_list":{"0":"post-16469","1":"post","2":"type-post","3":"status-publish","4":"format-standard","5":"has-post-thumbnail","7":"category-esportes","8":"tag-atleta","9":"tag-bruna","10":"tag-concorre","11":"tag-handebol","12":"tag-melhor","13":"tag-paula","14":"tag-premio"},"_links":{"self":[{"href":"https:\/\/balancotocantins.com.br\/index.php?rest_route=\/wp\/v2\/posts\/16469","targetHints":{"allow":["GET"]}}],"collection":[{"href":"https:\/\/balancotocantins.com.br\/index.php?rest_route=\/wp\/v2\/posts"}],"about":[{"href":"https:\/\/balancotocantins.com.br\/index.php?rest_route=\/wp\/v2\/types\/post"}],"author":[{"embeddable":true,"href":"https:\/\/balancotocantins.com.br\/index.php?rest_route=\/wp\/v2\/users\/1"}],"replies":[{"embeddable":true,"href":"https:\/\/balancotocantins.com.br\/index.php?rest_route=%2Fwp%2Fv2%2Fcomments&post=16469"}],"version-history":[{"count":1,"href":"https:\/\/balancotocantins.com.br\/index.php?rest_route=\/wp\/v2\/posts\/16469\/revisions"}],"predecessor-version":[{"id":16471,"href":"https:\/\/balancotocantins.com.br\/index.php?rest_route=\/wp\/v2\/posts\/16469\/revisions\/16471"}],"wp:featuredmedia":[{"embeddable":true,"href":"https:\/\/balancotocantins.com.br\/index.php?rest_route=\/wp\/v2\/media\/16470"}],"wp:attachment":[{"href":"https:\/\/balancotocantins.com.br\/index.php?rest_route=%2Fwp%2Fv2%2Fmedia&parent=16469"}],"wp:term":[{"taxonomy":"category","embeddable":true,"href":"https:\/\/balancotocantins.com.br\/index.php?rest_route=%2Fwp%2Fv2%2Fcategories&post=16469"},{"taxonomy":"post_tag","embeddable":true,"href":"https:\/\/balancotocantins.com.br\/index.php?rest_route=%2Fwp%2Fv2%2Ftags&post=16469"}],"curies":[{"name":"wp","href":"https:\/\/api.w.org\/{rel}","templated":true}]}}