{"id":16511,"date":"2026-01-25T13:03:00","date_gmt":"2026-01-25T16:03:00","guid":{"rendered":"https:\/\/balancotocantins.com.br\/enamed-reforca-importancia-de-fiscalizar-cursos-dizem-especialistas\/"},"modified":"2026-01-25T22:42:52","modified_gmt":"2026-01-26T01:42:52","slug":"enamed-reforca-importancia-de-fiscalizar-cursos-dizem-especialistas","status":"publish","type":"post","link":"https:\/\/balancotocantins.com.br\/?p=16511","title":{"rendered":"Enamed refor\u00e7a import\u00e2ncia de fiscalizar cursos, dizem especialistas"},"content":{"rendered":"<p><\/p>\n<div>\n<p><strong>O resultado da primeira edi\u00e7\u00e3o do Exame Nacional de Avalia\u00e7\u00e3o da Forma\u00e7\u00e3o M\u00e9dica (Enamed)\u00a0levantou uma discuss\u00e3o sobre a qualidade da forma\u00e7\u00e3o m\u00e9dica no Brasil. <\/strong>Cerca de 30% dos cursos tiveram desempenho insatisfat\u00f3rio, porque menos de 60% dos\u00a0estudantes n\u00e3o alcan\u00e7aram a nota m\u00ednima para profici\u00eancia. A maioria dessas institui\u00e7\u00f5es s\u00e3o municipais ou privadas com fins lucrativos.<img decoding=\"async\" src=\"https:\/\/agenciabrasil.ebc.com.br\/ebc.gif?id=1675965&amp;o=node\" style=\"width:1px; height:1px; display:inline;\"\/><\/p>\n<p>O Minist\u00e9rio da Educa\u00e7\u00e3o anunciou san\u00e7\u00f5es para as faculdades com os piores desempenhos. No que se refere aos alunos, entidades como o Conselho Federal de Medicina, voltaram a demandar a cria\u00e7\u00e3o de um exame de profici\u00eancia, que avalie os rec\u00e9m-formados antes da concess\u00e3o do registro profissional.<\/p>\n<div class=\"dnd-widget-wrapper context-medio_4colunas type-image atom-align-left\">\n<div class=\"dnd-atom-rendered\"><!-- scald=451041:medio_4colunas {\"additionalClasses\":\"\"} --><br \/>\n            <img decoding=\"async\" src=\"https:\/\/imagens.ebc.com.br\/dz96FepeMVKWGB_JDKt-faxCtG8=\/365x0\/smart\/https:\/\/agenciabrasil.ebc.com.br\/sites\/default\/files\/thumbnails\/image\/2026\/01\/23\/eliana_amaral._credito_cleo_velleda.jpeg?itok=pTdBuEYW\" alt=\"Bras\u00edlia (DF), 23\/01\/2026 - FOTO DE ARQUIVO. Enamed. Eliana Amaral. Foto: Cleo Velleda\/Divulga\u00e7\u00e3o\" title=\"Cleo Velleda\/Divulga\u00e7\u00e3o\"\/><br \/>\n        <img decoding=\"async\" src=\"https:\/\/imagens.ebc.com.br\/dz96FepeMVKWGB_JDKt-faxCtG8=\/365x0\/smart\/https:\/\/agenciabrasil.ebc.com.br\/sites\/default\/files\/thumbnails\/image\/2026\/01\/23\/eliana_amaral._credito_cleo_velleda.jpeg?itok=pTdBuEYW\" alt=\"Bras\u00edlia (DF), 23\/01\/2026 - FOTO DE ARQUIVO. Enamed. Eliana Amaral. Foto: Cleo Velleda\/Divulga\u00e7\u00e3o\" title=\"Cleo Velleda\/Divulga\u00e7\u00e3o\"\/><br \/>\n    <!-- END scald=451041 --><\/div>\n<p><h6 class=\"meta\"><!--copyright=451041-->Eliana Amaral ressalta que provid\u00eancia mais importante \u00e9 o\u00a0fortalecimento do sistema de regula\u00e7\u00e3o que fiscaliza as faculdades- <strong>Cleo Velleda\/Divulga\u00e7\u00e3o<\/strong><!--END copyright=451041--><\/h6>\n<\/p>\n<\/div>\n<p><strong>Mas para a professora da Faculdade de Ci\u00eancias M\u00e9dicas da Universidade Estadual de Campinas, Eliana Amaral, a provid\u00eancia mais importante para garantir uma forma\u00e7\u00e3o m\u00e9dica de qualidade no Brasil \u00e9 o fortalecimento do sistema de regula\u00e7\u00e3o que fiscaliza as faculdades.<\/strong><\/p>\n<p>&#8220;A faculdade que inventou de ter uma escola de medicina sabe que vai transformar a pessoa em m\u00e9dico e portanto assumiu essa responsabilidade com a sociedade. Mas o sistema de regula\u00e7\u00e3o tem que orientar qual poderia ser a solu\u00e7\u00e3o, tem que estabelecer um plano de trabalho e fazer essa institui\u00e7\u00e3o se comprometer&#8221;, defende a docente, que tamb\u00e9m j\u00e1 presidiu a C\u00e2mara de Educa\u00e7\u00e3o Superior\u00a0do Conselho Estadual de Educa\u00e7\u00e3o de S\u00e3o Paulo e hoje \u00e9 vice-presidente do colegiado.<\/p>\n<p><strong>Eliana Amaral lembra que esta \u00e9 a primeira edi\u00e7\u00e3o do Enamed, mas os formandos das faculdades de medicina, assim como os de todos os outros cursos, j\u00e1 eram avaliados pelo Exame Nacional de Desempenho dos Estudantes &#8211; Enade. Portanto, de acordo com a professora, muitos dos problemas apontados pelo Enamed j\u00e1 eram conhecidos.<\/strong><\/p>\n<p><strong>Mas a professora tamb\u00e9m ressalva que \u00e9 inadequado\u00a0medir a qualidade de um curso apenas pelo desempenho dos alunos em uma prova, inclusive porque historicamente o Enade\u00a0foi utilizado como instrumento de protesto, sob a forma de boicote. <\/strong><\/p>\n<p>Por isso, ela lembra que o MEC tem\u00a0um Sistema Nacional de Avalia\u00e7\u00e3o da Educa\u00e7\u00e3o Superior\u00a0que leva em conta as notas do Enade, mas tamb\u00e9m inspeciona as institui\u00e7\u00f5es para verificar in loco a qualidade da forma\u00e7\u00e3o oferecida.<\/p>\n<p><strong>Eliana Amaral\u00a0destaca que a forma\u00e7\u00e3o m\u00e9dica do Brasil sempre foi de &#8220;alt\u00edssima qualidade&#8221;, e as diretrizes b\u00e1sicas que devem ser seguidas por todos os cursos garantem que o profissional formado saiba atender quest\u00f5es emergenciais.<\/strong> Ainda assim, a professora diz esperar que toda a discuss\u00e3o a respeito do Enamed atue como um &#8220;detonador&#8221; para fortalecer a fiscaliza\u00e7\u00e3o das faculdades, especialmente quanto ao ensino pr\u00e1tico.<\/p>\n<blockquote>\n<p>&#8220;Onde se aprende a cuidar de gente? Quando voc\u00ea cuida de gente. E pra isso a faculdade tem que garantir um bom est\u00e1gio de cl\u00ednica m\u00e9dica, pediatria, cirurgia.\u00a0E depende n\u00e3o s\u00f3 de voc\u00ea entender os sintomas, o que voc\u00ea prescreve, mas tamb\u00e9m a postura profissional, que \u00e9 altamente influenciada pelos exemplos adquiridos com bons professores&#8221;<\/p>\n<\/blockquote>\n<h2>Expans\u00e3o<\/h2>\n<p>O presidente da Associa\u00e7\u00e3o M\u00e9dica Brasileira, C\u00e9sar Eduardo Fernandes, tamb\u00e9m compartilha da mesma expectativa. Para ele, houve uma &#8220;expans\u00e3o desenfreada&#8221; de vagas de medicina no pa\u00eds, colocando o ensino pr\u00e1tico sob risco.<\/p>\n<blockquote>\n<p>&#8220;Quase metade do curso tem que ser feito em campo pr\u00e1tico, e isso pressup\u00f5e bons laborat\u00f3rios, bons ambulat\u00f3rios de aten\u00e7\u00e3o b\u00e1sica, unidades de pronto atendimento, de aten\u00e7\u00e3o ambulatorial de m\u00e9dia complexidade.&#8221;<\/p>\n<\/blockquote>\n<div class=\"dnd-widget-wrapper context-medio_4colunas type-image atom-align-left\">\n<div class=\"dnd-atom-rendered\"><!-- scald=451040:medio_4colunas {\"additionalClasses\":\"\"} --><br \/>\n            <img decoding=\"async\" src=\"https:\/\/imagens.ebc.com.br\/XecilkJNQl48MHkiNNcHZkXr5pk=\/365x0\/smart\/https:\/\/agenciabrasil.ebc.com.br\/sites\/default\/files\/thumbnails\/image\/2026\/01\/23\/cesar_eduardo_fernandes._credito_divulgacao_amb.jpeg?itok=4TejejgG\" alt=\"Bras\u00edlia (DF), 23\/01\/2026 - FOTO DE ARQUIVO. Enamed. C\u00e9sar Eduardo Fernandes. Foto: AMB\/Divulga\u00e7\u00e3o\" title=\"AMB\/Divulga\u00e7\u00e3o\"\/><br \/>\n        <img decoding=\"async\" src=\"https:\/\/imagens.ebc.com.br\/XecilkJNQl48MHkiNNcHZkXr5pk=\/365x0\/smart\/https:\/\/agenciabrasil.ebc.com.br\/sites\/default\/files\/thumbnails\/image\/2026\/01\/23\/cesar_eduardo_fernandes._credito_divulgacao_amb.jpeg?itok=4TejejgG\" alt=\"Bras\u00edlia (DF), 23\/01\/2026 - FOTO DE ARQUIVO. Enamed. C\u00e9sar Eduardo Fernandes. Foto: AMB\/Divulga\u00e7\u00e3o\" title=\"AMB\/Divulga\u00e7\u00e3o\"\/><br \/>\n    <!-- END scald=451040 --><\/div>\n<p><h6 class=\"meta\">C\u00e9sar Eduardo Fernandes diz que falta de m\u00e9dicos n\u00e3o deve ser contornada com abertura sem crit\u00e9rio de faculdades\u00a0&#8211; <strong>AMB\/Divulga\u00e7\u00e3o<\/strong><!--END copyright=451040--><\/h6>\n<\/p>\n<\/div>\n<p><strong>Fernandes defende que o problema da falta de m\u00e9dicos em determinadas regi\u00f5es do pa\u00eds n\u00e3o deve ser resolvido com a abertura de faculdades m\u00e9dicas, mas com melhores pol\u00edticas de aloca\u00e7\u00e3o de profissionais, que passam pela melhoria da infraestrutura de atendimento, e a oferta de sal\u00e1rios mais atrativos.<\/strong><\/p>\n<p>&#8220;\u00c9 uma ideia equivocada criar escolas m\u00e9dicas como bancos assistenciais. Muitas vezes elas s\u00e3o colocadas em munic\u00edpios que n\u00e3o tem menor condi\u00e7\u00e3o de assistir a sua popula\u00e7\u00e3o, muito menos de usar essas vagas assistenciais como campo de ensino para o m\u00e9dico. A melhoria da estrutura tem que vir antes&#8221;<\/p>\n<p>J\u00e1 a professora da Unicamp Eliana Amaral acredita que um &#8220;acordo de sociedade&#8221; possa melhorar o cen\u00e1rio atual. &#8220;A necessidade de expans\u00e3o para ocupar os lugares que n\u00e3o tinha m\u00e9dico \u00e9 um problema no mundo. Isso n\u00e3o \u00e9 um problema s\u00f3 no Brasil. O que a gente precisa \u00e9 um acordo s\u00e9rio de sociedade e uma regula\u00e7\u00e3o s\u00e9ria. Abrir uma escola numa determinada regi\u00e3o vai ajudar a desenvolv\u00ea-la? Ent\u00e3o tem que chamar o Minist\u00e9rio da Sa\u00fade, as secretarias de Sa\u00fade para resolver qual o lugar onde os alunos v\u00e3o poder aprender o que eles precisam&#8221;<\/p>\n<h2>Estudantes<\/h2>\n<p>A estudante de medicina Vanessa Concei\u00e7\u00e3o da Cruz se forma ainda este m\u00eas, ap\u00f3s a gradua\u00e7\u00e3o na Universidade Federal de Vi\u00e7osa (UFV), em Minas Gerais, que obteve nota m\u00e1xima no Enamed. Apesar de estar em uma cidade de interior, com menos de 80 mil habitantes, Vanessa diz que a universidade oferece uma forma\u00e7\u00e3o pr\u00e1tica de excelente qualidade<\/p>\n<div class=\"dnd-widget-wrapper context-medio_4colunas type-image atom-align-right\">\n<div class=\"dnd-atom-rendered\"><!-- scald=451042:medio_4colunas {\"additionalClasses\":\"\"} --><br \/>\n            <img decoding=\"async\" src=\"https:\/\/imagens.ebc.com.br\/vofmMMes6fpS6BW2KvEYXiWAsu8=\/365x0\/smart\/https:\/\/agenciabrasil.ebc.com.br\/sites\/default\/files\/thumbnails\/image\/2026\/01\/23\/vanessa_conceicao_da_cruz._credito_kello_imagens.jpeg?itok=qnzYatxp\" alt=\"Bras\u00edlia (DF), 23\/01\/2026 - FOTO DE ARQUIVO. Enamed. Vanessa Concei\u00e7\u00e3o da Cruz. Foto: Kello Imagens\/Divulga\u00e7\u00e3o\" title=\"Kello Imagens\/Divulga\u00e7\u00e3o\"\/><br \/>\n        <img decoding=\"async\" src=\"https:\/\/imagens.ebc.com.br\/vofmMMes6fpS6BW2KvEYXiWAsu8=\/365x0\/smart\/https:\/\/agenciabrasil.ebc.com.br\/sites\/default\/files\/thumbnails\/image\/2026\/01\/23\/vanessa_conceicao_da_cruz._credito_kello_imagens.jpeg?itok=qnzYatxp\" alt=\"Bras\u00edlia (DF), 23\/01\/2026 - FOTO DE ARQUIVO. Enamed. Vanessa Concei\u00e7\u00e3o da Cruz. Foto: Kello Imagens\/Divulga\u00e7\u00e3o\" title=\"Kello Imagens\/Divulga\u00e7\u00e3o\"\/><br \/>\n    <!-- END scald=451042 --><\/div>\n<p><h6 class=\"meta\">Vanessa acredita\u00a0que\u00a0a prova conseguiu avaliar bem a forma\u00e7\u00e3o b\u00e1sica dos estudantes &#8211; <strong>Kello Imagens\/Divulga\u00e7\u00e3o<\/strong><!--END copyright=451042--><\/h6>\n<\/p>\n<\/div>\n<blockquote>\n<p>&#8220;A estrutura \u00e9 realmente muito boa. Temos os hospitais e parcerias com munic\u00edpios vizinhos, o que nos permite ter uma uma gama de cen\u00e1rios bem diversificados, mais urbanos, mais rurais. E o contato com os pacientes ocorre desde os primeiros anos do curso. Um dos pontos fortes aqui \u00e9 isso, muito contato com a porta de entrada da sa\u00fade, a aten\u00e7\u00e3o prim\u00e1ria, as unidades b\u00e1sicas&#8230;&#8221;<\/p>\n<\/blockquote>\n<p>Vanessa fiz acreditar que isso tamb\u00e9m possa ter ajudado os alunos da UFV na hora de fazer o Enamed, j\u00e1 que a prova teve muitas quest\u00f5es sobre diagn\u00f3sticos e tratamentos, que s\u00e3o melhor compreendidos durante os est\u00e1gios pr\u00e1ticos. Na opini\u00e3o da futura m\u00e9dica,\u00a0a prova conseguiu avaliar bem a forma\u00e7\u00e3o b\u00e1sica dos estudantes, mas tamb\u00e9m engrossa o coro por uma fiscaliza\u00e7\u00e3o constante das faculdades.<\/p>\n<p>&#8220;Para ver os cen\u00e1rios pr\u00e1ticos, se \u00e9 suficiente para que os alunos possam ter contato, inclusive com a aten\u00e7\u00e3o prim\u00e1ria. Porque o pronto-atendimento e os postos de sa\u00fade\u00a0geralmente s\u00e3o as \u00e1reas que os estudantes rec\u00e9m-formados procuram para trabalhar. Ent\u00e3o \u00e9 importante que os m\u00e9dicos que est\u00e3o se formando j\u00e1 tenham essa experi\u00eancia&#8221;.<\/p>\n<p>      <!-- Relacionada --><\/p>\n<p>            <!-- Relacionada -->\n    <\/div>\n<p><a href=\"https:\/\/agenciabrasil.ebc.com.br\/educacao\/noticia\/2026-01\/enamed-reforca-importancia-de-fiscalizar-cursos-dizem-especialistas\">Fonte: Ag\u00eancia Brasil<\/a><\/p>\n","protected":false},"excerpt":{"rendered":"<p>O resultado da primeira edi\u00e7\u00e3o do Exame Nacional de Avalia\u00e7\u00e3o da Forma\u00e7\u00e3o M\u00e9dica (Enamed)\u00a0levantou uma discuss\u00e3o sobre a qualidade da forma\u00e7\u00e3o m\u00e9dica no Brasil. Cerca de 30% dos cursos tiveram desempenho insatisfat\u00f3rio, porque menos de 60% dos\u00a0estudantes n\u00e3o alcan\u00e7aram a nota m\u00ednima para profici\u00eancia. A maioria dessas institui\u00e7\u00f5es s\u00e3o municipais ou privadas com fins lucrativos. [&hellip;]<\/p>\n","protected":false},"author":1,"featured_media":16512,"comment_status":"open","ping_status":"open","sticky":false,"template":"","format":"standard","meta":{"fifu_image_url":"https:\/\/imagens.ebc.com.br\/3BK7POs_m76LQB8ciA6tqhJCf5Q=\/1600x800\/https:\/\/agenciabrasil.ebc.com.br\/sites\/default\/files\/thumbnails\/image\/2024\/03\/21\/national-cancer-institute-nfvdkihxylu-unsplash.jpg?itok=wU5hZdyO","fifu_image_alt":"","footnotes":""},"categories":[4737],"tags":[4905,535,9026,536,10364,225,1026],"class_list":{"0":"post-16511","1":"post","2":"type-post","3":"status-publish","4":"format-standard","5":"has-post-thumbnail","7":"category-educacao","8":"tag-cursos","9":"tag-dizem","10":"tag-enamed","11":"tag-especialistas","12":"tag-fiscalizar","13":"tag-importancia","14":"tag-reforca"},"_links":{"self":[{"href":"https:\/\/balancotocantins.com.br\/index.php?rest_route=\/wp\/v2\/posts\/16511","targetHints":{"allow":["GET"]}}],"collection":[{"href":"https:\/\/balancotocantins.com.br\/index.php?rest_route=\/wp\/v2\/posts"}],"about":[{"href":"https:\/\/balancotocantins.com.br\/index.php?rest_route=\/wp\/v2\/types\/post"}],"author":[{"embeddable":true,"href":"https:\/\/balancotocantins.com.br\/index.php?rest_route=\/wp\/v2\/users\/1"}],"replies":[{"embeddable":true,"href":"https:\/\/balancotocantins.com.br\/index.php?rest_route=%2Fwp%2Fv2%2Fcomments&post=16511"}],"version-history":[{"count":1,"href":"https:\/\/balancotocantins.com.br\/index.php?rest_route=\/wp\/v2\/posts\/16511\/revisions"}],"predecessor-version":[{"id":16513,"href":"https:\/\/balancotocantins.com.br\/index.php?rest_route=\/wp\/v2\/posts\/16511\/revisions\/16513"}],"wp:featuredmedia":[{"embeddable":true,"href":"https:\/\/balancotocantins.com.br\/index.php?rest_route=\/wp\/v2\/media\/16512"}],"wp:attachment":[{"href":"https:\/\/balancotocantins.com.br\/index.php?rest_route=%2Fwp%2Fv2%2Fmedia&parent=16511"}],"wp:term":[{"taxonomy":"category","embeddable":true,"href":"https:\/\/balancotocantins.com.br\/index.php?rest_route=%2Fwp%2Fv2%2Fcategories&post=16511"},{"taxonomy":"post_tag","embeddable":true,"href":"https:\/\/balancotocantins.com.br\/index.php?rest_route=%2Fwp%2Fv2%2Ftags&post=16511"}],"curies":[{"name":"wp","href":"https:\/\/api.w.org\/{rel}","templated":true}]}}