{"id":16520,"date":"2026-01-26T10:01:00","date_gmt":"2026-01-26T13:01:00","guid":{"rendered":"https:\/\/balancotocantins.com.br\/prouni-2026-inscricoes-para-o-1o-semestre-comecam-nesta-segunda\/"},"modified":"2026-01-26T10:56:17","modified_gmt":"2026-01-26T13:56:17","slug":"prouni-2026-inscricoes-para-o-1o-semestre-comecam-nesta-segunda","status":"publish","type":"post","link":"https:\/\/balancotocantins.com.br\/?p=16520","title":{"rendered":"Prouni 2026: inscri\u00e7\u00f5es para o 1\u00ba semestre come\u00e7am nesta segunda"},"content":{"rendered":"<p><\/p>\n<div>\n<p>Come\u00e7am nesta segunda-feira (26) as inscri\u00e7\u00f5es do processo seletivo para o primeiro semestre de 2026 do Programa Universidade para Todos (Prouni). <strong>O processo \u00e9 gratuito e deve ser feito exclusivamente pela internet, por meio do <a rel=\"nofollow\" target=\"_blank\" href=\"http:\/\/\u00a0https:\/\/acessounico.mec.gov.br\/\" target=\"_blank\">Portal \u00danico<\/a> de Acesso ao Ensino Superior, at\u00e9 a pr\u00f3xima quinta-feira (29).\u00a0<\/strong><img decoding=\"async\" src=\"https:\/\/agenciabrasil.ebc.com.br\/ebc.gif?id=1676013&amp;o=node\" style=\"width:1px; height:1px; display:inline;\"\/><\/p>\n<p><strong>Para se inscrever no processo seletivo \u00e9 necess\u00e1rio que o estudante tenha completado o ensino m\u00e9dio; participado de edi\u00e7\u00f5es do Exame Nacional do Ensino M\u00e9dio (Enem) de 2024 e\/ou 2025; obtido, no m\u00ednimo, 450 pontos na m\u00e9dia das cinco provas do exame; e n\u00e3o tenha zerado a prova da reda\u00e7\u00e3o do Enem.<\/strong><\/p>\n<p>O <a rel=\"nofollow\" target=\"_blank\" href=\"https:\/\/in.gov.br\/en\/web\/dou\/-\/edital-n-2-de-7-de-janeiro-de-2026-680036839\" target=\"_blank\">edital do Prouni<\/a> tamb\u00e9m veda a inscri\u00e7\u00e3o para quem declarou ter participado do Enem na condi\u00e7\u00e3o de treineiro ou para autoavalia\u00e7\u00e3o, antes de concluir o ensino m\u00e9dio. Para fins de classifica\u00e7\u00e3o e eventual pr\u00e9-sele\u00e7\u00e3o no processo seletivo, ser\u00e1 utilizada a edi\u00e7\u00e3o do Enem em que o estudante obteve a melhor m\u00e9dia.<\/p>\n<p><a rel=\"nofollow\" target=\"_blank\" href=\"https:\/\/whatsapp.com\/channel\/0029VaoRTgrInlqYLSk59B2M\" target=\"_blank\">&gt;&gt; Siga o canal da <strong>Ag\u00eancia Brasil <\/strong>no WhatsApp<\/a><\/p>\n<p>Ainda de acordo com o Minist\u00e9rio da Educa\u00e7\u00e3o, os candidatos precisam atender a pelo menos uma das seguintes condi\u00e7\u00f5es:<\/p>\n<p>&#8211; ter feito o ensino m\u00e9dio integralmente em escola da rede p\u00fablica;<\/p>\n<p>&#8211; ter feito o ensino m\u00e9dio integralmente em institui\u00e7\u00e3o privada na condi\u00e7\u00e3o de bolsista integral da respectiva institui\u00e7\u00e3o;<\/p>\n<p>&#8211; ter feito o ensino m\u00e9dio parcialmente em escola da rede p\u00fablica e parcialmente em institui\u00e7\u00e3o privada na condi\u00e7\u00e3o de bolsista integral da respectiva institui\u00e7\u00e3o;<\/p>\n<p>&#8211; ter feito o ensino m\u00e9dio parcialmente em escola da rede p\u00fablica e parcialmente em institui\u00e7\u00e3o privada na condi\u00e7\u00e3o de bolsista parcial da respectiva institui\u00e7\u00e3o;<\/p>\n<p>&#8211; ter feito o ensino m\u00e9dio integralmente em institui\u00e7\u00e3o privada na condi\u00e7\u00e3o de bolsista parcial da respectiva institui\u00e7\u00e3o ou sem a condi\u00e7\u00e3o de bolsista;<\/p>\n<p>&#8211; ser uma pessoa com defici\u00eancia na forma prevista na legisla\u00e7\u00e3o;<\/p>\n<p>&#8211; ser professor da rede p\u00fablica de ensino, exclusivamente para concorrer aos cursos de licenciatura e pedagogia, destinados \u00e0 forma\u00e7\u00e3o do magist\u00e9rio da educa\u00e7\u00e3o b\u00e1sica. Nesse \u00faltimo caso, n\u00e3o \u00e9 aplicado o limite de renda exigido aos demais candidatos.<\/p>\n<p><strong>No momento da inscri\u00e7\u00e3o, o candidato deve optar por concorrer \u00e0s bolsas destinadas \u00e0 ampla concorr\u00eancia ou \u00e0quelas destinadas \u00e0 implementa\u00e7\u00e3o de pol\u00edticas afirmativas referentes a pessoas com defici\u00eancia e autodeclaradas ind\u00edgenas, pardas ou pretas.<\/strong><\/p>\n<p>\u201cNo caso da escolha das bolsas integrais, \u00e9 necess\u00e1rio que a renda familiar bruta mensal por pessoa n\u00e3o exceda o valor de 1,5 sal\u00e1rio m\u00ednimo. J\u00e1 para escolher bolsas parciais, \u00e9 preciso que a renda familiar bruta mensal por pessoa n\u00e3o exceda o valor de 3 sal\u00e1rios m\u00ednimos\u201d, destacou a pasta.<\/p>\n<p>      <!-- Relacionada --><\/p>\n<p>            <!-- Relacionada -->\n    <\/div>\n<p><a href=\"https:\/\/agenciabrasil.ebc.com.br\/educacao\/noticia\/2026-01\/prouni-2026-inscricoes-para-o-1o-semestre-comecam-nesta-segunda\">Fonte: Ag\u00eancia Brasil<\/a><\/p>\n","protected":false},"excerpt":{"rendered":"<p>Come\u00e7am nesta segunda-feira (26) as inscri\u00e7\u00f5es do processo seletivo para o primeiro semestre de 2026 do Programa Universidade para Todos (Prouni). O processo \u00e9 gratuito e deve ser feito exclusivamente pela internet, por meio do Portal \u00danico de Acesso ao Ensino Superior, at\u00e9 a pr\u00f3xima quinta-feira (29).\u00a0 Para se inscrever no processo seletivo \u00e9 necess\u00e1rio [&hellip;]<\/p>\n","protected":false},"author":1,"featured_media":16521,"comment_status":"open","ping_status":"open","sticky":false,"template":"","format":"standard","meta":{"fifu_image_url":"https:\/\/imagens.ebc.com.br\/6JUDtv2-pdzewKVdyvQtthmJ-O0=\/1600x800\/https:\/\/agenciabrasil.ebc.com.br\/sites\/default\/files\/thumbnails\/image\/20230627_123947_0.jpg?itok=ffZX2ziA","fifu_image_alt":"","footnotes":""},"categories":[4737],"tags":[412,5687,134,117,100,8976,257,6011],"class_list":{"0":"post-16520","1":"post","2":"type-post","3":"status-publish","4":"format-standard","5":"has-post-thumbnail","7":"category-educacao","8":"tag-1o","9":"tag-comecam","10":"tag-inscricoes","11":"tag-nesta","12":"tag-para","13":"tag-prouni","14":"tag-segunda","15":"tag-semestre"},"_links":{"self":[{"href":"https:\/\/balancotocantins.com.br\/index.php?rest_route=\/wp\/v2\/posts\/16520","targetHints":{"allow":["GET"]}}],"collection":[{"href":"https:\/\/balancotocantins.com.br\/index.php?rest_route=\/wp\/v2\/posts"}],"about":[{"href":"https:\/\/balancotocantins.com.br\/index.php?rest_route=\/wp\/v2\/types\/post"}],"author":[{"embeddable":true,"href":"https:\/\/balancotocantins.com.br\/index.php?rest_route=\/wp\/v2\/users\/1"}],"replies":[{"embeddable":true,"href":"https:\/\/balancotocantins.com.br\/index.php?rest_route=%2Fwp%2Fv2%2Fcomments&post=16520"}],"version-history":[{"count":1,"href":"https:\/\/balancotocantins.com.br\/index.php?rest_route=\/wp\/v2\/posts\/16520\/revisions"}],"predecessor-version":[{"id":16522,"href":"https:\/\/balancotocantins.com.br\/index.php?rest_route=\/wp\/v2\/posts\/16520\/revisions\/16522"}],"wp:featuredmedia":[{"embeddable":true,"href":"https:\/\/balancotocantins.com.br\/index.php?rest_route=\/wp\/v2\/media\/16521"}],"wp:attachment":[{"href":"https:\/\/balancotocantins.com.br\/index.php?rest_route=%2Fwp%2Fv2%2Fmedia&parent=16520"}],"wp:term":[{"taxonomy":"category","embeddable":true,"href":"https:\/\/balancotocantins.com.br\/index.php?rest_route=%2Fwp%2Fv2%2Fcategories&post=16520"},{"taxonomy":"post_tag","embeddable":true,"href":"https:\/\/balancotocantins.com.br\/index.php?rest_route=%2Fwp%2Fv2%2Ftags&post=16520"}],"curies":[{"name":"wp","href":"https:\/\/api.w.org\/{rel}","templated":true}]}}