{"id":16568,"date":"2026-01-28T19:59:00","date_gmt":"2026-01-28T22:59:00","guid":{"rendered":"https:\/\/balancotocantins.com.br\/camara-mp-que-cria-gas-do-povo-esta-na-pauta-no-retorno-aos-trabalhos\/"},"modified":"2026-01-29T02:05:56","modified_gmt":"2026-01-29T05:05:56","slug":"camara-mp-que-cria-gas-do-povo-esta-na-pauta-no-retorno-aos-trabalhos","status":"publish","type":"post","link":"https:\/\/balancotocantins.com.br\/?p=16568","title":{"rendered":"C\u00e2mara: MP que cria G\u00e1s do Povo est\u00e1 na pauta no retorno aos trabalhos"},"content":{"rendered":"<p><\/p>\n<div>\n<p><strong>O Congresso Nacional inicia o ano legislativo na pr\u00f3xima segunda-feira (2). O presidente da C\u00e2mara dos Deputados, Hugo Motta (Republicanos-PB), divulgou, nesta quarta-feira (28), pelas redes sociais, as pautas que ser\u00e3o levadas para vota\u00e7\u00e3o na Casa j\u00e1 na pr\u00f3xima semana.<\/strong><img decoding=\"async\" src=\"https:\/\/agenciabrasil.ebc.com.br\/ebc.gif?id=1676362&amp;o=node\" style=\"width:1px; height:1px; display:inline;\"\/><\/p>\n<p><strong>Est\u00e1 programada a vota\u00e7\u00e3o da medida provis\u00f3ria (MP) que cria o G\u00e1s do Povo<\/strong>. O\u00a0projeto, do governo federal, oferece a recarga do botij\u00e3o de 13 kg para fam\u00edlias inscritas\u00a0no Cad\u00danico\u00a0com renda de at\u00e9 meio sal\u00e1rio m\u00ednimo por pessoa. O programa busca atender 15 milh\u00f5es de fam\u00edlias.<\/p>\n<p><strong>Tamb\u00e9m est\u00e3o na pauta uma MP que abre\u00a0cr\u00e9dito extraordin\u00e1rio\u00a0de R$ 83 milh\u00f5es para o setor rural e o projeto de lei que cria o\u00a0Instituto Federal do Sert\u00e3o Paraibano.<\/strong><\/p>\n<h2>Comiss\u00f5es<\/h2>\n<p><strong>Ainda na pr\u00f3xima semana, devem ocorrer a instala\u00e7\u00e3o e a elei\u00e7\u00e3o para os presidentes das comiss\u00f5es permanentes<\/strong>. Segundo o l\u00edder do governo,\u00a0Jos\u00e9 Guimar\u00e3es (PT-CE), o acordo entre os l\u00edderes foi de que as\u00a0comiss\u00f5es ser\u00e3o comandadas pelos mesmos partidos do ano passado.<\/p>\n<blockquote>\n<p>\u201cFoi aprovada a proposta de manuten\u00e7\u00e3o dos mesmos partidos presidindo as comiss\u00f5es. S\u00f3 mudam os nomes. Mas aquilo que cada partido teve at\u00e9 agora nas comiss\u00f5es, ser\u00e3o repetidas as indica\u00e7\u00f5es. Cada bancada vai ter a pr\u00f3xima semana para discutir isso, para compor tudo antes do carnaval. Essa \u00e9 a prioridade das prioridades\u201d, disse Guimar\u00e3es.<\/p>\n<\/blockquote>\n<p>Segundo presidente da C\u00e2mara, <strong>a\u00a0Proposta de Emenda \u00e0 Constitui\u00e7\u00e3o (PEC) da Seguran\u00e7a P\u00fablica\u00a0ser\u00e1 debatida nas pr\u00f3ximas semanas, com previs\u00e3o de vota\u00e7\u00e3o ap\u00f3s o carnaval.<\/strong> Relator da PEC, o deputado Mendon\u00e7a Filho (Uni\u00e3o-PE)\u00a0se reunir\u00e1 com o novo ministro da Justi\u00e7a, Wellington Lima e Silva, na semana que vem para discutir o texto.<\/p>\n<p><strong>Sobre o\u00a0acordo entre Mercosul e Uni\u00e3o Europeia, Hugo Mota afirmou que, assim que\u00a0for enviada pelo governo federal \u00e0 C\u00e2mara dos Deputados, a proposta\u00a0ser\u00e1 analisada e votada com celeridade.<\/strong><\/p>\n<h2>Ou\u00e7a na <strong>Radioag\u00eancia Nacional<\/strong>:<\/h2>\n<p>\u00a0<\/p>\n<p>\u00a0<\/p>\n<p>      <!-- Relacionada --><\/p>\n<p>            <!-- Relacionada -->\n    <\/div>\n<p><a href=\"https:\/\/agenciabrasil.ebc.com.br\/politica\/noticia\/2026-01\/camara-mp--que-cria-gas-do-povo-esta-na-pauta-no-retorno-aos-trabalhos\">Fonte: Ag\u00eancia Brasil<\/a><\/p>\n","protected":false},"excerpt":{"rendered":"<p>O Congresso Nacional inicia o ano legislativo na pr\u00f3xima segunda-feira (2). O presidente da C\u00e2mara dos Deputados, Hugo Motta (Republicanos-PB), divulgou, nesta quarta-feira (28), pelas redes sociais, as pautas que ser\u00e3o levadas para vota\u00e7\u00e3o na Casa j\u00e1 na pr\u00f3xima semana. Est\u00e1 programada a vota\u00e7\u00e3o da medida provis\u00f3ria (MP) que cria o G\u00e1s do Povo. O\u00a0projeto, [&hellip;]<\/p>\n","protected":false},"author":1,"featured_media":16569,"comment_status":"open","ping_status":"open","sticky":false,"template":"","format":"standard","meta":{"fifu_image_url":"https:\/\/imagens.ebc.com.br\/odg1BYzbanndqwzMH3o_d_m007I=\/1600x800\/https:\/\/agenciabrasil.ebc.com.br\/sites\/default\/files\/thumbnails\/image\/2025\/05\/29\/lula5003.jpg?itok=_Zj5Xmj8","fifu_image_alt":"","footnotes":""},"categories":[345],"tags":[883,1022,517,305,2171,2312,1045,3183,1556],"class_list":{"0":"post-16568","1":"post","2":"type-post","3":"status-publish","4":"format-standard","5":"has-post-thumbnail","7":"category-politica","8":"tag-aos","9":"tag-camara","10":"tag-cria","11":"tag-esta","12":"tag-gas","13":"tag-pauta","14":"tag-povo","15":"tag-retorno","16":"tag-trabalhos"},"_links":{"self":[{"href":"https:\/\/balancotocantins.com.br\/index.php?rest_route=\/wp\/v2\/posts\/16568","targetHints":{"allow":["GET"]}}],"collection":[{"href":"https:\/\/balancotocantins.com.br\/index.php?rest_route=\/wp\/v2\/posts"}],"about":[{"href":"https:\/\/balancotocantins.com.br\/index.php?rest_route=\/wp\/v2\/types\/post"}],"author":[{"embeddable":true,"href":"https:\/\/balancotocantins.com.br\/index.php?rest_route=\/wp\/v2\/users\/1"}],"replies":[{"embeddable":true,"href":"https:\/\/balancotocantins.com.br\/index.php?rest_route=%2Fwp%2Fv2%2Fcomments&post=16568"}],"version-history":[{"count":1,"href":"https:\/\/balancotocantins.com.br\/index.php?rest_route=\/wp\/v2\/posts\/16568\/revisions"}],"predecessor-version":[{"id":16570,"href":"https:\/\/balancotocantins.com.br\/index.php?rest_route=\/wp\/v2\/posts\/16568\/revisions\/16570"}],"wp:featuredmedia":[{"embeddable":true,"href":"https:\/\/balancotocantins.com.br\/index.php?rest_route=\/wp\/v2\/media\/16569"}],"wp:attachment":[{"href":"https:\/\/balancotocantins.com.br\/index.php?rest_route=%2Fwp%2Fv2%2Fmedia&parent=16568"}],"wp:term":[{"taxonomy":"category","embeddable":true,"href":"https:\/\/balancotocantins.com.br\/index.php?rest_route=%2Fwp%2Fv2%2Fcategories&post=16568"},{"taxonomy":"post_tag","embeddable":true,"href":"https:\/\/balancotocantins.com.br\/index.php?rest_route=%2Fwp%2Fv2%2Ftags&post=16568"}],"curies":[{"name":"wp","href":"https:\/\/api.w.org\/{rel}","templated":true}]}}