{"id":16584,"date":"2026-01-28T16:20:00","date_gmt":"2026-01-28T19:20:00","guid":{"rendered":"https:\/\/balancotocantins.com.br\/anvisa-proibe-marca-de-fita-usada-para-clareamento-dental\/"},"modified":"2026-01-29T14:59:44","modified_gmt":"2026-01-29T17:59:44","slug":"anvisa-proibe-marca-de-fita-usada-para-clareamento-dental","status":"publish","type":"post","link":"https:\/\/balancotocantins.com.br\/?p=16584","title":{"rendered":"Anvisa pro\u00edbe marca de fita usada para clareamento dental"},"content":{"rendered":"<p><\/p>\n<div>\n<p>\u00a0A Ag\u00eancia Nacional de Vigil\u00e2ncia Sanit\u00e1ria (Anvisa) proibiu a comercializa\u00e7\u00e3o, distribui\u00e7\u00e3o, importa\u00e7\u00e3o, propaganda, transporte e uso da fita <em>9D<\/em> <em>White Teeth\u00a0Whitening\u00a0Strips<\/em>, usada para clareamento\u00a0dental.\u00a0<img decoding=\"async\" src=\"https:\/\/agenciabrasil.ebc.com.br\/ebc.gif?id=1676330&amp;o=node\" style=\"width:1px; height:1px; display:inline;\"\/><\/p>\n<p><a rel=\"nofollow\" target=\"_blank\" href=\"https:\/\/www.in.gov.br\/web\/dou\/-\/resolucao-re-n-306-de-26-de-janeiro-de-2026-683275039\" target=\"_blank\">A determina\u00e7\u00e3o foi publicada na ter\u00e7a-feira (27) no Di\u00e1rio Oficial da Uni\u00e3o<\/a>.\u00a0Na resolu\u00e7\u00e3o, <strong>a ag\u00eancia\u00a0determina a apreens\u00e3o de todos os lotes da fita.<\/strong><\/p>\n<p>Em nota, <strong>a Anvisa esclarece que o produto n\u00e3o est\u00e1 regularizado junto \u00e0 ag\u00eancia<\/strong> e que a empresa respons\u00e1vel, a VM Global\u00a0Trade, n\u00e3o possui autoriza\u00e7\u00e3o de funcionamento\u00a0para atuar nessa\u00a0\u00e1rea no Brasil.<\/p>\n<p>Apesar de estar irregular, foi identificada a importa\u00e7\u00e3o e comercializa\u00e7\u00e3o da fita no pa\u00eds.\u00a0O uso de produtos sem registro pode causar danos \u00e0 sa\u00fade, alerta a ag\u00eancia reguladora.\u00a0<\/p>\n<p>      <!-- Relacionada --><\/p>\n<p>            <!-- Relacionada -->\n    <\/div>\n<p><a href=\"https:\/\/agenciabrasil.ebc.com.br\/saude\/noticia\/2026-01\/anvisa-proibe-marca-de-fita-usada-para-clareamento-dental\">Fonte: Ag\u00eancia Brasil<\/a><\/p>\n","protected":false},"excerpt":{"rendered":"<p>\u00a0A Ag\u00eancia Nacional de Vigil\u00e2ncia Sanit\u00e1ria (Anvisa) proibiu a comercializa\u00e7\u00e3o, distribui\u00e7\u00e3o, importa\u00e7\u00e3o, propaganda, transporte e uso da fita 9D White Teeth\u00a0Whitening\u00a0Strips, usada para clareamento\u00a0dental.\u00a0 A determina\u00e7\u00e3o foi publicada na ter\u00e7a-feira (27) no Di\u00e1rio Oficial da Uni\u00e3o.\u00a0Na resolu\u00e7\u00e3o, a ag\u00eancia\u00a0determina a apreens\u00e3o de todos os lotes da fita. Em nota, a Anvisa esclarece que o produto [&hellip;]<\/p>\n","protected":false},"author":1,"featured_media":16585,"comment_status":"open","ping_status":"open","sticky":false,"template":"","format":"standard","meta":{"fifu_image_url":"https:\/\/imagens.ebc.com.br\/NwqiDeOxmbRRPjh5aXQC1JVYQJA=\/1600x800\/https:\/\/agenciabrasil.ebc.com.br\/sites\/default\/files\/thumbnails\/image\/2026\/01\/28\/1769564615697969c7b802b.jpg?itok=A2C7pFkc","fifu_image_alt":"","footnotes":""},"categories":[346],"tags":[707,10386,8554,10385,2825,100,971,3542],"class_list":{"0":"post-16584","1":"post","2":"type-post","3":"status-publish","4":"format-standard","5":"has-post-thumbnail","7":"category-saude","8":"tag-anvisa","9":"tag-clareamento","10":"tag-dental","11":"tag-fita","12":"tag-marca","13":"tag-para","14":"tag-proibe","15":"tag-usada"},"_links":{"self":[{"href":"https:\/\/balancotocantins.com.br\/index.php?rest_route=\/wp\/v2\/posts\/16584","targetHints":{"allow":["GET"]}}],"collection":[{"href":"https:\/\/balancotocantins.com.br\/index.php?rest_route=\/wp\/v2\/posts"}],"about":[{"href":"https:\/\/balancotocantins.com.br\/index.php?rest_route=\/wp\/v2\/types\/post"}],"author":[{"embeddable":true,"href":"https:\/\/balancotocantins.com.br\/index.php?rest_route=\/wp\/v2\/users\/1"}],"replies":[{"embeddable":true,"href":"https:\/\/balancotocantins.com.br\/index.php?rest_route=%2Fwp%2Fv2%2Fcomments&post=16584"}],"version-history":[{"count":1,"href":"https:\/\/balancotocantins.com.br\/index.php?rest_route=\/wp\/v2\/posts\/16584\/revisions"}],"predecessor-version":[{"id":16586,"href":"https:\/\/balancotocantins.com.br\/index.php?rest_route=\/wp\/v2\/posts\/16584\/revisions\/16586"}],"wp:featuredmedia":[{"embeddable":true,"href":"https:\/\/balancotocantins.com.br\/index.php?rest_route=\/wp\/v2\/media\/16585"}],"wp:attachment":[{"href":"https:\/\/balancotocantins.com.br\/index.php?rest_route=%2Fwp%2Fv2%2Fmedia&parent=16584"}],"wp:term":[{"taxonomy":"category","embeddable":true,"href":"https:\/\/balancotocantins.com.br\/index.php?rest_route=%2Fwp%2Fv2%2Fcategories&post=16584"},{"taxonomy":"post_tag","embeddable":true,"href":"https:\/\/balancotocantins.com.br\/index.php?rest_route=%2Fwp%2Fv2%2Ftags&post=16584"}],"curies":[{"name":"wp","href":"https:\/\/api.w.org\/{rel}","templated":true}]}}