{"id":16587,"date":"2026-01-29T15:09:47","date_gmt":"2026-01-29T18:09:47","guid":{"rendered":"https:\/\/balancotocantins.com.br\/?p=16587"},"modified":"2026-01-29T15:09:51","modified_gmt":"2026-01-29T18:09:51","slug":"prefeita-josi-nunes-participa-de-forum-internacional-no-panama-com-lideres-da-america-latina-e-caribe","status":"publish","type":"post","link":"https:\/\/balancotocantins.com.br\/?p=16587","title":{"rendered":"Prefeita Josi Nunes participa de f\u00f3rum internacional no Panam\u00e1 com l\u00edderes da Am\u00e9rica Latina e Caribe"},"content":{"rendered":"<p>A prefeita de Gurupi, Josi Nunes (UB), participa do F\u00f3rum Econ\u00f4mico Internacional Am\u00e9rica Latina e Caribe 2026, realizado na Cidade do Panam\u00e1 desde quarta-feira (28) e com programa\u00e7\u00e3o at\u00e9 esta quinta-feira (29). O encontro re\u00fane mais de 2.500 lideran\u00e7as pol\u00edticas, econ\u00f4micas e acad\u00eamicas de diversos pa\u00edses.<\/p>\n<p>Segundo informa\u00e7\u00f5es do Pa\u00e7o Municipal, o evento conta com a presen\u00e7a de sete chefes de Estado e dois vencedores do Pr\u00eamio Nobel de Economia, consolidando-se como um dos principais espa\u00e7os de articula\u00e7\u00e3o pol\u00edtica e econ\u00f4mica da regi\u00e3o, voltado \u00e0 discuss\u00e3o de estrat\u00e9gias para o desenvolvimento em um cen\u00e1rio global em constante transforma\u00e7\u00e3o.<\/p>\n<p>O f\u00f3rum tem como foco o fortalecimento do di\u00e1logo entre gestores subnacionais, promovendo a troca de experi\u00eancias, boas pr\u00e1ticas e solu\u00e7\u00f5es inovadoras relacionadas ao desenvolvimento sustent\u00e1vel, \u00e0 inclus\u00e3o social e ao crescimento econ\u00f4mico.<\/p>\n<p>Ainda de acordo com a Prefeitura, a participa\u00e7\u00e3o da gestora no evento busca ampliar rela\u00e7\u00f5es institucionais e conhecer iniciativas que possam ser adaptadas \u00e0 realidade local. Josi Nunes destacou que o encontro representa uma oportunidade de apresentar o potencial de Gurupi, al\u00e9m de estabelecer parcerias e compartilhar experi\u00eancias com outras lideran\u00e7as.<\/p>\n<p>A prefeita afirmou que a presen\u00e7a do munic\u00edpio em um espa\u00e7o internacional desse porte refor\u00e7a a inser\u00e7\u00e3o da cidade em debates globais sobre desenvolvimento, sustentabilidade e moderniza\u00e7\u00e3o da gest\u00e3o p\u00fablica.<\/p>\n<p>&nbsp;<\/p>\n","protected":false},"excerpt":{"rendered":"<p>A prefeita de Gurupi, Josi Nunes (UB), participa do F\u00f3rum Econ\u00f4mico Internacional Am\u00e9rica Latina e Caribe 2026, realizado na Cidade do Panam\u00e1 desde quarta-feira (28) e com programa\u00e7\u00e3o at\u00e9 esta quinta-feira (29). O encontro re\u00fane mais de 2.500 lideran\u00e7as pol\u00edticas, econ\u00f4micas e acad\u00eamicas de diversos pa\u00edses. Segundo informa\u00e7\u00f5es do Pa\u00e7o Municipal, o evento conta com [&hellip;]<\/p>\n","protected":false},"author":1,"featured_media":16589,"comment_status":"open","ping_status":"closed","sticky":false,"template":"","format":"standard","meta":{"fifu_image_url":"","fifu_image_alt":"","footnotes":""},"categories":[345],"tags":[1043,10387,10388,10389],"class_list":{"0":"post-16587","1":"post","2":"type-post","3":"status-publish","4":"format-standard","5":"has-post-thumbnail","7":"category-politica","8":"tag-capa","9":"tag-forum-economico-internacional-america-latina-e-caribe-2026","10":"tag-modernizacao-da-gestao-publica","11":"tag-premio-nobel-de-economia"},"_links":{"self":[{"href":"https:\/\/balancotocantins.com.br\/index.php?rest_route=\/wp\/v2\/posts\/16587","targetHints":{"allow":["GET"]}}],"collection":[{"href":"https:\/\/balancotocantins.com.br\/index.php?rest_route=\/wp\/v2\/posts"}],"about":[{"href":"https:\/\/balancotocantins.com.br\/index.php?rest_route=\/wp\/v2\/types\/post"}],"author":[{"embeddable":true,"href":"https:\/\/balancotocantins.com.br\/index.php?rest_route=\/wp\/v2\/users\/1"}],"replies":[{"embeddable":true,"href":"https:\/\/balancotocantins.com.br\/index.php?rest_route=%2Fwp%2Fv2%2Fcomments&post=16587"}],"version-history":[{"count":1,"href":"https:\/\/balancotocantins.com.br\/index.php?rest_route=\/wp\/v2\/posts\/16587\/revisions"}],"predecessor-version":[{"id":16588,"href":"https:\/\/balancotocantins.com.br\/index.php?rest_route=\/wp\/v2\/posts\/16587\/revisions\/16588"}],"wp:featuredmedia":[{"embeddable":true,"href":"https:\/\/balancotocantins.com.br\/index.php?rest_route=\/wp\/v2\/media\/16589"}],"wp:attachment":[{"href":"https:\/\/balancotocantins.com.br\/index.php?rest_route=%2Fwp%2Fv2%2Fmedia&parent=16587"}],"wp:term":[{"taxonomy":"category","embeddable":true,"href":"https:\/\/balancotocantins.com.br\/index.php?rest_route=%2Fwp%2Fv2%2Fcategories&post=16587"},{"taxonomy":"post_tag","embeddable":true,"href":"https:\/\/balancotocantins.com.br\/index.php?rest_route=%2Fwp%2Fv2%2Ftags&post=16587"}],"curies":[{"name":"wp","href":"https:\/\/api.w.org\/{rel}","templated":true}]}}