{"id":16600,"date":"2026-01-30T19:40:42","date_gmt":"2026-01-30T22:40:42","guid":{"rendered":"https:\/\/balancotocantins.com.br\/?p=16600"},"modified":"2026-01-30T19:41:28","modified_gmt":"2026-01-30T22:41:28","slug":"gurupi-incorpora-tres-ambulancias-a-frota-da-saude-e-reforca-atendimento-de-urgencia","status":"publish","type":"post","link":"https:\/\/balancotocantins.com.br\/?p=16600","title":{"rendered":"Gurupi incorpora tr\u00eas ambul\u00e2ncias \u00e0 frota da Sa\u00fade e refor\u00e7a atendimento de urg\u00eancia"},"content":{"rendered":"<p>A Secretaria Municipal de Sa\u00fade de Gurupi ampliou a frota de atendimento com a incorpora\u00e7\u00e3o de tr\u00eas novas ambul\u00e2ncias. Uma delas, uma Unidade de Suporte Avan\u00e7ado (USA), foi apresentada na manh\u00e3 de quinta-feira, 29, em ato realizado na sede da pasta, com a presen\u00e7a de gestores, servidores e representantes da imprensa.<\/p>\n<p>A USA, conhecida como UTI m\u00f3vel, \u00e9 destinada ao atendimento de pacientes em estado grave ou com risco iminente de morte, como v\u00edtimas de traumas, infartos e ocorr\u00eancias de m\u00e9dia e alta complexidade. O ve\u00edculo passa a integrar o Servi\u00e7o de Atendimento M\u00f3vel de Urg\u00eancia (Samu) do munic\u00edpio.<\/p>\n<p>Segundo a Secretaria Municipal de Sa\u00fade, o investimento na Unidade de Suporte Avan\u00e7ado foi de R$ 355 mil. Do total, R$ 305 mil s\u00e3o provenientes de emenda parlamentar do deputado estadual Gutierrez Torquato, com contrapartida financeira do munic\u00edpio.<\/p>\n<p>Al\u00e9m da UTI m\u00f3vel, a pasta recebeu outras duas ambul\u00e2ncias adquiridas com recursos pr\u00f3prios. Uma ser\u00e1 utilizada no transporte de pacientes dentro da \u00e1rea urbana de Gurupi. A outra, uma ambul\u00e2ncia tipo C, de menor porte, ficar\u00e1 \u00e0 disposi\u00e7\u00e3o da comunidade do Trevo da Praia, com o objetivo de agilizar o atendimento na regi\u00e3o.<\/p>\n<p><img loading=\"lazy\" loading=\"lazy\" decoding=\"async\" class=\"alignnone size-medium wp-image-3809\" src=\"https:\/\/balancotocantins.com.br\/wp-content\/uploads\/2026\/01\/IMG_1708.jpeg\" alt=\"\" width=\"300\" height=\"170\" \/><\/p>\n<p>A secret\u00e1ria municipal de Sa\u00fade, Luana Nunes, afirmou que a incorpora\u00e7\u00e3o dos ve\u00edculos deve melhorar a organiza\u00e7\u00e3o da rede de urg\u00eancia e o transporte de pacientes, tanto na zona urbana quanto na \u00e1rea rural do munic\u00edpio.<\/p>\n<p>Durante o evento, o deputado Gutierrez Torquato destacou a atua\u00e7\u00e3o da gest\u00e3o municipal na \u00e1rea da sa\u00fade. O vice-prefeito tamb\u00e9m citou o reconhecimento do trabalho desenvolvido pela equipe da pasta, com reflexos em avalia\u00e7\u00f5es estaduais e nacionais.<\/p>\n","protected":false},"excerpt":{"rendered":"<p>A Secretaria Municipal de Sa\u00fade de Gurupi ampliou a frota de atendimento com a incorpora\u00e7\u00e3o de tr\u00eas novas ambul\u00e2ncias. Uma delas, uma Unidade de Suporte Avan\u00e7ado (USA), foi apresentada na manh\u00e3 de quinta-feira, 29, em ato realizado na sede da pasta, com a presen\u00e7a de gestores, servidores e representantes da imprensa. A USA, conhecida como [&hellip;]<\/p>\n","protected":false},"author":1,"featured_media":16602,"comment_status":"open","ping_status":"closed","sticky":false,"template":"","format":"standard","meta":{"fifu_image_url":"","fifu_image_alt":"","footnotes":""},"categories":[346],"tags":[10395,1043,10394,10393,10392],"class_list":{"0":"post-16600","1":"post","2":"type-post","3":"status-publish","4":"format-standard","5":"has-post-thumbnail","7":"category-saude","8":"tag-ambulancias","9":"tag-capa","10":"tag-deputado-estadual-gutierrez-torquato","11":"tag-saude-de-gurupi","12":"tag-uti-movel"},"_links":{"self":[{"href":"https:\/\/balancotocantins.com.br\/index.php?rest_route=\/wp\/v2\/posts\/16600","targetHints":{"allow":["GET"]}}],"collection":[{"href":"https:\/\/balancotocantins.com.br\/index.php?rest_route=\/wp\/v2\/posts"}],"about":[{"href":"https:\/\/balancotocantins.com.br\/index.php?rest_route=\/wp\/v2\/types\/post"}],"author":[{"embeddable":true,"href":"https:\/\/balancotocantins.com.br\/index.php?rest_route=\/wp\/v2\/users\/1"}],"replies":[{"embeddable":true,"href":"https:\/\/balancotocantins.com.br\/index.php?rest_route=%2Fwp%2Fv2%2Fcomments&post=16600"}],"version-history":[{"count":1,"href":"https:\/\/balancotocantins.com.br\/index.php?rest_route=\/wp\/v2\/posts\/16600\/revisions"}],"predecessor-version":[{"id":16601,"href":"https:\/\/balancotocantins.com.br\/index.php?rest_route=\/wp\/v2\/posts\/16600\/revisions\/16601"}],"wp:featuredmedia":[{"embeddable":true,"href":"https:\/\/balancotocantins.com.br\/index.php?rest_route=\/wp\/v2\/media\/16602"}],"wp:attachment":[{"href":"https:\/\/balancotocantins.com.br\/index.php?rest_route=%2Fwp%2Fv2%2Fmedia&parent=16600"}],"wp:term":[{"taxonomy":"category","embeddable":true,"href":"https:\/\/balancotocantins.com.br\/index.php?rest_route=%2Fwp%2Fv2%2Fcategories&post=16600"},{"taxonomy":"post_tag","embeddable":true,"href":"https:\/\/balancotocantins.com.br\/index.php?rest_route=%2Fwp%2Fv2%2Ftags&post=16600"}],"curies":[{"name":"wp","href":"https:\/\/api.w.org\/{rel}","templated":true}]}}