{"id":16605,"date":"2026-02-04T18:18:41","date_gmt":"2026-02-04T21:18:41","guid":{"rendered":"https:\/\/balancotocantins.com.br\/?p=16605"},"modified":"2026-02-04T18:18:55","modified_gmt":"2026-02-04T21:18:55","slug":"vice-prefeito-apresenta-balanco-da-gestao-na-abertura-do-ano-legislativo-em-gurupi","status":"publish","type":"post","link":"https:\/\/balancotocantins.com.br\/?p=16605","title":{"rendered":"Vice-prefeito apresenta balan\u00e7o da gest\u00e3o na abertura do Ano Legislativo em Gurupi"},"content":{"rendered":"<p>A C\u00e2mara Municipal de Gurupi realizou, na manh\u00e3 desta quarta-feira (4), a Sess\u00e3o Solene de Abertura do Ano Legislativo, com a presen\u00e7a do vice-prefeito Adailton Fonseca, que representou o Poder Executivo. Durante a cerim\u00f4nia, ele apresentou um balan\u00e7o das a\u00e7\u00f5es desenvolvidas pela gest\u00e3o municipal em 2025 e destacou a parceria institucional entre Executivo e Legislativo como fator decisivo para a implementa\u00e7\u00e3o de pol\u00edticas p\u00fablicas no munic\u00edpio.<\/p>\n<p>Na ocasi\u00e3o, Adailton transmitiu a mensagem da prefeita Josi Nunes e reafirmou o compromisso da administra\u00e7\u00e3o com o desenvolvimento da cidade. Segundo o vice-prefeito, os resultados alcan\u00e7ados ao longo do \u00faltimo ano s\u00e3o fruto do trabalho conjunto entre os poderes e do di\u00e1logo permanente com a C\u00e2mara de Vereadores.<\/p>\n<p><img loading=\"lazy\" loading=\"lazy\" decoding=\"async\" class=\"alignnone size-medium wp-image-3817\" src=\"https:\/\/balancotocantins.com.br\/wp-content\/uploads\/2026\/02\/Abertura-Ano-Legislativo-3.jpeg\" alt=\"\" width=\"300\" height=\"200\" \/><\/p>\n<p>Ao fazer um panorama das principais entregas da gest\u00e3o, Adailton Fonseca citou avan\u00e7os em \u00e1reas como sa\u00fade, educa\u00e7\u00e3o, infraestrutura, desenvolvimento econ\u00f4mico e pol\u00edticas sociais. De acordo com ele, houve amplia\u00e7\u00e3o de programas na \u00e1rea da sa\u00fade, reformas em unidades escolares, expans\u00e3o de vagas no ensino fundamental, execu\u00e7\u00e3o de obras de pavimenta\u00e7\u00e3o e drenagem em bairros que aguardavam melhorias h\u00e1 anos, al\u00e9m da constru\u00e7\u00e3o de pra\u00e7as e manuten\u00e7\u00e3o de a\u00e7\u00f5es voltadas \u00e0 assist\u00eancia social, cultura, esporte e forma\u00e7\u00e3o de jovens.<\/p>\n<p>O vice-prefeito tamb\u00e9m mencionou investimentos no fortalecimento do parque industrial e ressaltou que decis\u00f5es estruturantes foram necess\u00e1rias para garantir o crescimento sustent\u00e1vel do munic\u00edpio. Ele destacou ainda o apoio de institui\u00e7\u00f5es como o Judici\u00e1rio, entidades empresariais e associa\u00e7\u00f5es comerciais, al\u00e9m da atua\u00e7\u00e3o do Legislativo, apontado como parceiro estrat\u00e9gico da gest\u00e3o.<\/p>\n<p><img loading=\"lazy\" loading=\"lazy\" decoding=\"async\" class=\"alignnone size-medium wp-image-3816\" src=\"https:\/\/balancotocantins.com.br\/wp-content\/uploads\/2026\/02\/Abertura-Ano-Legislativo-4-300x200.jpeg\" alt=\"\" width=\"300\" height=\"200\" \/><\/p>\n<p>Durante a solenidade, o presidente da C\u00e2mara Municipal, Ivanilson Marinho, enfatizou a harmonia institucional entre os poderes e agradeceu o apoio do Executivo ao longo de 2025. Segundo ele, o di\u00e1logo e a coopera\u00e7\u00e3o t\u00eam sido fundamentais para o bom funcionamento do Legislativo e para os avan\u00e7os registrados na cidade.<\/p>\n<p>Ivanilson tamb\u00e9m citou melhorias na administra\u00e7\u00e3o p\u00fablica, como a amplia\u00e7\u00e3o da oferta de exames laboratoriais, a redu\u00e7\u00e3o da demanda reprimida por exames de imagem, a implanta\u00e7\u00e3o do Plano de Cargos e Carreira, o pagamento do piso da enfermagem, a renova\u00e7\u00e3o da frota de ve\u00edculos, a concess\u00e3o de bolsas de mestrado para servidores e a\u00e7\u00f5es de qualifica\u00e7\u00e3o permanente do funcionalismo.<\/p>\n<p>A sess\u00e3o contou com a presen\u00e7a de todos os vereadores do munic\u00edpio: Andr\u00e9 Caixeta, C\u00e9lia Lima, Colemar da Saborelle, Marilis Fernandes, Matheus Monteiro, Leda Perini, Ronaldo Lira, Romildo Santos, Pedro Morais, Rodrigo Maciel, Jair Souza, Walter Coelho, D\u00e9bora Oliveira, Diane Perinazzo, M\u00e1rio Cezar Lustosa e Rodrigo Ferreira.<\/p>\n<p>Tamb\u00e9m participaram da solenidade secret\u00e1rios municipais, representantes do Judici\u00e1rio, entidades de classe e institui\u00e7\u00f5es p\u00fablicas, refor\u00e7ando o car\u00e1ter institucional da abertura do Ano Legislativo em Gurupi.<\/p>\n<p>&nbsp;<\/p>\n","protected":false},"excerpt":{"rendered":"<p>A C\u00e2mara Municipal de Gurupi realizou, na manh\u00e3 desta quarta-feira (4), a Sess\u00e3o Solene de Abertura do Ano Legislativo, com a presen\u00e7a do vice-prefeito Adailton Fonseca, que representou o Poder Executivo. Durante a cerim\u00f4nia, ele apresentou um balan\u00e7o das a\u00e7\u00f5es desenvolvidas pela gest\u00e3o municipal em 2025 e destacou a parceria institucional entre Executivo e Legislativo [&hellip;]<\/p>\n","protected":false},"author":1,"featured_media":16607,"comment_status":"open","ping_status":"closed","sticky":false,"template":"","format":"standard","meta":{"fifu_image_url":"","fifu_image_alt":"","footnotes":""},"categories":[345],"tags":[10396,10397,1043,4272],"class_list":{"0":"post-16605","1":"post","2":"type-post","3":"status-publish","4":"format-standard","5":"has-post-thumbnail","7":"category-politica","8":"tag-ano-legislativo-em-gurupi","9":"tag-camara-municipal","10":"tag-capa","11":"tag-ivanilson-marinho"},"_links":{"self":[{"href":"https:\/\/balancotocantins.com.br\/index.php?rest_route=\/wp\/v2\/posts\/16605","targetHints":{"allow":["GET"]}}],"collection":[{"href":"https:\/\/balancotocantins.com.br\/index.php?rest_route=\/wp\/v2\/posts"}],"about":[{"href":"https:\/\/balancotocantins.com.br\/index.php?rest_route=\/wp\/v2\/types\/post"}],"author":[{"embeddable":true,"href":"https:\/\/balancotocantins.com.br\/index.php?rest_route=\/wp\/v2\/users\/1"}],"replies":[{"embeddable":true,"href":"https:\/\/balancotocantins.com.br\/index.php?rest_route=%2Fwp%2Fv2%2Fcomments&post=16605"}],"version-history":[{"count":1,"href":"https:\/\/balancotocantins.com.br\/index.php?rest_route=\/wp\/v2\/posts\/16605\/revisions"}],"predecessor-version":[{"id":16606,"href":"https:\/\/balancotocantins.com.br\/index.php?rest_route=\/wp\/v2\/posts\/16605\/revisions\/16606"}],"wp:featuredmedia":[{"embeddable":true,"href":"https:\/\/balancotocantins.com.br\/index.php?rest_route=\/wp\/v2\/media\/16607"}],"wp:attachment":[{"href":"https:\/\/balancotocantins.com.br\/index.php?rest_route=%2Fwp%2Fv2%2Fmedia&parent=16605"}],"wp:term":[{"taxonomy":"category","embeddable":true,"href":"https:\/\/balancotocantins.com.br\/index.php?rest_route=%2Fwp%2Fv2%2Fcategories&post=16605"},{"taxonomy":"post_tag","embeddable":true,"href":"https:\/\/balancotocantins.com.br\/index.php?rest_route=%2Fwp%2Fv2%2Ftags&post=16605"}],"curies":[{"name":"wp","href":"https:\/\/api.w.org\/{rel}","templated":true}]}}