{"id":16608,"date":"2026-02-05T17:40:31","date_gmt":"2026-02-05T20:40:31","guid":{"rendered":"https:\/\/balancotocantins.com.br\/?p=16608"},"modified":"2026-02-05T17:40:36","modified_gmt":"2026-02-05T20:40:36","slug":"prefeitura-de-gurupi-mobiliza-assistencia-social-para-atender-familias-impactadas-pelas-chuvas","status":"publish","type":"post","link":"https:\/\/balancotocantins.com.br\/?p=16608","title":{"rendered":"Prefeitura de Gurupi mobiliza Assist\u00eancia Social para atender fam\u00edlias impactadas pelas chuvas"},"content":{"rendered":"<p>A Prefeitura de Gurupi, por meio da Secretaria Municipal de Assist\u00eancia Social, promoveu uma for\u00e7a-tarefa voltada ao atendimento das fam\u00edlias afetadas pela forte chuva registrada nas \u00faltimas noites. A a\u00e7\u00e3o teve como foco o suporte emergencial, o acolhimento social e o mapeamento das principais demandas dos moradores atingidos.<\/p>\n<p>Equipes t\u00e9cnicas realizaram visitas domiciliares em diversos bairros, com maior concentra\u00e7\u00e3o de atendimentos na Vila S\u00e3o Jos\u00e9, Setor Novo Horizonte e Setor Nova Fronteira, al\u00e9m de outras regi\u00f5es que tamb\u00e9m registraram preju\u00edzos em decorr\u00eancia do volume de chuvas.<\/p>\n<p>Os trabalhos foram acompanhados pelo secret\u00e1rio municipal de Assist\u00eancia Social, Darcy Fonseca, e executados por equipes multiprofissionais compostas por assistentes sociais e psic\u00f3logas. Durante as abordagens, foram identificados danos materiais, comprometimento estrutural de resid\u00eancias e situa\u00e7\u00f5es de vulnerabilidade social agravadas pelo evento clim\u00e1tico.<\/p>\n<p>Segundo o secret\u00e1rio, a atua\u00e7\u00e3o imediata do poder p\u00fablico \u00e9 fundamental em cen\u00e1rios de emerg\u00eancia. Darcy Fonseca destacou que a presen\u00e7a das equipes busca garantir amparo \u00e0s fam\u00edlias e orientar os encaminhamentos necess\u00e1rios dentro da rede socioassistencial do munic\u00edpio.<\/p>\n<p>Ao longo dos atendimentos, foram realizados acolhimento social, escuta qualificada, orienta\u00e7\u00f5es \u00e0s fam\u00edlias e levantamento das necessidades emergenciais, al\u00e9m do direcionamento para os servi\u00e7os dispon\u00edveis na rede de prote\u00e7\u00e3o social.<\/p>\n<p>Os dados coletados durante as visitas ir\u00e3o subsidiar o planejamento de novas a\u00e7\u00f5es e o acompanhamento continuado das fam\u00edlias impactadas, com o objetivo de minimizar os efeitos sociais causados pelas chuvas.<\/p>\n<p>&nbsp;<\/p>\n","protected":false},"excerpt":{"rendered":"<p>A Prefeitura de Gurupi, por meio da Secretaria Municipal de Assist\u00eancia Social, promoveu uma for\u00e7a-tarefa voltada ao atendimento das fam\u00edlias afetadas pela forte chuva registrada nas \u00faltimas noites. A a\u00e7\u00e3o teve como foco o suporte emergencial, o acolhimento social e o mapeamento das principais demandas dos moradores atingidos. Equipes t\u00e9cnicas realizaram visitas domiciliares em diversos [&hellip;]<\/p>\n","protected":false},"author":1,"featured_media":16610,"comment_status":"open","ping_status":"closed","sticky":false,"template":"","format":"standard","meta":{"fifu_image_url":"","fifu_image_alt":"","footnotes":""},"categories":[7545],"tags":[10399,1043,8625,10398],"class_list":["post-16608","post","type-post","status-publish","format-standard","has-post-thumbnail","category-meio-ambiente","tag-acolhimento-social","tag-capa","tag-forca-tarefa","tag-fortes-chuvas"],"_links":{"self":[{"href":"https:\/\/balancotocantins.com.br\/index.php?rest_route=\/wp\/v2\/posts\/16608","targetHints":{"allow":["GET"]}}],"collection":[{"href":"https:\/\/balancotocantins.com.br\/index.php?rest_route=\/wp\/v2\/posts"}],"about":[{"href":"https:\/\/balancotocantins.com.br\/index.php?rest_route=\/wp\/v2\/types\/post"}],"author":[{"embeddable":true,"href":"https:\/\/balancotocantins.com.br\/index.php?rest_route=\/wp\/v2\/users\/1"}],"replies":[{"embeddable":true,"href":"https:\/\/balancotocantins.com.br\/index.php?rest_route=%2Fwp%2Fv2%2Fcomments&post=16608"}],"version-history":[{"count":1,"href":"https:\/\/balancotocantins.com.br\/index.php?rest_route=\/wp\/v2\/posts\/16608\/revisions"}],"predecessor-version":[{"id":16609,"href":"https:\/\/balancotocantins.com.br\/index.php?rest_route=\/wp\/v2\/posts\/16608\/revisions\/16609"}],"wp:featuredmedia":[{"embeddable":true,"href":"https:\/\/balancotocantins.com.br\/index.php?rest_route=\/wp\/v2\/media\/16610"}],"wp:attachment":[{"href":"https:\/\/balancotocantins.com.br\/index.php?rest_route=%2Fwp%2Fv2%2Fmedia&parent=16608"}],"wp:term":[{"taxonomy":"category","embeddable":true,"href":"https:\/\/balancotocantins.com.br\/index.php?rest_route=%2Fwp%2Fv2%2Fcategories&post=16608"},{"taxonomy":"post_tag","embeddable":true,"href":"https:\/\/balancotocantins.com.br\/index.php?rest_route=%2Fwp%2Fv2%2Ftags&post=16608"}],"curies":[{"name":"wp","href":"https:\/\/api.w.org\/{rel}","templated":true}]}}