{"id":16613,"date":"2026-02-13T19:40:33","date_gmt":"2026-02-13T22:40:33","guid":{"rendered":"https:\/\/balancotocantins.com.br\/?p=16613"},"modified":"2026-02-13T19:40:53","modified_gmt":"2026-02-13T22:40:53","slug":"tragedia-em-itumbiara-secretario-municipal-mata-os-dois-filhos-e-tira-propria-vida","status":"publish","type":"post","link":"https:\/\/balancotocantins.com.br\/?p=16613","title":{"rendered":"Trag\u00e9dia em Itumbiara: secret\u00e1rio municipal mata os dois filhos e tira pr\u00f3pria vida"},"content":{"rendered":"<p>Uma profunda como\u00e7\u00e3o tomou a cidade no sul de Goi\u00e1s ap\u00f3s uma trag\u00e9dia familiar que chocou moradores, autoridades e impulsionou uma investiga\u00e7\u00e3o policial em andamento. Na noite de quarta-feira (11), por volta das 22h30, Thales Naves Alves Machado, de 40 anos, secret\u00e1rio de Governo da Prefeitura de Itumbiara, atirou contra seus dois filhos e, em seguida, tirou a pr\u00f3pria vida dentro da resid\u00eancia da fam\u00edlia.<\/p>\n<p><img loading=\"lazy\" loading=\"lazy\" decoding=\"async\" class=\"alignnone size-medium wp-image-3835\" src=\"https:\/\/balancotocantins.com.br\/wp-content\/uploads\/2026\/02\/copia-de-padrao-foto-g1-goias-1-.avif\" alt=\"\" width=\"300\" height=\"188\" \/><\/p>\n<p>O epis\u00f3dio e as v\u00edtimas<\/p>\n<p>Segundo apura\u00e7\u00e3o da Pol\u00edcia Civil de Goi\u00e1s (PCGO), os disparos ocorreram dentro da casa onde a fam\u00edlia morava. As duas crian\u00e7as atingidas foram:<\/p>\n<ul>\n<li>Miguel Ara\u00fajo Machado, de 12 anos \u2014 baleado pelo pai e levado ao Hospital Municipal Modesto de Carvalho (HMMC), onde n\u00e3o resistiu e morreu ainda na madrugada.<\/li>\n<li>Ben\u00edcio Ara\u00fajo Machado, de 8 anos \u2014 tamb\u00e9m atingido, foi socorrido e passou por cirurgia no Hospital Estadual S\u00e3o Marcos. Inicialmente anunciado em estado grav\u00edssimo, fontes hospitalares indicaram que a crian\u00e7a chegou a ter morte cerebral confirmada, e ap\u00f3s os protocolos m\u00e9dicos a situa\u00e7\u00e3o evoluiu para infelizmente \u00f3bito na tarde desta sexta-feira.<\/li>\n<\/ul>\n<p>Conduta e investiga\u00e7\u00e3o policial<\/p>\n<p>Ap\u00f3s atingir os filhos, Machado cometeu suic\u00eddio com um disparo dentro da mesma resid\u00eancia. A Pol\u00edcia Civil informou que, at\u00e9 o momento, n\u00e3o h\u00e1 ind\u00edcios de terceiros envolvidos no epis\u00f3dio e que o caso \u00e9 tratado como homic\u00eddio seguido de suic\u00eddio sob investiga\u00e7\u00e3o especializada. A corpora\u00e7\u00e3o instaurou inqu\u00e9rito e tomou medidas periciais e de levantamento de provas, mantendo sigilo nas dilig\u00eancias para respeitar o sofrimento dos familiares.<\/p>\n<p>As equipes do Grupo de Investiga\u00e7\u00e3o de Homic\u00eddios (GIH) acompanharam a per\u00edcia t\u00e9cnico-cient\u00edfica no local e seguem com oitivas e requisi\u00e7\u00f5es periciais para elucidar a din\u00e2mica dos fatos.<\/p>\n<p>Contexto familiar e antecedentes<\/p>\n<p>Thales Machado era genro do prefeito de Itumbiara, Dione Ara\u00fajo, e era casado h\u00e1 15 anos com Sarah Tinoco Ara\u00fajo, com quem teve os dois filhos. A m\u00e3e das crian\u00e7as estava viajando para S\u00e3o Paulo no momento do crime. As circunst\u00e2ncias que teriam levado ao ataque est\u00e3o sendo apuradas, mas fontes indicam que o secret\u00e1rio deixou uma carta de despedida publicada em rede social pouco antes do epis\u00f3dio, posteriormente apagada, na qual ele mencionava sentir-se emocionalmente abalado e sugeria ter alcan\u00e7ado um \u201climite improv\u00e1vel\u201d relacionado a problemas no relacionamento conjugal.<\/p>\n<p><img loading=\"lazy\" loading=\"lazy\" decoding=\"async\" class=\"alignnone size-medium wp-image-3836\" src=\"https:\/\/balancotocantins.com.br\/wp-content\/uploads\/2026\/02\/30573-2026-02-12-300x200.png\" alt=\"\" width=\"300\" height=\"200\" \/><\/p>\n<p>Em publica\u00e7\u00f5es feitas horas antes da trag\u00e9dia, ele tamb\u00e9m se declarou aos filhos com mensagens de carinho, como \u201cpapai ama muito\u201d, mostrando uma imagem afetiva pouco antes do desfecho violento.<\/p>\n<p>Repercuss\u00e3o na cidade e no pa\u00eds<\/p>\n<p>A comunidade de Itumbiara ficou profundamente abalada com o ocorrido. O vel\u00f3rio de Miguel foi realizado na resid\u00eancia do av\u00f4 materno, com participa\u00e7\u00e3o de familiares, amigos e moradores locais.<\/p>\n<p>Nas redes sociais e em c\u00edrculos p\u00fablicos, surgiram rea\u00e7\u00f5es diversas, incluindo solidariedade \u00e0 fam\u00edlia e debates acalorados sobre as causas psicol\u00f3gicas e sociais que podem levar a atos t\u00e3o extremos, al\u00e9m de confrontos sobre boatos circulantes.<\/p>\n<p>A Prefeitura de Itumbiara decretou luto oficial de tr\u00eas dias, suspendendo temporariamente o expediente administrativo e as aulas da rede p\u00fablica municipal em sinal de pesar.<\/p>\n<p>Autoridades estaduais, incluindo o governador de Goi\u00e1s, Ronaldo Caiado, manifestaram condol\u00eancias \u00e0 fam\u00edlia e \u00e0 popula\u00e7\u00e3o local, cancelando compromissos oficiais para prestar solidariedade.<\/p>\n<p>Import\u00e2ncia da abordagem respons\u00e1vel<\/p>\n<p>Especialistas em sa\u00fade mental e profissionais de seguran\u00e7a p\u00fablica apontam que, apesar de relatos n\u00e3o confirmados oficialmente sobre motivos espec\u00edficos, a combina\u00e7\u00e3o de quest\u00f5es psicol\u00f3gicas, stress emocional e conflitos familiares complexos pode desencadear trag\u00e9dias desse tipo. A investiga\u00e7\u00e3o formal ainda avaliar\u00e1 todos os fatores envolvidos no caso.<\/p>\n<p>Da Reda\u00e7\u00e3o \u2014 Esta mat\u00e9ria ser\u00e1 atualizada \u00e0 medida que mais informa\u00e7\u00f5es oficiais forem divulgadas pelas autoridades policiais, institucionais ou por meio de notas familiares confirmadas.<\/p>\n","protected":false},"excerpt":{"rendered":"<p>Secret\u00e1rio de Governo da Prefeitura de Itumbiara Thales Machado e o dois filhos. | Foto: Reprodu\u00e7\u00e3o\/Instagram de Thales Machado<\/p>\n","protected":false},"author":1,"featured_media":16615,"comment_status":"open","ping_status":"closed","sticky":false,"template":"","format":"standard","meta":{"fifu_image_url":"","fifu_image_alt":"","footnotes":""},"categories":[593],"tags":[1043,10401,8646,10400],"class_list":{"0":"post-16613","1":"post","2":"type-post","3":"status-publish","4":"format-standard","5":"has-post-thumbnail","7":"category-policia","8":"tag-capa","9":"tag-pai-mata-os-dois-filhos","10":"tag-policia-civil","11":"tag-tragedia-em-itumbiara"},"_links":{"self":[{"href":"https:\/\/balancotocantins.com.br\/index.php?rest_route=\/wp\/v2\/posts\/16613","targetHints":{"allow":["GET"]}}],"collection":[{"href":"https:\/\/balancotocantins.com.br\/index.php?rest_route=\/wp\/v2\/posts"}],"about":[{"href":"https:\/\/balancotocantins.com.br\/index.php?rest_route=\/wp\/v2\/types\/post"}],"author":[{"embeddable":true,"href":"https:\/\/balancotocantins.com.br\/index.php?rest_route=\/wp\/v2\/users\/1"}],"replies":[{"embeddable":true,"href":"https:\/\/balancotocantins.com.br\/index.php?rest_route=%2Fwp%2Fv2%2Fcomments&post=16613"}],"version-history":[{"count":1,"href":"https:\/\/balancotocantins.com.br\/index.php?rest_route=\/wp\/v2\/posts\/16613\/revisions"}],"predecessor-version":[{"id":16614,"href":"https:\/\/balancotocantins.com.br\/index.php?rest_route=\/wp\/v2\/posts\/16613\/revisions\/16614"}],"wp:featuredmedia":[{"embeddable":true,"href":"https:\/\/balancotocantins.com.br\/index.php?rest_route=\/wp\/v2\/media\/16615"}],"wp:attachment":[{"href":"https:\/\/balancotocantins.com.br\/index.php?rest_route=%2Fwp%2Fv2%2Fmedia&parent=16613"}],"wp:term":[{"taxonomy":"category","embeddable":true,"href":"https:\/\/balancotocantins.com.br\/index.php?rest_route=%2Fwp%2Fv2%2Fcategories&post=16613"},{"taxonomy":"post_tag","embeddable":true,"href":"https:\/\/balancotocantins.com.br\/index.php?rest_route=%2Fwp%2Fv2%2Ftags&post=16613"}],"curies":[{"name":"wp","href":"https:\/\/api.w.org\/{rel}","templated":true}]}}