{"id":16617,"date":"2026-02-16T15:34:28","date_gmt":"2026-02-16T18:34:28","guid":{"rendered":"https:\/\/balancotocantins.com.br\/?p=16617"},"modified":"2026-02-16T15:38:34","modified_gmt":"2026-02-16T18:38:34","slug":"prefeitura-de-gurupi-entrega-ambulancia-ao-trevo-da-praia-e-anuncia-obras-de-pavimentacao","status":"publish","type":"post","link":"https:\/\/balancotocantins.com.br\/?p=16617","title":{"rendered":"Prefeitura de Gurupi entrega ambul\u00e2ncia ao Trevo da Praia e anuncia obras de pavimenta\u00e7\u00e3o"},"content":{"rendered":"<p>O povoado Trevo da Praia, distrito de Gurupi situado a cerca de 70 quil\u00f4metros da \u00e1rea urbana, passou a contar, a partir desta sexta-feira (13), com uma ambul\u00e2ncia pr\u00f3pria para atendimento \u00e0 comunidade. A entrega do ve\u00edculo ocorreu na Unidade de Sa\u00fade local, em solenidade que reuniu autoridades, lideran\u00e7as comunit\u00e1rias e moradores.<\/p>\n<p>O ve\u00edculo, classificado como ambul\u00e2ncia Tipo A, destinado ao transporte de pacientes de menor complexidade e sem necessidade de suporte avan\u00e7ado, ser\u00e1 utilizado para deslocamentos at\u00e9 a sede do munic\u00edpio. Segundo a administra\u00e7\u00e3o municipal, o investimento foi de R$ 168 mil, custeado com recursos pr\u00f3prios.<\/p>\n<p>Participaram do ato a prefeita Josi Nunes, a secret\u00e1ria municipal de Sa\u00fade, Luana Nunes, al\u00e9m dos vereadores Colemar da Saborelle, Rodrigo Maciel, C\u00e9lia Lima, Romildo Santos, Jair do Povo e Matheus Monteiro. Tamb\u00e9m estiveram presentes os deputados estaduais Eduardo do Dertins e Eduardo Fortes.<\/p>\n<p>Al\u00e9m da entrega da ambul\u00e2ncia, a Unidade de Sa\u00fade do distrito passou por interven\u00e7\u00f5es estruturais, incluindo pintura e manuten\u00e7\u00e3o predial. A gest\u00e3o tamb\u00e9m entregou novos equipamentos, como cadeira de rodas, maca, computadores e eletrodom\u00e9sticos, ampliando a capacidade de atendimento.<\/p>\n<p><img loading=\"lazy\" loading=\"lazy\" decoding=\"async\" class=\"alignnone size-medium wp-image-3849\" src=\"https:\/\/balancotocantins.com.br\/wp-content\/uploads\/2026\/02\/WhatsApp-Image-2026-02-12-at-11.28.40.jpeg\" alt=\"\" width=\"300\" height=\"200\" \/><\/p>\n<p><strong>Novos investimentos<\/strong><\/p>\n<p>Durante o evento, a prefeita informou que a administra\u00e7\u00e3o municipal busca recursos para viabilizar obras de recapeamento e pavimenta\u00e7\u00e3o no povoado. Segundo ela, o projeto executivo j\u00e1 est\u00e1 conclu\u00eddo e aguarda capta\u00e7\u00e3o de recursos junto a parlamentares estaduais.<\/p>\n<p>Josi Nunes tamb\u00e9m destacou a\u00e7\u00f5es em outras \u00e1reas, como educa\u00e7\u00e3o, agricultura familiar, esporte e regulariza\u00e7\u00e3o fundi\u00e1ria. De acordo com a gestora, a Escola Municipal de Tempo Integral Benevenuto Alves Moreira figura entre as unidades com melhor desempenho na rede municipal.<\/p>\n<p>A secret\u00e1ria de Sa\u00fade afirmou que a nova ambul\u00e2ncia representa refor\u00e7o na assist\u00eancia \u00e0 popula\u00e7\u00e3o que reside distante da sede urbana, ao proporcionar maior agilidade e seguran\u00e7a nos atendimentos.<\/p>\n<p>O deputado Eduardo do Dertins elogiou a iniciativa e reiterou apoio \u00e0 gest\u00e3o municipal. J\u00e1 a vereadora C\u00e9lia Lima ressaltou a aplica\u00e7\u00e3o de recursos pr\u00f3prios na aquisi\u00e7\u00e3o do ve\u00edculo e nas melhorias estruturais da unidade.<\/p>\n<p><strong>Manifesta\u00e7\u00e3o da comunidade<\/strong><\/p>\n<p>Representando os moradores, Cl\u00e1udio do Trevo agradeceu a entrega e destacou a import\u00e2ncia do ve\u00edculo para situa\u00e7\u00f5es de urg\u00eancia. A moradora Rayane Silva tamb\u00e9m avaliou a iniciativa como avan\u00e7o significativo para o distrito, ressaltando que a presen\u00e7a de uma ambul\u00e2ncia fixa na comunidade amplia a sensa\u00e7\u00e3o de seguran\u00e7a para as fam\u00edlias.<\/p>\n<p>&nbsp;<\/p>\n<p>&nbsp;<\/p>\n<p>&nbsp;<\/p>\n","protected":false},"excerpt":{"rendered":"<p>Fotos: Lino Vargas<\/p>\n","protected":false},"author":1,"featured_media":16619,"comment_status":"open","ping_status":"closed","sticky":false,"template":"","format":"standard","meta":{"fifu_image_url":"","fifu_image_alt":"","footnotes":""},"categories":[346],"tags":[10402,1043,10403,8983,9048],"class_list":{"0":"post-16617","1":"post","2":"type-post","3":"status-publish","4":"format-standard","5":"has-post-thumbnail","7":"category-saude","8":"tag-ambulancia","9":"tag-capa","10":"tag-obras-de-pavimentacao","11":"tag-prefeitura-de-gurupi","12":"tag-trevo-da-praia"},"_links":{"self":[{"href":"https:\/\/balancotocantins.com.br\/index.php?rest_route=\/wp\/v2\/posts\/16617","targetHints":{"allow":["GET"]}}],"collection":[{"href":"https:\/\/balancotocantins.com.br\/index.php?rest_route=\/wp\/v2\/posts"}],"about":[{"href":"https:\/\/balancotocantins.com.br\/index.php?rest_route=\/wp\/v2\/types\/post"}],"author":[{"embeddable":true,"href":"https:\/\/balancotocantins.com.br\/index.php?rest_route=\/wp\/v2\/users\/1"}],"replies":[{"embeddable":true,"href":"https:\/\/balancotocantins.com.br\/index.php?rest_route=%2Fwp%2Fv2%2Fcomments&post=16617"}],"version-history":[{"count":1,"href":"https:\/\/balancotocantins.com.br\/index.php?rest_route=\/wp\/v2\/posts\/16617\/revisions"}],"predecessor-version":[{"id":16618,"href":"https:\/\/balancotocantins.com.br\/index.php?rest_route=\/wp\/v2\/posts\/16617\/revisions\/16618"}],"wp:featuredmedia":[{"embeddable":true,"href":"https:\/\/balancotocantins.com.br\/index.php?rest_route=\/wp\/v2\/media\/16619"}],"wp:attachment":[{"href":"https:\/\/balancotocantins.com.br\/index.php?rest_route=%2Fwp%2Fv2%2Fmedia&parent=16617"}],"wp:term":[{"taxonomy":"category","embeddable":true,"href":"https:\/\/balancotocantins.com.br\/index.php?rest_route=%2Fwp%2Fv2%2Fcategories&post=16617"},{"taxonomy":"post_tag","embeddable":true,"href":"https:\/\/balancotocantins.com.br\/index.php?rest_route=%2Fwp%2Fv2%2Ftags&post=16617"}],"curies":[{"name":"wp","href":"https:\/\/api.w.org\/{rel}","templated":true}]}}