{"id":16620,"date":"2026-02-19T16:18:34","date_gmt":"2026-02-19T19:18:34","guid":{"rendered":"https:\/\/balancotocantins.com.br\/?p=16620"},"modified":"2026-02-19T16:18:40","modified_gmt":"2026-02-19T19:18:40","slug":"educadores-de-gurupi-conquistam-reconhecimento-nacional-por-projetos-voltados-a-inclusao-e-sustentabilidade","status":"publish","type":"post","link":"https:\/\/balancotocantins.com.br\/?p=16620","title":{"rendered":"Educadores de Gurupi conquistam reconhecimento nacional por projetos voltados \u00e0 inclus\u00e3o e sustentabilidade"},"content":{"rendered":"<p><strong>Professores da rede municipal de ensino de Gurupi foram premiados com o Pr\u00eamio Educador Transformador, na categoria Inclus\u00e3o e Sustentabilidade na Educa\u00e7\u00e3o. A iniciativa reconhece pr\u00e1ticas pedag\u00f3gicas inovadoras que contribuem para uma educa\u00e7\u00e3o mais inclusiva, sustent\u00e1vel e alinhada aos desafios contempor\u00e2neos.<\/strong><\/p>\n<p><strong>Receberam o reconhecimento o professor Thiago Monteiro dos Santos, autor do projeto \u201cEduca\u00e7\u00e3o integral em a\u00e7\u00e3o: o esporte como caminho para a cidadania e inclus\u00e3o social\u201d, e a professora Tainara Ferreira de Oliveira, respons\u00e1vel por um Concurso de Arte Recicl\u00e1vel desenvolvido com foco na forma\u00e7\u00e3o de estudantes mais conscientes, criativos e comprometidos com o meio ambiente.<\/strong><\/p>\n<p><strong>O pr\u00eamio tem como objetivo mobilizar e conectar professores e gestores educacionais de todo o pa\u00eds na constru\u00e7\u00e3o colaborativa de projetos voltados \u00e0 supera\u00e7\u00e3o de desafios presentes e futuros da educa\u00e7\u00e3o. Al\u00e9m da certifica\u00e7\u00e3o, a premia\u00e7\u00e3o inclui jornadas de desenvolvimento profissional, com forma\u00e7\u00f5es voltadas a temas considerados estrat\u00e9gicos para o aprimoramento das pr\u00e1ticas pedag\u00f3gicas.<\/strong><\/p>\n<p><strong>Inspirada no tema da Bett Brasil 2025 \u2014 \u201cEduca\u00e7\u00e3o para enfrentar crises e construir futuros sustent\u00e1veis\u201d \u2014, a terceira edi\u00e7\u00e3o contemplou tr\u00eas categorias: Inova\u00e7\u00e3o Pedag\u00f3gica e Metodologias Ativas (exclusiva para professores); Gest\u00e3o Educacional Transformadora (destinada a gestores); e Inclus\u00e3o e Sustentabilidade na Educa\u00e7\u00e3o (aberta a ambos os p\u00fablicos).<\/strong><\/p>\n<p><strong>A premia\u00e7\u00e3o resulta da uni\u00e3o entre o Pr\u00eamio Professor Transformador, promovido pelo Instituto Significare em parceria com a Bett Brasil, e o Pr\u00eamio Educa\u00e7\u00e3o Empreendedora, do Servi\u00e7o Brasileiro de Apoio \u00e0s Micro e Pequenas Empresas (Sebrae). A proposta \u00e9 reconhecer talentos, incentivar o desenvolvimento cont\u00ednuo e fortalecer iniciativas transformadoras em escolas e redes de ensino.<\/strong><\/p>\n<p><strong>O secret\u00e1rio municipal de Educa\u00e7\u00e3o, Samuel Rodrigues Martins, avaliou que o reconhecimento reflete o compromisso dos profissionais da rede com a qualidade do ensino e a forma\u00e7\u00e3o integral dos estudantes. Segundo ele, as iniciativas premiadas evidenciam o impacto de pr\u00e1ticas que v\u00e3o al\u00e9m do conte\u00fado curricular, incorporando valores como cidadania, inclus\u00e3o e sustentabilidade.<\/strong><\/p>\n<p><strong>A prefeita Josi Nunes tamb\u00e9m destacou a relev\u00e2ncia da conquista e reafirmou o compromisso da gest\u00e3o com a valoriza\u00e7\u00e3o dos profissionais da educa\u00e7\u00e3o. De acordo com ela, o reconhecimento nacional demonstra o investimento em forma\u00e7\u00e3o continuada, capacita\u00e7\u00e3o e melhoria das condi\u00e7\u00f5es de trabalho na rede municipal.<\/strong><\/p>\n<p><strong>Com cerca de 6.500 inscri\u00e7\u00f5es nas duas primeiras edi\u00e7\u00f5es, o pr\u00eamio vem se consolidando como espa\u00e7o de valoriza\u00e7\u00e3o de pr\u00e1ticas alinhadas aos Objetivos de Desenvolvimento Sustent\u00e1vel (ODS) da Organiza\u00e7\u00e3o das Na\u00e7\u00f5es Unidas. Destinado a professores e gestores de institui\u00e7\u00f5es p\u00fablicas e privadas em efetivo exerc\u00edcio, o programa oferece oportunidades de aperfei\u00e7oamento profissional, interc\u00e2mbio de experi\u00eancias e integra\u00e7\u00e3o a uma rede nacional de educadores.<\/strong><\/p>\n<p><strong>Entre as premia\u00e7\u00f5es da terceira edi\u00e7\u00e3o est\u00e3o pacotes para a Bett UK, em Londres, participa\u00e7\u00e3o no Congresso Bett Brasil 2026, al\u00e9m de cursos, forma\u00e7\u00f5es complementares e outros incentivos educacionais.<\/strong><\/p>\n<p><strong>Ao reconhecer iniciativas que articulam inova\u00e7\u00e3o pedag\u00f3gica, responsabilidade socioambiental e inclus\u00e3o, o Pr\u00eamio Educador Transformador refor\u00e7a o papel estrat\u00e9gico da educa\u00e7\u00e3o na promo\u00e7\u00e3o do desenvolvimento social e na constru\u00e7\u00e3o de futuros mais sustent\u00e1veis.<\/strong><\/p>\n<p>&nbsp;<\/p>\n","protected":false},"excerpt":{"rendered":"<p>Professores da rede municipal de ensino de Gurupi foram premiados com o Pr\u00eamio Educador Transformador, na categoria Inclus\u00e3o e Sustentabilidade na Educa\u00e7\u00e3o. A iniciativa reconhece pr\u00e1ticas pedag\u00f3gicas inovadoras que contribuem para uma educa\u00e7\u00e3o mais inclusiva, sustent\u00e1vel e alinhada aos desafios contempor\u00e2neos. Receberam o reconhecimento o professor Thiago Monteiro dos Santos, autor do projeto \u201cEduca\u00e7\u00e3o integral [&hellip;]<\/p>\n","protected":false},"author":1,"featured_media":16622,"comment_status":"open","ping_status":"closed","sticky":false,"template":"","format":"standard","meta":{"fifu_image_url":"","fifu_image_alt":"","footnotes":""},"categories":[4737],"tags":[1043,10405,1182,10404,10406],"class_list":{"0":"post-16620","1":"post","2":"type-post","3":"status-publish","4":"format-standard","5":"has-post-thumbnail","7":"category-educacao","8":"tag-capa","9":"tag-categoria-inclusao","10":"tag-educacao","11":"tag-premio-educador-transformador","12":"tag-sustentabilidade-na-educacao"},"_links":{"self":[{"href":"https:\/\/balancotocantins.com.br\/index.php?rest_route=\/wp\/v2\/posts\/16620","targetHints":{"allow":["GET"]}}],"collection":[{"href":"https:\/\/balancotocantins.com.br\/index.php?rest_route=\/wp\/v2\/posts"}],"about":[{"href":"https:\/\/balancotocantins.com.br\/index.php?rest_route=\/wp\/v2\/types\/post"}],"author":[{"embeddable":true,"href":"https:\/\/balancotocantins.com.br\/index.php?rest_route=\/wp\/v2\/users\/1"}],"replies":[{"embeddable":true,"href":"https:\/\/balancotocantins.com.br\/index.php?rest_route=%2Fwp%2Fv2%2Fcomments&post=16620"}],"version-history":[{"count":1,"href":"https:\/\/balancotocantins.com.br\/index.php?rest_route=\/wp\/v2\/posts\/16620\/revisions"}],"predecessor-version":[{"id":16621,"href":"https:\/\/balancotocantins.com.br\/index.php?rest_route=\/wp\/v2\/posts\/16620\/revisions\/16621"}],"wp:featuredmedia":[{"embeddable":true,"href":"https:\/\/balancotocantins.com.br\/index.php?rest_route=\/wp\/v2\/media\/16622"}],"wp:attachment":[{"href":"https:\/\/balancotocantins.com.br\/index.php?rest_route=%2Fwp%2Fv2%2Fmedia&parent=16620"}],"wp:term":[{"taxonomy":"category","embeddable":true,"href":"https:\/\/balancotocantins.com.br\/index.php?rest_route=%2Fwp%2Fv2%2Fcategories&post=16620"},{"taxonomy":"post_tag","embeddable":true,"href":"https:\/\/balancotocantins.com.br\/index.php?rest_route=%2Fwp%2Fv2%2Ftags&post=16620"}],"curies":[{"name":"wp","href":"https:\/\/api.w.org\/{rel}","templated":true}]}}