{"id":16623,"date":"2026-02-19T16:50:19","date_gmt":"2026-02-19T19:50:19","guid":{"rendered":"https:\/\/balancotocantins.com.br\/?p=16623"},"modified":"2026-02-19T16:50:23","modified_gmt":"2026-02-19T19:50:23","slug":"palmas-e-jalapao-entram-no-radar-nacional-e-figuram-entre-os-50-melhores-destinos-do-brasil-para-2026","status":"publish","type":"post","link":"https:\/\/balancotocantins.com.br\/?p=16623","title":{"rendered":"Palmas e Jalap\u00e3o entram no radar nacional e figuram entre os 50 melhores destinos do Brasil para 2026"},"content":{"rendered":"<p>O Tocantins ampliou sua proje\u00e7\u00e3o no cen\u00e1rio tur\u00edstico nacional ap\u00f3s Palmas e o Jalap\u00e3o integrarem a lista dos 50 lugares para viajar no Brasil em 2026, segundo o Brasil em Mapas. O ranking comp\u00f5e o estudo \u00cdndice de Viagem e Turismo (IVT), que considera indicadores como fluxo de visitantes, conectividade a\u00e9rea e terrestre, visibilidade internacional e avalia\u00e7\u00f5es de viajantes para mapear os destinos mais relevantes do pa\u00eds.<\/p>\n<p>De acordo com a Secretaria de Estado da Comunica\u00e7\u00e3o (Secom), a presen\u00e7a de dois destinos tocantinenses na lista sinaliza a consolida\u00e7\u00e3o do estado no mercado tur\u00edstico nacional, impulsionada pela valoriza\u00e7\u00e3o das paisagens naturais, da cultura regional e da diversidade de experi\u00eancias oferecidas aos visitantes.<\/p>\n<p>Ecoturismo em evid\u00eancia<\/p>\n<p>O levantamento destaca o avan\u00e7o do ecoturismo no Brasil como uma das principais tend\u00eancias do setor. Nesse contexto, o Jalap\u00e3o aparece ao lado de destinos j\u00e1 consolidados, como os Len\u00e7\u00f3is Maranhenses e Fernando de Noronha, refor\u00e7ando sua posi\u00e7\u00e3o como refer\u00eancia nacional em turismo de natureza e aventura.<\/p>\n<p>Crescimento no Parque Estadual do Jalap\u00e3o<\/p>\n<p>Gerido pelo Instituto Natureza do Tocantins (Naturatins), o Parque Estadual do Jalap\u00e3o registrou aumento no n\u00famero de visitantes em 2025. Ao longo do ano, o parque recebeu 50.302 pessoas, crescimento de 16,63% em compara\u00e7\u00e3o com 2024, quando foram contabilizados 43.131 turistas. O resultado confirma a expans\u00e3o da procura pelo principal cart\u00e3o-postal do estado.<\/p>\n<p>Palmas amplia protagonismo<\/p>\n<p>Capital planejada e porta de entrada para o Jalap\u00e3o, Palmas tamb\u00e9m amplia sua visibilidade como destino completo. A cidade re\u00fane praias fluviais, cachoeiras, trilhas ecol\u00f3gicas, al\u00e9m de programa\u00e7\u00e3o cultural, eventos e gastronomia regional, consolidando-se como polo tur\u00edstico urbano integrado \u00e0 natureza.<\/p>\n<p>Outros polos estrat\u00e9gicos<\/p>\n<p>O reconhecimento nacional tamb\u00e9m fortalece a imagem de outros atrativos do estado, como o Parque Estadual do Cant\u00e3o, conhecido pela biodiversidade; a regi\u00e3o das Serras Gerais, que desponta como destino de aventura; al\u00e9m de roteiros de turismo cultural, gastron\u00f4mico e de base comunit\u00e1ria que v\u00eam ampliando a oferta de experi\u00eancias no Tocantins.<\/p>\n<p>Investimentos e promo\u00e7\u00e3o<\/p>\n<p>A inclus\u00e3o no ranking ocorre em meio a estrat\u00e9gias de promo\u00e7\u00e3o coordenadas pela Secretaria de Estado do Turismo (Setur) e pela Secom. Em 2025, a Temporada de Praia registrou mais de 1,5 milh\u00e3o de visitantes em cerca de 40 praias tocantinenses, movimentando aproximadamente R$ 1 bilh\u00e3o, crescimento de 27% em rela\u00e7\u00e3o ao ano anterior. O governo estadual informou ter investido cerca de R$ 30 milh\u00f5es em infraestrutura, seguran\u00e7a, limpeza e programa\u00e7\u00e3o cultural, contemplando 47 munic\u00edpios.<\/p>\n<p>Iniciativas de branding, como a marca \u201cDescubra o Tocantins\u201d, tamb\u00e9m v\u00eam sendo utilizadas para fortalecer a identidade tur\u00edstica do estado, com participa\u00e7\u00e3o em feiras nacionais, incentivo ao turismo sustent\u00e1vel e a\u00e7\u00f5es voltadas \u00e0 qualifica\u00e7\u00e3o de servi\u00e7os.<\/p>\n<p>Avalia\u00e7\u00e3o do governo<\/p>\n<p>A secret\u00e1ria estadual de Turismo, Ana Maria Monteiro, avaliou que o reconhecimento reflete o trabalho cont\u00ednuo de estrutura\u00e7\u00e3o e promo\u00e7\u00e3o do setor. J\u00e1 o governador Wanderlei Barbosa (Republicanos) atribuiu o resultado aos investimentos em infraestrutura, apoio ao empreendedorismo local e fortalecimento do turismo sustent\u00e1vel como vetor de gera\u00e7\u00e3o de emprego e renda.<\/p>\n<p>Com a presen\u00e7a de Palmas e do Jalap\u00e3o no ranking nacional para 2026, o Tocantins consolida sua inser\u00e7\u00e3o nas principais rotas tur\u00edsticas do pa\u00eds e refor\u00e7a a aposta no turismo como estrat\u00e9gia de desenvolvimento econ\u00f4mico e valoriza\u00e7\u00e3o ambiental.<\/p>\n","protected":false},"excerpt":{"rendered":"<p>O Tocantins ampliou sua proje\u00e7\u00e3o no cen\u00e1rio tur\u00edstico nacional ap\u00f3s Palmas e o Jalap\u00e3o integrarem a lista dos 50 lugares para viajar no Brasil em 2026, segundo o Brasil em Mapas. O ranking comp\u00f5e o estudo \u00cdndice de Viagem e Turismo (IVT), que considera indicadores como fluxo de visitantes, conectividade a\u00e9rea e terrestre, visibilidade internacional [&hellip;]<\/p>\n","protected":false},"author":1,"featured_media":16625,"comment_status":"open","ping_status":"closed","sticky":false,"template":"","format":"standard","meta":{"fifu_image_url":"","fifu_image_alt":"","footnotes":""},"categories":[7545],"tags":[4831,53,10407,49,10409,10408],"class_list":["post-16623","post","type-post","status-publish","format-standard","has-post-thumbnail","category-meio-ambiente","tag-jalapao","tag-palmas","tag-ranking-nacional-para-2026","tag-tocantins","tag-turismo-sustentavel","tag-turistico-nacional"],"_links":{"self":[{"href":"https:\/\/balancotocantins.com.br\/index.php?rest_route=\/wp\/v2\/posts\/16623","targetHints":{"allow":["GET"]}}],"collection":[{"href":"https:\/\/balancotocantins.com.br\/index.php?rest_route=\/wp\/v2\/posts"}],"about":[{"href":"https:\/\/balancotocantins.com.br\/index.php?rest_route=\/wp\/v2\/types\/post"}],"author":[{"embeddable":true,"href":"https:\/\/balancotocantins.com.br\/index.php?rest_route=\/wp\/v2\/users\/1"}],"replies":[{"embeddable":true,"href":"https:\/\/balancotocantins.com.br\/index.php?rest_route=%2Fwp%2Fv2%2Fcomments&post=16623"}],"version-history":[{"count":1,"href":"https:\/\/balancotocantins.com.br\/index.php?rest_route=\/wp\/v2\/posts\/16623\/revisions"}],"predecessor-version":[{"id":16624,"href":"https:\/\/balancotocantins.com.br\/index.php?rest_route=\/wp\/v2\/posts\/16623\/revisions\/16624"}],"wp:featuredmedia":[{"embeddable":true,"href":"https:\/\/balancotocantins.com.br\/index.php?rest_route=\/wp\/v2\/media\/16625"}],"wp:attachment":[{"href":"https:\/\/balancotocantins.com.br\/index.php?rest_route=%2Fwp%2Fv2%2Fmedia&parent=16623"}],"wp:term":[{"taxonomy":"category","embeddable":true,"href":"https:\/\/balancotocantins.com.br\/index.php?rest_route=%2Fwp%2Fv2%2Fcategories&post=16623"},{"taxonomy":"post_tag","embeddable":true,"href":"https:\/\/balancotocantins.com.br\/index.php?rest_route=%2Fwp%2Fv2%2Ftags&post=16623"}],"curies":[{"name":"wp","href":"https:\/\/api.w.org\/{rel}","templated":true}]}}