{"id":16630,"date":"2026-03-04T16:24:19","date_gmt":"2026-03-04T19:24:19","guid":{"rendered":"https:\/\/balancotocantins.com.br\/?p=16630"},"modified":"2026-03-04T16:24:25","modified_gmt":"2026-03-04T19:24:25","slug":"apos-video-controverso-sobre-autismo-diretora-de-escola-municipal-em-gurupi-pede-afastamento-e-prefeitura-abre-sindicancia","status":"publish","type":"post","link":"https:\/\/balancotocantins.com.br\/?p=16630","title":{"rendered":"Ap\u00f3s v\u00eddeo controverso sobre autismo, diretora de escola municipal em Gurupi pede afastamento e Prefeitura abre sindic\u00e2ncia"},"content":{"rendered":"<article class=\"text-token-text-primary w-full focus:outline-none [--shadow-height:45px] has-data-writing-block:pointer-events-none has-data-writing-block:-mt-(--shadow-height) has-data-writing-block:pt-(--shadow-height) [&amp;:has([data-writing-block])&gt;*]:pointer-events-auto scroll-mt-(--header-height)\" dir=\"auto\" tabindex=\"-1\" data-turn-id=\"4d835643-bb67-4c7f-887f-fc5c87e5c9f7\" data-testid=\"conversation-turn-1\" data-scroll-anchor=\"false\" data-turn=\"user\"><\/article>\n<article class=\"text-token-text-primary w-full focus:outline-none [--shadow-height:45px] has-data-writing-block:pointer-events-none has-data-writing-block:-mt-(--shadow-height) has-data-writing-block:pt-(--shadow-height) [&amp;:has([data-writing-block])&gt;*]:pointer-events-auto scroll-mt-[calc(var(--header-height)+min(200px,max(70px,20svh)))]\" dir=\"auto\" tabindex=\"-1\" data-turn-id=\"request-WEB:680ae7b5-9b75-4597-804a-3f339afa0058-0\" data-testid=\"conversation-turn-2\" data-scroll-anchor=\"true\" data-turn=\"assistant\">\n<div class=\"text-base my-auto mx-auto pb-10 [--thread-content-margin:--spacing(4)] @w-sm\/main:[--thread-content-margin:--spacing(6)] @w-lg\/main:[--thread-content-margin:--spacing(16)] px-(--thread-content-margin)\">\n<div class=\"[--thread-content-max-width:40rem] @w-lg\/main:[--thread-content-max-width:48rem] mx-auto max-w-(--thread-content-max-width) flex-1 group\/turn-messages focus-visible:outline-hidden relative flex w-full min-w-0 flex-col agent-turn\" tabindex=\"-1\">\n<div class=\"flex max-w-full flex-col grow\">\n<div class=\"min-h-8 text-message relative flex w-full flex-col items-end gap-2 text-start break-words whitespace-normal [.text-message+&amp;]:mt-1\" dir=\"auto\" data-message-author-role=\"assistant\" data-message-id=\"a6b27960-3dfd-4a32-9f97-409eff19a570\" data-message-model-slug=\"gpt-5-2\">\n<div class=\"flex w-full flex-col gap-1 empty:hidden first:pt-[1px]\">\n<div class=\"markdown prose dark:prose-invert w-full wrap-break-word dark markdown-new-styling\">\n<p data-start=\"128\" data-end=\"544\">A diretora da Escola Municipal Odair L\u00facio, em <span class=\"hover:entity-accent entity-underline inline cursor-pointer align-baseline\"><span class=\"whitespace-normal\">Gurupi<\/span><\/span>, Carla Martins de Barros, solicitou afastamento volunt\u00e1rio do cargo ap\u00f3s a repercuss\u00e3o de declara\u00e7\u00f5es feitas em v\u00eddeo publicado nas redes sociais sobre crian\u00e7as com Transtorno do Espectro Autista (TEA). A informa\u00e7\u00e3o foi confirmada pela Secretaria Municipal de Educa\u00e7\u00e3o, que instaurou procedimento de sindic\u00e2ncia para apurar o caso.<\/p>\n<p data-start=\"546\" data-end=\"718\">Conforme dados do Portal da Transpar\u00eancia, a servidora \u00e9 efetiva do munic\u00edpio desde 2018 e ocupa o cargo com jornada de 40 horas semanais, recebendo sal\u00e1rio de R$ 9.612,80.<\/p>\n<p data-start=\"720\" data-end=\"1201\">No v\u00eddeo divulgado na ter\u00e7a-feira, 3, a ent\u00e3o gestora classificou o transtorno como \u201cda moda\u201d e afirmou que todas as crian\u00e7as devem receber o mesmo tipo de tratamento. Durante a grava\u00e7\u00e3o, relatou questionamentos que recebe sobre n\u00e3o compreender a agressividade de crian\u00e7as com o transtorno. \u201cN\u00e3o \u00e9 que eu n\u00e3o entenda, mas limite todo ser humano precisa ter. Eu n\u00e3o saio da minha casa para apanhar e n\u00e3o permito que ningu\u00e9m que esteja ao meu lado passe por essa situa\u00e7\u00e3o\u201d, declarou.<\/p>\n<p data-start=\"1203\" data-end=\"1530\">Em outro trecho, ao abordar a condu\u00e7\u00e3o da escola e a responsabilidade dos respons\u00e1veis, afirmou: \u201cVoc\u00ea que cuida do seu \u2018alecrim dourado\u2019, que d\u00ea limite a ele. Voc\u00ea que cuide, assim como todos n\u00f3s cuidamos das crian\u00e7as t\u00edpicas. T\u00edpica ou n\u00e3o, n\u00e3o interessa. O ser humano nasceu para ser treinado e ele tem condi\u00e7\u00f5es perfeitas\u201d.<\/p>\n<p data-start=\"1532\" data-end=\"1733\">As declara\u00e7\u00f5es geraram repercuss\u00e3o nas redes sociais e entre membros da comunidade escolar, especialmente por envolverem tema sens\u00edvel relacionado \u00e0 inclus\u00e3o e ao atendimento educacional especializado.<\/p>\n<p data-start=\"1735\" data-end=\"2131\">Em nota oficial, a Secretaria Municipal de Educa\u00e7\u00e3o informou que, desde que o caso ganhou visibilidade, a prefeita <span class=\"hover:entity-accent entity-underline inline cursor-pointer align-baseline\"><span class=\"whitespace-normal\">Josi Nunes<\/span><\/span> determinou o acompanhamento da situa\u00e7\u00e3o com a ado\u00e7\u00e3o das medidas legais cab\u00edveis. A <span class=\"hover:entity-accent entity-underline inline cursor-pointer align-baseline\"><span class=\"whitespace-normal\">Procuradoria-Geral do Munic\u00edpio de Gurupi<\/span><\/span> foi acionada para instaurar sindic\u00e2ncia, com o objetivo de apurar os fatos e eventuais responsabilidades administrativas.<\/p>\n<p data-start=\"2133\" data-end=\"2360\">Segundo a pasta, a diretora solicitou o afastamento volunt\u00e1rio de suas fun\u00e7\u00f5es para que a apura\u00e7\u00e3o ocorra com isen\u00e7\u00e3o. Ela tamb\u00e9m se colocou \u00e0 disposi\u00e7\u00e3o das autoridades para prestar esclarecimentos no decorrer do procedimento.<\/p>\n<p data-start=\"2362\" data-end=\"2488\" data-is-last-node=\"\" data-is-only-node=\"\">A Prefeitura n\u00e3o informou prazo para conclus\u00e3o da sindic\u00e2ncia. O espa\u00e7o segue aberto para manifesta\u00e7\u00f5es das partes envolvidas.<\/p>\n<p data-start=\"2362\" data-end=\"2488\" data-is-last-node=\"\" data-is-only-node=\"\">A prefeita Josi Nunes (UB) fez quest\u00e3o de ir as redes socias e gravou um v\u00eddeo sobre o tema. Ap\u00f3s destacar todas as a\u00e7\u00f5es de atendimento e acolhimento \u00e0s pessoas com Transtorno do Espectro Autista (TEA) no munic\u00edpio, a gestora anunciou procedimento para investigar responsabilidades. \u201cSomos defensores e parceiros da causa autista. Reafirmo que em nossa gest\u00e3o. N\u00e3o compactuamos com nenhum fato que viole direitos da pessoa. Desde que tomei conhecimento do ocorrido, determinei a apura\u00e7\u00e3o imediata dos fatos. Vamos conversar com todos os envolvidos, analisar com responsabilidade e tomar todas as medidas cab\u00edveis e legais que o caso exige\u201d, afirmou.<\/p>\n<p data-start=\"2362\" data-end=\"2488\" data-is-last-node=\"\" data-is-only-node=\"\">A C\u00e2mara de Gurupi emitiu nota para refor\u00e7ar que n\u00e3o compactua com qualquer manifesta\u00e7\u00e3o que possa ser interpretada como incentivo \u00e0 viol\u00eancia ou revide contra crian\u00e7as, inclusive aquelas diagnosticadas com Transtorno do Espectro Autista (TEA). \u201cA solu\u00e7\u00e3o para situa\u00e7\u00f5es de conflito no ambiente escolar jamais pode ser a viol\u00eancia, mas sim o di\u00e1logo, a capacita\u00e7\u00e3o profissional, o acompanhamento especializado e o suporte institucional adequado. Esta Casa de Leis tem defendido de forma cont\u00ednua e respons\u00e1vel a pauta da inclus\u00e3o, da educa\u00e7\u00e3o especial e da prote\u00e7\u00e3o \u00e0s crian\u00e7as at\u00edpicas\u201d, afirmou em nota.<\/p>\n<\/div>\n<\/div>\n<\/div>\n<\/div>\n<\/div>\n<\/div>\n<\/article>\n","protected":false},"excerpt":{"rendered":"<p>A diretora da Escola Municipal Odair L\u00facio, em Gurupi, Carla Martins de Barros, solicitou afastamento volunt\u00e1rio do cargo ap\u00f3s a repercuss\u00e3o de declara\u00e7\u00f5es feitas em v\u00eddeo publicado nas redes sociais sobre crian\u00e7as com Transtorno do Espectro Autista (TEA). A informa\u00e7\u00e3o foi confirmada pela Secretaria Municipal de Educa\u00e7\u00e3o, que instaurou procedimento de sindic\u00e2ncia para apurar o [&hellip;]<\/p>\n","protected":false},"author":1,"featured_media":16632,"comment_status":"open","ping_status":"closed","sticky":false,"template":"","format":"standard","meta":{"fifu_image_url":"","fifu_image_alt":"","footnotes":""},"categories":[4737],"tags":[1043,10414,10413,1182,1021,10412],"class_list":{"0":"post-16630","1":"post","2":"type-post","3":"status-publish","4":"format-standard","5":"has-post-thumbnail","7":"category-educacao","8":"tag-capa","9":"tag-carla-martins-de-barros","10":"tag-diretora-de-escola-municipal","11":"tag-educacao","12":"tag-gurupi","13":"tag-transtorno-do-espectro-autista-tea"},"_links":{"self":[{"href":"https:\/\/balancotocantins.com.br\/index.php?rest_route=\/wp\/v2\/posts\/16630","targetHints":{"allow":["GET"]}}],"collection":[{"href":"https:\/\/balancotocantins.com.br\/index.php?rest_route=\/wp\/v2\/posts"}],"about":[{"href":"https:\/\/balancotocantins.com.br\/index.php?rest_route=\/wp\/v2\/types\/post"}],"author":[{"embeddable":true,"href":"https:\/\/balancotocantins.com.br\/index.php?rest_route=\/wp\/v2\/users\/1"}],"replies":[{"embeddable":true,"href":"https:\/\/balancotocantins.com.br\/index.php?rest_route=%2Fwp%2Fv2%2Fcomments&post=16630"}],"version-history":[{"count":1,"href":"https:\/\/balancotocantins.com.br\/index.php?rest_route=\/wp\/v2\/posts\/16630\/revisions"}],"predecessor-version":[{"id":16631,"href":"https:\/\/balancotocantins.com.br\/index.php?rest_route=\/wp\/v2\/posts\/16630\/revisions\/16631"}],"wp:featuredmedia":[{"embeddable":true,"href":"https:\/\/balancotocantins.com.br\/index.php?rest_route=\/wp\/v2\/media\/16632"}],"wp:attachment":[{"href":"https:\/\/balancotocantins.com.br\/index.php?rest_route=%2Fwp%2Fv2%2Fmedia&parent=16630"}],"wp:term":[{"taxonomy":"category","embeddable":true,"href":"https:\/\/balancotocantins.com.br\/index.php?rest_route=%2Fwp%2Fv2%2Fcategories&post=16630"},{"taxonomy":"post_tag","embeddable":true,"href":"https:\/\/balancotocantins.com.br\/index.php?rest_route=%2Fwp%2Fv2%2Ftags&post=16630"}],"curies":[{"name":"wp","href":"https:\/\/api.w.org\/{rel}","templated":true}]}}