{"id":16642,"date":"2026-03-16T16:03:34","date_gmt":"2026-03-16T19:03:34","guid":{"rendered":"https:\/\/balancotocantins.com.br\/?p=16642"},"modified":"2026-03-16T16:03:38","modified_gmt":"2026-03-16T19:03:38","slug":"elevacao-repentina-de-corrego-mobiliza-forca-tarefa-da-prefeitura-de-gurupi-para-investigar-causas-e-socorrer-moradores","status":"publish","type":"post","link":"https:\/\/balancotocantins.com.br\/?p=16642","title":{"rendered":"Eleva\u00e7\u00e3o repentina de c\u00f3rrego mobiliza for\u00e7a-tarefa da Prefeitura de Gurupi para investigar causas e socorrer moradores"},"content":{"rendered":"<p>A Prefeitura de Gurupi mobilizou uma for\u00e7a-tarefa envolvendo diversas secretarias municipais para acompanhar e apurar as causas da eleva\u00e7\u00e3o repentina do n\u00edvel do C\u00f3rrego Pouso do Meio, registrada na tarde da \u00faltima quinta-feira (12). As a\u00e7\u00f5es integram monitoramento ambiental, atendimento social \u00e0s fam\u00edlias atingidas e servi\u00e7os de limpeza e recupera\u00e7\u00e3o das \u00e1reas afetadas.<\/p>\n<p>Participam da opera\u00e7\u00e3o equipes das secretarias municipais de Meio Ambiente, Assist\u00eancia Social, Infraestrutura e da Ag\u00eancia Municipal de Tr\u00e2nsito, com apoio t\u00e9cnico do Instituto Natureza do Tocantins (Naturatins). Os trabalhos foram retomados com o objetivo de identificar a origem do fen\u00f4meno, prestar assist\u00eancia \u00e0 popula\u00e7\u00e3o impactada e restaurar as condi\u00e7\u00f5es das \u00e1reas atingidas.<\/p>\n<p><strong>Investiga\u00e7\u00e3o ambiental busca identificar poss\u00edvel rompimento de barramento<\/strong><\/p>\n<p>A Secretaria Municipal de Meio Ambiente iniciou imediatamente a apura\u00e7\u00e3o t\u00e9cnica para identificar as causas do aumento s\u00fabito no n\u00edvel do c\u00f3rrego. Equipes de fiscaliza\u00e7\u00e3o ambiental realizam vistorias na regi\u00e3o, analisando especialmente a possibilidade de exist\u00eancia de barramentos que possam ter sido rompidos.<\/p>\n<p>Segundo o secret\u00e1rio municipal de Meio Ambiente, Diego Rocha, o comportamento do curso d\u2019\u00e1gua chamou a aten\u00e7\u00e3o das equipes t\u00e9cnicas.<\/p>\n<p>\u201cObservamos um aumento s\u00fabito do n\u00edvel do c\u00f3rrego muitas horas depois da chuva mais intensa. Ao meio-dia o n\u00edvel j\u00e1 estava baixando, mas por volta das tr\u00eas da tarde houve uma eleva\u00e7\u00e3o r\u00e1pida e inesperada. Tudo indica que pode ter ocorrido o rompimento de um ou mais barramentos, e nossa equipe est\u00e1 em campo para identificar essa situa\u00e7\u00e3o\u201d, explicou.<\/p>\n<p>Ele destacou ainda que a atua\u00e7\u00e3o do munic\u00edpio ocorre de forma integrada. \u201cEnquanto a fiscaliza\u00e7\u00e3o ambiental verifica a poss\u00edvel origem desse aumento repentino, outras equipes da Prefeitura atuam no atendimento \u00e0s fam\u00edlias e na recupera\u00e7\u00e3o das \u00e1reas atingidas.\u201d<\/p>\n<p><strong>Assist\u00eancia Social realiza levantamento dos preju\u00edzos<\/strong><\/p>\n<p>Paralelamente \u00e0 investiga\u00e7\u00e3o ambiental, a Secretaria Municipal de Assist\u00eancia Social iniciou um levantamento detalhado para identificar os impactos nas resid\u00eancias e nas fam\u00edlias que vivem nas \u00e1reas afetadas.<\/p>\n<p>De acordo com o secret\u00e1rio da pasta, Darcy Fonseca, o objetivo \u00e9 mapear os preju\u00edzos e avaliar as necessidades emergenciais da popula\u00e7\u00e3o.<\/p>\n<p>\u201cEstamos realizando um levantamento social para entender o impacto causado nas fam\u00edlias. As equipes est\u00e3o visitando as casas, verificando poss\u00edveis perdas e preju\u00edzos e registrando a situa\u00e7\u00e3o de cada resid\u00eancia. A partir dessas informa\u00e7\u00f5es, levaremos o diagn\u00f3stico \u00e0 prefeita para avaliar a concess\u00e3o de benef\u00edcios eventuais, conforme a necessidade de cada caso\u201d, afirmou.<\/p>\n<p>Ele acrescentou que equipes dos Centros de Refer\u00eancia de Assist\u00eancia Social (CRAS) j\u00e1 possuem o mapeamento da regi\u00e3o e seguem percorrendo os bairros para garantir que todas as fam\u00edlias atingidas sejam atendidas.<\/p>\n<p><strong>Infraestrutura atua na limpeza e recupera\u00e7\u00e3o das vias<\/strong><\/p>\n<p>Equipes da Secretaria Municipal de Infraestrutura tamb\u00e9m est\u00e3o mobilizadas na regi\u00e3o com servi\u00e7os de limpeza urbana e manuten\u00e7\u00e3o das vias afetadas.<\/p>\n<p>A secret\u00e1ria Juliana Passarin informou que os trabalhos incluem retirada de lama e res\u00edduos, al\u00e9m da recupera\u00e7\u00e3o das condi\u00e7\u00f5es de tr\u00e1fego nas ruas impactadas.<\/p>\n<p>\u201cNossas equipes est\u00e3o no local realizando a limpeza das \u00e1reas atingidas, retirando lama e res\u00edduos e trabalhando para restabelecer as condi\u00e7\u00f5es das vias e garantir mais seguran\u00e7a aos moradores. Esse \u00e9 um trabalho essencial neste momento para ajudar na recupera\u00e7\u00e3o da regi\u00e3o\u201d, destacou.<\/p>\n<p><strong>Naturatins auxilia na identifica\u00e7\u00e3o da origem do problema<\/strong><\/p>\n<p>O Instituto Natureza do Tocantins tamb\u00e9m foi acionado para apoiar o munic\u00edpio nas investiga\u00e7\u00f5es sobre a poss\u00edvel origem da eleva\u00e7\u00e3o do n\u00edvel do c\u00f3rrego.<\/p>\n<p>De acordo com o inspetor de recursos naturais Diogo Vieira Castro, o \u00f3rg\u00e3o atua em conjunto com as equipes municipais para localizar o ponto onde pode ter ocorrido algum rompimento.<\/p>\n<p>\u201cFomos acionados para auxiliar o munic\u00edpio na identifica\u00e7\u00e3o desse poss\u00edvel rompimento. Ainda n\u00e3o sabemos exatamente o local ou se essa informa\u00e7\u00e3o procede, mas os ind\u00edcios apontam para essa possibilidade. Estamos em campo com as equipes para tentar localizar a origem e tomar as medidas cab\u00edveis\u201d, explicou.<\/p>\n<p><strong>Bairros afetados<\/strong><\/p>\n<p>O aumento repentino do n\u00edvel do C\u00f3rrego Pouso do Meio surpreendeu moradores de alguns bairros de Gurupi, mesmo ap\u00f3s o per\u00edodo mais intenso de chuvas j\u00e1 ter cessado pela manh\u00e3.<\/p>\n<p>As \u00e1reas com maior impacto foram registradas nos bairros Jardim Tocantins, Jardim Cana\u00e3 e Parque Residencial dos Cajueiros, onde equipes da Prefeitura continuam monitorando a situa\u00e7\u00e3o e prestando assist\u00eancia aos moradores.<\/p>\n<p>A administra\u00e7\u00e3o municipal informou que seguir\u00e1 acompanhando o caso e manter\u00e1 as equipes mobilizadas at\u00e9 que as causas do ocorrido sejam identificadas e todas as fam\u00edlias afetadas recebam o suporte necess\u00e1rio.<\/p>\n<p>Em situa\u00e7\u00f5es de emerg\u00eancia, moradores podem acionar a Defesa Civil pelo telefone (63) 3301-4338.<\/p>\n<p>&nbsp;<\/p>\n","protected":false},"excerpt":{"rendered":"<p>A Prefeitura de Gurupi mobilizou uma for\u00e7a-tarefa envolvendo diversas secretarias municipais para acompanhar e apurar as causas da eleva\u00e7\u00e3o repentina do n\u00edvel do C\u00f3rrego Pouso do Meio, registrada na tarde da \u00faltima quinta-feira (12). As a\u00e7\u00f5es integram monitoramento ambiental, atendimento social \u00e0s fam\u00edlias atingidas e servi\u00e7os de limpeza e recupera\u00e7\u00e3o das \u00e1reas afetadas. Participam da [&hellip;]<\/p>\n","protected":false},"author":1,"featured_media":16644,"comment_status":"open","ping_status":"closed","sticky":false,"template":"","format":"standard","meta":{"fifu_image_url":"","fifu_image_alt":"","footnotes":""},"categories":[7545],"tags":[8935,10417,7799,10398,2078],"class_list":["post-16642","post","type-post","status-publish","format-standard","has-post-thumbnail","category-meio-ambiente","tag-capa1","tag-corrego-pouso-do-meio","tag-defesa-civil","tag-fortes-chuvas","tag-meio-ambiente"],"_links":{"self":[{"href":"https:\/\/balancotocantins.com.br\/index.php?rest_route=\/wp\/v2\/posts\/16642","targetHints":{"allow":["GET"]}}],"collection":[{"href":"https:\/\/balancotocantins.com.br\/index.php?rest_route=\/wp\/v2\/posts"}],"about":[{"href":"https:\/\/balancotocantins.com.br\/index.php?rest_route=\/wp\/v2\/types\/post"}],"author":[{"embeddable":true,"href":"https:\/\/balancotocantins.com.br\/index.php?rest_route=\/wp\/v2\/users\/1"}],"replies":[{"embeddable":true,"href":"https:\/\/balancotocantins.com.br\/index.php?rest_route=%2Fwp%2Fv2%2Fcomments&post=16642"}],"version-history":[{"count":1,"href":"https:\/\/balancotocantins.com.br\/index.php?rest_route=\/wp\/v2\/posts\/16642\/revisions"}],"predecessor-version":[{"id":16643,"href":"https:\/\/balancotocantins.com.br\/index.php?rest_route=\/wp\/v2\/posts\/16642\/revisions\/16643"}],"wp:featuredmedia":[{"embeddable":true,"href":"https:\/\/balancotocantins.com.br\/index.php?rest_route=\/wp\/v2\/media\/16644"}],"wp:attachment":[{"href":"https:\/\/balancotocantins.com.br\/index.php?rest_route=%2Fwp%2Fv2%2Fmedia&parent=16642"}],"wp:term":[{"taxonomy":"category","embeddable":true,"href":"https:\/\/balancotocantins.com.br\/index.php?rest_route=%2Fwp%2Fv2%2Fcategories&post=16642"},{"taxonomy":"post_tag","embeddable":true,"href":"https:\/\/balancotocantins.com.br\/index.php?rest_route=%2Fwp%2Fv2%2Ftags&post=16642"}],"curies":[{"name":"wp","href":"https:\/\/api.w.org\/{rel}","templated":true}]}}