{"id":16651,"date":"2026-03-16T16:21:27","date_gmt":"2026-03-16T19:21:27","guid":{"rendered":"https:\/\/balancotocantins.com.br\/?p=16651"},"modified":"2026-03-16T16:21:50","modified_gmt":"2026-03-16T19:21:50","slug":"gurupi-reforca-atendimento-de-urgencia-com-nova-ambulancia-avancada-e-uniformes-para-equipes-do-samu","status":"publish","type":"post","link":"https:\/\/balancotocantins.com.br\/?p=16651","title":{"rendered":"Gurupi refor\u00e7a atendimento de urg\u00eancia com nova ambul\u00e2ncia avan\u00e7ada e uniformes para equipes do SAMU"},"content":{"rendered":"<p>A Prefeitura de Gurupi realizou, na manh\u00e3 desta segunda-feira (16), a entrega de uma nova ambul\u00e2ncia de <strong>Unidade de Suporte Avan\u00e7ado (USA)<\/strong> para o Servi\u00e7o de Atendimento M\u00f3vel de Urg\u00eancia (SAMU). O ve\u00edculo foi adquirido com recursos pr\u00f3prios do munic\u00edpio, no valor de <strong>R$ 355 mil<\/strong>, e passa a integrar a estrutura de atendimento de urg\u00eancia e emerg\u00eancia da cidade, substituindo uma ambul\u00e2ncia que era locada.<\/p>\n<p><img loading=\"lazy\" loading=\"lazy\" decoding=\"async\" class=\"alignnone size-medium wp-image-3900\" src=\"https:\/\/balancotocantins.com.br\/wp-content\/uploads\/2026\/03\/WhatsApp-Image-2026-03-16-at-10.24.45-1.jpeg\" alt=\"\" width=\"300\" height=\"200\" \/><\/p>\n<p>A entrega ocorreu na sede da Secretaria Municipal de Sa\u00fade e contou com a presen\u00e7a da prefeita Josi Nunes, da secret\u00e1ria municipal de Sa\u00fade, Luana Nunes, do vice-prefeito Adailton Fonseca, al\u00e9m dos vereadores Matheus Monteiro e Leda Perini, servidores da \u00e1rea da sa\u00fade e profissionais do SAMU.<\/p>\n<p><img loading=\"lazy\" loading=\"lazy\" decoding=\"async\" class=\"alignnone size-medium wp-image-3899\" src=\"https:\/\/balancotocantins.com.br\/wp-content\/uploads\/2026\/03\/WhatsApp-Image-2026-03-16-at-10.24.50-2-300x202.jpeg\" alt=\"\" width=\"300\" height=\"202\" \/><\/p>\n<p>Durante a solenidade, tamb\u00e9m foram entregues <strong>novos uniformes para as equipes do servi\u00e7o<\/strong>, medida que busca melhorar as condi\u00e7\u00f5es de trabalho e refor\u00e7ar a identifica\u00e7\u00e3o dos profissionais que atuam diariamente no atendimento \u00e0 popula\u00e7\u00e3o.<\/p>\n<p><strong>Refor\u00e7o na estrutura de atendimento<\/strong><\/p>\n<p>O coordenador do SAMU em Gurupi, o m\u00e9dico Kadafe C\u00e9sar Ciel, destacou que os investimentos representam um avan\u00e7o importante para o fortalecimento do servi\u00e7o e valoriza\u00e7\u00e3o das equipes.<\/p>\n<p>\u201cQuero dizer, em nome de toda a nossa equipe, a satisfa\u00e7\u00e3o de contar com esse apoio. Essas entregas demonstram o cuidado com o servi\u00e7o e com os profissionais que est\u00e3o diariamente atendendo a popula\u00e7\u00e3o. Aproveito tamb\u00e9m para agradecer a nossa equipe, que faz um trabalho excelente e enfrenta diariamente os desafios do atendimento de urg\u00eancia com muita dedica\u00e7\u00e3o\u201d, afirmou.<\/p>\n<p><strong>Aquisi\u00e7\u00e3o com recursos pr\u00f3prios<\/strong><\/p>\n<p>A secret\u00e1ria municipal de Sa\u00fade, Luana Nunes, ressaltou que a compra da ambul\u00e2ncia foi resultado de um esfor\u00e7o da gest\u00e3o municipal para superar obst\u00e1culos administrativos enfrentados durante o processo.<\/p>\n<p>\u201cEssa \u00e9 uma conquista muito importante para a sa\u00fade de Gurupi. J\u00e1 havia algum tempo que busc\u00e1vamos adquirir essa ambul\u00e2ncia, mas enfrentamos alguns desafios no caminho, inclusive com a perda de um recurso que inicialmente seria destinado para essa finalidade. Mesmo diante dessas dificuldades e de toda a burocracia que envolve os processos p\u00fablicos, a gest\u00e3o n\u00e3o desistiu e buscou alternativas para garantir essa aquisi\u00e7\u00e3o. Hoje temos a satisfa\u00e7\u00e3o de entregar essa ambul\u00e2ncia, adquirida com recursos pr\u00f3prios do munic\u00edpio\u201d, destacou.<\/p>\n<p><img loading=\"lazy\" loading=\"lazy\" decoding=\"async\" class=\"alignnone size-medium wp-image-3901\" src=\"https:\/\/balancotocantins.com.br\/wp-content\/uploads\/2026\/03\/WhatsApp-Image-2026-03-16-at-10.24.45-300x200.jpeg\" alt=\"\" width=\"300\" height=\"200\" \/><\/p>\n<p>O vereador Matheus Monteiro tamb\u00e9m parabenizou a administra\u00e7\u00e3o municipal e os profissionais da \u00e1rea da sa\u00fade pelo trabalho desenvolvido no munic\u00edpio.<\/p>\n<p>\u201cQuero parabenizar a Secretaria de Sa\u00fade e toda a equipe pelo excelente trabalho que vem sendo desenvolvido no munic\u00edpio\u201d, afirmou.<\/p>\n<p><strong>Reconhecimento ao trabalho da rede de sa\u00fade<\/strong><\/p>\n<p>Durante o evento, a prefeita Josi Nunes destacou o papel dos profissionais da rede municipal de sa\u00fade e ressaltou que os avan\u00e7os na estrutura do sistema p\u00fablico dependem do empenho coletivo.<\/p>\n<p>\u201cEssas conquistas s\u00f3 s\u00e3o poss\u00edveis gra\u00e7as ao trabalho de muitas pessoas. A gest\u00e3o existe porque temos uma grande rede de profissionais comprometidos com a cidade. Cada servidor tem sua hist\u00f3ria de dedica\u00e7\u00e3o e entrega. \u00c9 isso que faz Gurupi avan\u00e7ar e melhorar cada dia mais\u201d, disse.<\/p>\n<p><strong>Projeto prev\u00ea nova sede do SAMU<\/strong><\/p>\n<p>Na ocasi\u00e3o, a prefeita tamb\u00e9m mencionou o projeto de constru\u00e7\u00e3o de uma <strong>nova sede para o SAMU em Gurupi<\/strong>. O futuro pr\u00e9dio dever\u00e1 ser constru\u00eddo em uma \u00e1rea onde funcionava a antiga Diretoria Regional de Ensino, nas proximidades da BR, localiza\u00e7\u00e3o considerada estrat\u00e9gica para facilitar o deslocamento das equipes nas ocorr\u00eancias.<\/p>\n<p>Segundo a gestora, a expectativa \u00e9 concluir a obra ainda durante o atual mandato.<\/p>\n<p>\u201c\u00c9 uma \u00e1rea muito boa, pr\u00f3xima da BR, o que facilita o deslocamento das equipes. Sabemos que o projeto est\u00e1 em andamento e nossa expectativa \u00e9 entregar o pr\u00e9dio do SAMU ainda neste mandato\u201d, afirmou.<\/p>\n<p>Com a nova ambul\u00e2ncia e os equipamentos entregues, a administra\u00e7\u00e3o municipal busca ampliar a capacidade de resposta do atendimento de urg\u00eancia no munic\u00edpio, fortalecendo a estrutura do Servi\u00e7o de Atendimento M\u00f3vel de Urg\u00eancia e garantindo maior agilidade no socorro \u00e0 popula\u00e7\u00e3o.<\/p>\n","protected":false},"excerpt":{"rendered":"<p>A Prefeitura de Gurupi realizou, na manh\u00e3 desta segunda-feira (16), a entrega de uma nova ambul\u00e2ncia de Unidade de Suporte Avan\u00e7ado (USA) para o Servi\u00e7o de Atendimento M\u00f3vel de Urg\u00eancia (SAMU). O ve\u00edculo foi adquirido com recursos pr\u00f3prios do munic\u00edpio, no valor de R$ 355 mil, e passa a integrar a estrutura de atendimento de [&hellip;]<\/p>\n","protected":false},"author":1,"featured_media":16653,"comment_status":"open","ping_status":"closed","sticky":false,"template":"","format":"standard","meta":{"fifu_image_url":"","fifu_image_alt":"","footnotes":""},"categories":[346],"tags":[10421,1043,10423,8770,10422,80],"class_list":{"0":"post-16651","1":"post","2":"type-post","3":"status-publish","4":"format-standard","5":"has-post-thumbnail","7":"category-saude","8":"tag-atendimento-de-urgencia","9":"tag-capa","10":"tag-equipes-do-samu","11":"tag-gurupi-to","12":"tag-nova-ambulancia-avancada","13":"tag-saude"},"_links":{"self":[{"href":"https:\/\/balancotocantins.com.br\/index.php?rest_route=\/wp\/v2\/posts\/16651","targetHints":{"allow":["GET"]}}],"collection":[{"href":"https:\/\/balancotocantins.com.br\/index.php?rest_route=\/wp\/v2\/posts"}],"about":[{"href":"https:\/\/balancotocantins.com.br\/index.php?rest_route=\/wp\/v2\/types\/post"}],"author":[{"embeddable":true,"href":"https:\/\/balancotocantins.com.br\/index.php?rest_route=\/wp\/v2\/users\/1"}],"replies":[{"embeddable":true,"href":"https:\/\/balancotocantins.com.br\/index.php?rest_route=%2Fwp%2Fv2%2Fcomments&post=16651"}],"version-history":[{"count":1,"href":"https:\/\/balancotocantins.com.br\/index.php?rest_route=\/wp\/v2\/posts\/16651\/revisions"}],"predecessor-version":[{"id":16652,"href":"https:\/\/balancotocantins.com.br\/index.php?rest_route=\/wp\/v2\/posts\/16651\/revisions\/16652"}],"wp:featuredmedia":[{"embeddable":true,"href":"https:\/\/balancotocantins.com.br\/index.php?rest_route=\/wp\/v2\/media\/16653"}],"wp:attachment":[{"href":"https:\/\/balancotocantins.com.br\/index.php?rest_route=%2Fwp%2Fv2%2Fmedia&parent=16651"}],"wp:term":[{"taxonomy":"category","embeddable":true,"href":"https:\/\/balancotocantins.com.br\/index.php?rest_route=%2Fwp%2Fv2%2Fcategories&post=16651"},{"taxonomy":"post_tag","embeddable":true,"href":"https:\/\/balancotocantins.com.br\/index.php?rest_route=%2Fwp%2Fv2%2Ftags&post=16651"}],"curies":[{"name":"wp","href":"https:\/\/api.w.org\/{rel}","templated":true}]}}